{"id":98879,"date":"2026-01-09T06:08:09","date_gmt":"2026-01-09T06:08:09","guid":{"rendered":"https:\/\/www.europesays.com\/lv\/98879\/"},"modified":"2026-01-09T06:08:09","modified_gmt":"2026-01-09T06:08:09","slug":"irana-ierobezo-piekluvi-internetam-tvnet","status":"publish","type":"post","link":"https:\/\/www.europesays.com\/lv\/98879\/","title":{"rendered":"Ir\u0101na ierobe\u017eo piek\u013cuvi internetam &#8211; TVNET"},"content":{"rendered":"<ol>\n<li><a href=\"https:\/\/news.google.com\/rss\/articles\/CBMicEFVX3lxTE83ZnJIbHg0VlR1X2NfWmlodlZ5N016RU5wTnpIT1dfbnBfYndvQVUxazVGSnJ3dFhQY2Y1ZWtXbk1GVk5lZHFELWp5SjQtYXFnY0JUdWNkanRrYy03Xy1pS0ZyQVZveF94Nk5fanJSajc?oc=5\" target=\"_blank\" rel=\"nofollow noopener\">Ir\u0101na ierobe\u017eo piek\u013cuvi internetam<\/a>&nbsp;&nbsp;TVNET<\/li>\n<li><a href=\"https:\/\/news.google.com\/rss\/articles\/CBMijgJBVV95cUxNSEVEeTZMNDRLQ1RldTE1MXhYY1VMTk5BY0V4TFdURXBoalFlQVdTTWQxUXNIcmw0S2g4WE41M0h5LTFMUzZMTnIzUktBSTd0b2VGcjZOU1JfclRpRFloT3B6bkRKNXZNRU84RnhjeFFBb1RxcEdBZkxCcWhTZFJlcHl5c25vTjhtekdtUjdPUXRoTmZLQVVoQV91RFh5U0tYMkMyWk5odHd3UEhPbmZwQTNaRzIzVHJ3WC13bk1UOVpCMkhwMzhsTmY2Y3FNT3lFdTJjcHZVN3YxSk5mWTI4UG15WEJxTjVxdEhRdG9ybThMOXRKTW9VdExINVk0bTNVbEswTWdPMTBBV0IyaWc?oc=5\" target=\"_blank\" rel=\"nofollow noopener\">Trimd\u0101 eso\u0161\u0101s Ir\u0101nas opoz\u012bcijas grupas mudina turpin\u0101t protestus un uzs\u0101kt streikus; valst\u012b ierobe\u017eota piek\u013cuve internetam<\/a>&nbsp;&nbsp;LSM<\/li>\n<li><a href=\"https:\/\/news.google.com\/rss\/articles\/CBMimgFBVV95cUxPLWxZSFlCLUp5aFFDQlJESU45RFlYNExDRTFFT0MtbC1zUWVhMnNSR2lpTXRsNEtOUWpFVXB6VERLeDR6OGU3SW1BUl9DT251ZVpwcFBJWmxUXzlzaEF6X0NSQUtacXRrdk1PaWU0dWhncWxXZW9BaVNYYzBSZUpZSFNXakhseUR6Z3g4aW4tYXEyekE3U0wwWHpn?oc=5\" target=\"_blank\" rel=\"nofollow noopener\">Plosoties protestiem, Ir\u0101na ierobe\u017eo piek\u013cuvi internetam<\/a>&nbsp;&nbsp;Jauns.lv<\/li>\n<li><a href=\"https:\/\/news.google.com\/rss\/articles\/CBMiiAFBVV95cUxNc0V5LTl2OFZMTUJxeFc5ejhiWmtIVnZ6OG9kNHh5TDhvRnkxSkJEd2MtRS1tLVlLV25OSlNsQUIybWhLanJnUGlVWWc5Y0pNdkx0Z0FreW9VWXRaZkFuVDJJLVdDMGlmQk5TQkJkTVlNcjh2VTN2UHJ4NVljZXpPMnNiczdrMjRa?oc=5\" target=\"_blank\" rel=\"nofollow noopener\">Protestos Ir\u0101n\u0101 liels skaits boj\u0101g\u0101ju\u0161o un aiztur\u0113to<\/a>&nbsp;&nbsp;TVNET<\/li>\n<li><a href=\"https:\/\/news.google.com\/rss\/articles\/CBMihwFBVV95cUxQMXUxMko2QTVfMWVaekRMQzNIeXgwTFB1MUxYOER4a0daY3ZUNjZIVy1LdnNROGlDSklOVlAtdDV5OHVTQTNKLVNHMGlTdkNLbDFaZTJRcTRBUlgtSWpOdkFsSlQtaW81bmVGdC00Wi05WE9qT1BRbUk3UklIN1ZvOVNMYVE4RVU?oc=5\" target=\"_blank\" rel=\"nofollow noopener\">Ir\u0101nas augst\u0101kais l\u012bderis izstr\u0101d\u0101 slepenu pl\u0101nu b\u0113g\u0161anai uz Maskavu<\/a>&nbsp;&nbsp;NRA<\/li>\n<\/ol>\n","protected":false},"excerpt":{"rendered":"Ir\u0101na ierobe\u017eo piek\u013cuvi internetam&nbsp;&nbsp;TVNET Trimd\u0101 eso\u0161\u0101s Ir\u0101nas opoz\u012bcijas grupas mudina turpin\u0101t protestus un uzs\u0101kt streikus; valst\u012b ierobe\u017eota piek\u013cuve&hellip;\n","protected":false},"author":2,"featured_media":98880,"comment_status":"","ping_status":"","sticky":false,"template":"","format":"standard","meta":{"footnotes":""},"categories":[14],"tags":[23,57,28,29,32,33,22,1169,2562,30,31,35,39,38,36,37,34,40,20,26,27,24,25,54,55,56,21,58],"class_list":{"0":"post-98879","1":"post","2":"type-post","3":"status-publish","4":"format-standard","5":"has-post-thumbnail","7":"category-zinas-no-arvalstim","8":"tag-aktualitates","9":"tag-arvalstim","10":"tag-breaking-news","11":"tag-breakingnews","12":"tag-featured-news","13":"tag-featurednews","14":"tag-headlines","15":"tag-internets","16":"tag-irana","17":"tag-latest-news","18":"tag-latestnews","19":"tag-latvia","20":"tag-latvian","21":"tag-latviesu","22":"tag-latviesu-valoda","23":"tag-latviesuvaloda","24":"tag-latvija","25":"tag-lv","26":"tag-news","27":"tag-popularakas-zinas","28":"tag-popularakaszinas","29":"tag-top-stories","30":"tag-topstories","31":"tag-world","32":"tag-world-news","33":"tag-worldnews","34":"tag-zinas","35":"tag-zinas-no-arvalstim"},"share_on_mastodon":{"url":"https:\/\/pubeurope.com\/@lv\/115863650461596383","error":""},"_links":{"self":[{"href":"https:\/\/www.europesays.com\/lv\/wp-json\/wp\/v2\/posts\/98879","targetHints":{"allow":["GET"]}}],"collection":[{"href":"https:\/\/www.europesays.com\/lv\/wp-json\/wp\/v2\/posts"}],"about":[{"href":"https:\/\/www.europesays.com\/lv\/wp-json\/wp\/v2\/types\/post"}],"author":[{"embeddable":true,"href":"https:\/\/www.europesays.com\/lv\/wp-json\/wp\/v2\/users\/2"}],"replies":[{"embeddable":true,"href":"https:\/\/www.europesays.com\/lv\/wp-json\/wp\/v2\/comments?post=98879"}],"version-history":[{"count":0,"href":"https:\/\/www.europesays.com\/lv\/wp-json\/wp\/v2\/posts\/98879\/revisions"}],"wp:featuredmedia":[{"embeddable":true,"href":"https:\/\/www.europesays.com\/lv\/wp-json\/wp\/v2\/media\/98880"}],"wp:attachment":[{"href":"https:\/\/www.europesays.com\/lv\/wp-json\/wp\/v2\/media?parent=98879"}],"wp:term":[{"taxonomy":"category","embeddable":true,"href":"https:\/\/www.europesays.com\/lv\/wp-json\/wp\/v2\/categories?post=98879"},{"taxonomy":"post_tag","embeddable":true,"href":"https:\/\/www.europesays.com\/lv\/wp-json\/wp\/v2\/tags?post=98879"}],"curies":[{"name":"wp","href":"https:\/\/api.w.org\/{rel}","templated":true}]}}