{"id":98881,"date":"2026-01-09T06:14:14","date_gmt":"2026-01-09T06:14:14","guid":{"rendered":"https:\/\/www.europesays.com\/lv\/98881\/"},"modified":"2026-01-09T06:14:14","modified_gmt":"2026-01-09T06:14:14","slug":"eiropas-lidostas-atcelti-reisi-nra-lv","status":"publish","type":"post","link":"https:\/\/www.europesays.com\/lv\/98881\/","title":{"rendered":"Eiropas lidost\u0101s atcelti reisi &#8211; nra.lv"},"content":{"rendered":"<p class=\"descr\">Sp\u0113c\u012bg\u0101s snig\u0161anas, liel\u0101 sala un v\u0113ja d\u0113\u013c tre\u0161dien vair\u0101k\u0101s Eiropas lidost\u0101s kopum\u0101 atcelti simtiem lidojumu.<\/p>\n<p>Francijas satiksmes ministrs Filips Tabaro pazi\u0146ojis, ka \u0160arla de Golla lidost\u0101 atcelti aptuveni 100 reisi, bet Orl\u012b lidost\u0101 atcelti 40 lidojumi.<\/p>\n<p>Par gaid\u0101mo reisu atcel\u0161anu tika zi\u0146ots jau otrdienas vakar\u0101, un Tabaro tre\u0161dien intervij\u0101 telekan\u0101lam &#8220;Cnews&#8221; sac\u012bja, ka cer uz situ\u0101cijas normaliz\u0113\u0161os tre\u0161dienas p\u0113cpusdien\u0101.<\/p>\n<p>T\u0101pat tiek v\u0113st\u012bts, ka slideno ce\u013cu d\u0113\u013c tre\u0161dien atcelti visi autobusu reisi Par\u012bz\u0113 un t\u0101s piepils\u0113t\u0101s, ta\u010du metro un vilcienu satiksme ietekm\u0113ta minim\u0101li.<\/p>\n<p>Tikm\u0113r Amsterdamas Shipholas lidost\u0101, kas ir viena no noslogot\u0101kaj\u0101m Eirop\u0101, <a href=\"https:\/\/nra.lv\/pasaule\/510377-krievijas-lidostas-vecgada-vakara-paralize-laikapstakli.htm\" data-item-link=\"true\" data-item-id=\"510377\" rel=\"nofollow noopener\" target=\"_blank\">tre\u0161dien atcelti vair\u0101k nek\u0101 700 reisi<\/a>, un amatpersonas br\u012bdina, ka atcelto reisu skaits, visticam\u0101k, palielin\u0101sies. Shipholas lidost\u0101 nakti biju\u0161i spiesti pavad\u012bt vair\u0101k nek\u0101 1000 ce\u013cot\u0101ju.<\/p>\n<p>Savuk\u0101rt Briseles lidost\u0101 atcelti 40 lidojumi.<\/p>\n<p>Jau zi\u0146ots, ka sniegs un sals iev\u0113rojami apgr\u016btina dzelzce\u013ca un gaisa satiksmi daudzviet Eirop\u0101 un izraisa garus sastr\u0113gumus uz automa\u0123istr\u0101l\u0113m.<\/p>\n<p>\t\t\t\t\t\tinfo<\/p>\n<p>Uzzini pirmais<br \/>kas interesants noticis Latvij\u0101 un pasaul\u0113,<br \/>pievienojoties mums <a href=\"https:\/\/t.me\/neatkariga\" rel=\"nofollow\">Telegram<\/a> vai <a href=\"https:\/\/whatsapp.com\/channel\/0029VaMLFUH5K3zLU5s4wm3y\" rel=\"nofollow noopener\" target=\"_blank\">Whatsapp<\/a> kan\u0101l\u0101<\/p>\n","protected":false},"excerpt":{"rendered":"Sp\u0113c\u012bg\u0101s snig\u0161anas, liel\u0101 sala un v\u0113ja d\u0113\u013c tre\u0161dien vair\u0101k\u0101s Eiropas lidost\u0101s kopum\u0101 atcelti simtiem lidojumu. Francijas satiksmes ministrs&hellip;\n","protected":false},"author":2,"featured_media":98882,"comment_status":"","ping_status":"","sticky":false,"template":"","format":"standard","meta":{"footnotes":""},"categories":[14],"tags":[23,57,28,29,32,33,22,30,31,35,39,38,36,37,34,40,20,26,27,24,25,54,55,56,21,58],"class_list":{"0":"post-98881","1":"post","2":"type-post","3":"status-publish","4":"format-standard","5":"has-post-thumbnail","7":"category-zinas-no-arvalstim","8":"tag-aktualitates","9":"tag-arvalstim","10":"tag-breaking-news","11":"tag-breakingnews","12":"tag-featured-news","13":"tag-featurednews","14":"tag-headlines","15":"tag-latest-news","16":"tag-latestnews","17":"tag-latvia","18":"tag-latvian","19":"tag-latviesu","20":"tag-latviesu-valoda","21":"tag-latviesuvaloda","22":"tag-latvija","23":"tag-lv","24":"tag-news","25":"tag-popularakas-zinas","26":"tag-popularakaszinas","27":"tag-top-stories","28":"tag-topstories","29":"tag-world","30":"tag-world-news","31":"tag-worldnews","32":"tag-zinas","33":"tag-zinas-no-arvalstim"},"share_on_mastodon":{"url":"https:\/\/pubeurope.com\/@lv\/115863674083372577","error":""},"_links":{"self":[{"href":"https:\/\/www.europesays.com\/lv\/wp-json\/wp\/v2\/posts\/98881","targetHints":{"allow":["GET"]}}],"collection":[{"href":"https:\/\/www.europesays.com\/lv\/wp-json\/wp\/v2\/posts"}],"about":[{"href":"https:\/\/www.europesays.com\/lv\/wp-json\/wp\/v2\/types\/post"}],"author":[{"embeddable":true,"href":"https:\/\/www.europesays.com\/lv\/wp-json\/wp\/v2\/users\/2"}],"replies":[{"embeddable":true,"href":"https:\/\/www.europesays.com\/lv\/wp-json\/wp\/v2\/comments?post=98881"}],"version-history":[{"count":0,"href":"https:\/\/www.europesays.com\/lv\/wp-json\/wp\/v2\/posts\/98881\/revisions"}],"wp:featuredmedia":[{"embeddable":true,"href":"https:\/\/www.europesays.com\/lv\/wp-json\/wp\/v2\/media\/98882"}],"wp:attachment":[{"href":"https:\/\/www.europesays.com\/lv\/wp-json\/wp\/v2\/media?parent=98881"}],"wp:term":[{"taxonomy":"category","embeddable":true,"href":"https:\/\/www.europesays.com\/lv\/wp-json\/wp\/v2\/categories?post=98881"},{"taxonomy":"post_tag","embeddable":true,"href":"https:\/\/www.europesays.com\/lv\/wp-json\/wp\/v2\/tags?post=98881"}],"curies":[{"name":"wp","href":"https:\/\/api.w.org\/{rel}","templated":true}]}}