{"id":98883,"date":"2026-01-09T06:16:13","date_gmt":"2026-01-09T06:16:13","guid":{"rendered":"https:\/\/www.europesays.com\/lv\/98883\/"},"modified":"2026-01-09T06:16:13","modified_gmt":"2026-01-09T06:16:13","slug":"eiropa-un-asv-gatavas-sadarboties-drosibas-garantiju-sniegsana-ukrainai-pec-kara-beigam-raksts","status":"publish","type":"post","link":"https:\/\/www.europesays.com\/lv\/98883\/","title":{"rendered":"Eiropa un ASV gatavas sadarboties dro\u0161\u012bbas garantiju snieg\u0161an\u0101 Ukrainai p\u0113c kara beig\u0101m \/ Raksts"},"content":{"rendered":"<p>Neraugoties uz transatlantisko spriedzi, Eiropa un ASV ir paudu\u0161as neparasti vienotu nost\u0101ju par dro\u0161\u012bbas garantij\u0101m Ukrainai, kas st\u0101tos sp\u0113k\u0101 pamiera gad\u012bjum\u0101. Ta\u010du ASV l\u012bdzdal\u012bbas izpausme dro\u0161\u012bbas garantij\u0101s joproj\u0101m ir \u013coti neskaidra.\u00a0<\/p>\n<p style=\"text-align:left\">Par\u012bz\u0113 tika pan\u0101kta vieno\u0161an\u0101s, ka &#8220;pamiera uzraudz\u012bbas&#8221; oper\u0101ciju, proti, visu, kas saist\u012bts ar robe\u017eas p\u0101rk\u0101puma noteik\u0161anu p\u0113c miera l\u012bguma parakst\u012b\u0161anas, vad\u012btu ASV. Ta\u010du zin\u0101mas ba\u017eas par ASV atbalsta notur\u012bbu izskan\u0113ja Ukrainas prezidenta Volodimira Zelenska v\u0113lm\u0113, lai ASV Kongress padar\u012btu Amerikas dro\u0161\u012bbas garantijas juridiski saisto\u0161as, ne tikai mutiskas, k\u0101 tas ir \u0161obr\u012bd.\u00a0<\/p>\n<p>J\u0101mekl\u0113 risin\u0101jumi dienai p\u0113c miera iest\u0101\u0161an\u0101s\u00a0<\/p>\n<p style=\"text-align:left\">&#8220;M\u0113s augstu v\u0113rt\u0113jam ASV atbalstu un nepiecie\u0161amo sp\u0113ku nodro\u0161in\u0101\u0161anu, lai Krievijas agresija neatk\u0101rtotos. M\u0113s apzin\u0101mies laika ierobe\u017eojumus un piln\u012bb\u0101 piekr\u012btam, ka \u0161\u012bm garantij\u0101m j\u0101b\u016bt balst\u012bt\u0101m uz juridisk\u0101m saist\u012bb\u0101m, kuras apstiprin\u0101s ASV Kongress,&#8221; teica Zelenskis.<\/p>\n<p style=\"text-align:left\">Parakstot deklar\u0101ciju, Lielbrit\u0101nija un Francija ap\u0146\u0113m\u0101s p\u0113c pamiera vis\u0101 Ukrain\u0101 izveidot milit\u0101ros centrus un &#8220;uzb\u016bv\u0113t aizsarg\u0101tas iero\u010du un milit\u0101r\u0101 apr\u012bkojuma glab\u0101tuves, lai atbalst\u012btu Ukrainas aizsardz\u012bbas vajadz\u012bbas&#8221;.\u00a0<\/p>\n<blockquote>\n<p style=\"text-align:left\">Francijas prezidents Emanuels Makrons sol\u012bja, ka Eiropas vad\u012btie daudznacion\u0101lie sp\u0113ki aptvers sauszemes, gaisa un j\u016bras sp\u0113kus un tiks izvietoti Rietumukrain\u0101, t\u0101lu no kontaktl\u012bnijas.\u00a0<\/p>\n<\/blockquote>\n<p style=\"text-align:left\">&#8220;Francija piedal\u0101s \u0161aj\u0101s oper\u0101cij\u0101s \u2013 m\u0113s, pirmk\u0101rt, nodro\u0161in\u0101sim att\u0113lus un nov\u0113rojumus, jo mums ir t\u0101das iesp\u0113jas, un m\u0113s to dar\u0101m jau \u0161odien. Otrk\u0101rt, m\u0113s piedal\u012bsimies Ukrainas armijas atjauno\u0161an\u0101. Un, tre\u0161k\u0101rt, m\u0113s esam ar\u012b gatavi piedal\u012bties \u0161\u012b daudznacion\u0101l\u0101 sp\u0113ka sast\u0101v\u0101. Tie nav sp\u0113ki, kas piedal\u012bsies kauj\u0101s; to es v\u0113los preciz\u0113t, tas m\u016bsu l\u012bdzpilso\u0146iem j\u0101patur pr\u0101t\u0101. \u0160is ir dienai p\u0113c miera; k\u0101 garant\u0113t mieru un dro\u0161\u012bbu,&#8221; teica Makrons.\u00a0<\/p>\n<p>Vispirms nepiecie\u0161ama karadarb\u012bbas izbeig\u0161ana\u00a0<\/p>\n<p style=\"text-align:left\">Liel\u0101k\u0101 da\u013ca citu koal\u012bcijas dal\u012bbvalstu, tostarp V\u0101cija, l\u012bdz \u0161im ir izvair\u012bju\u0161\u0101s pievienoties \u0161\u012bm saist\u012bb\u0101m. Citas valstis ir pieteiku\u0161\u0101s izvietot lidma\u0161\u012bnas, kas atrodas kaimi\u0146os eso\u0161aj\u0101s NATO valst\u012bs, lai uzraudz\u012btu Ukrainas debesis, un Turcija ir piekritusi vad\u012bt koal\u012bcijas j\u016bras da\u013cu, garant\u0113jot dro\u0161\u012bbu Melnaj\u0101 j\u016br\u0101.\u00a0<\/p>\n<blockquote>\n<p style=\"text-align:left\">Ta\u010du liel\u0101k\u0101 da\u013ca no t\u0101, par ko tika pan\u0101kta vieno\u0161an\u0101s, netiks \u012bstenota, kam\u0113r starp Krieviju un Ukrainu neb\u016bs pamiera. To atzina ar\u012b amerik\u0101\u0146u puse.\u00a0<\/p>\n<\/blockquote>\n<p style=\"text-align:left\">&#8220;Tas nenoz\u012bm\u0113, ka m\u0113s pan\u0101ksim mieru, bet miers neb\u016btu iesp\u0113jams bez \u0161odien pan\u0101kt\u0101 progresa. Tas noz\u012bm\u0113, ka, ja Ukraina v\u0113las pan\u0101kt gal\u012bgo vieno\u0161anos, tai ir j\u0101zina, ka p\u0113c vieno\u0161an\u0101s t\u0101 ir dro\u0161\u012bb\u0101. T\u0101 ir sp\u0113c\u012bga attur\u0113\u0161ana \u2013 ka past\u0101v re\u0101li dro\u0161\u012bbas pas\u0101kumi, lai nodro\u0161in\u0101tu, ka tas vairs neatk\u0101rtosies,&#8221; uzsv\u0113ra ASV prezidenta \u012bpa\u0161ais s\u016btnis D\u017eareds Ku\u0161ners.\u00a0<\/p>\n<p>V\u0113l p\u0101ragri run\u0101t par Latvijas karav\u012bru kl\u0101tb\u016btni Ukrain\u0101\u00a0<\/p>\n<p style=\"text-align:left\">Kam\u0113r Krievija nav piekritusi pamieram, ir p\u0101ragri run\u0101t par Latvijas karav\u012bru kl\u0101tb\u016btni Ukrain\u0101, vispirms j\u0101nosl\u0113dz vieno\u0161an\u0101s, sarun\u0101 ar LTV ceturtdien atzina Latvijas \u0101rlietu ministre Baiba Bra\u017ee (&#8220;Jaun\u0101 Vienot\u012bba&#8221;).<\/p>\n<blockquote>\n<p style=\"text-align:left\">Latvija ir gatava sniegt ieguld\u012bjumu Ukrainas dro\u0161\u012bbas garantij\u0101s un atbalsta Par\u012bzes deklar\u0101ciju. N\u0101kamais solis ir l\u0113mumu pie\u0146em\u0161ana nacion\u0101li, tostarp Saeim\u0101.\u00a0<\/p>\n<\/blockquote>\n<p style=\"text-align:left\">&#8220;Tas viss notiks saska\u0146\u0101 ar eso\u0161o proced\u016bru. Tas ies uz Ministru kabinetu, Ministru kabinets ies uz Saeimu, pras\u012bs mand\u0101tu. Vai t\u0101 ir dal\u012bba daudznacion\u0101los sp\u0113kos vai k\u0101d\u0101 oper\u0101cij\u0101, vai k\u0101da cita funkcija; \u0161obr\u012bd tas, ko milit\u0101rie kol\u0113\u0123i \u2013 NBS komandieris un citi kol\u0113\u0123i \u2013 ir dar\u012bju\u0161i, vi\u0146i ir str\u0101d\u0101ju\u0161i ar britiem, amerik\u0101\u0146iem un Franciju. Un tas ir bijis ar\u012b NATO augst\u0101k\u0101 komandiera vad\u012bb\u0101,&#8221; nor\u0101da Bra\u017ee.\u00a0&#8220;Ir \u013coti specifiski parametri, kas ir izstr\u0101d\u0101ti par to, kas b\u016btu vajadz\u012bgs, \u0146emot v\u0113r\u0101, ka Ukrainai tiek saglab\u0101ti 800 000 [karav\u012bri], kas tad ir tas starptautiskais elements, kas tur var\u0113tu b\u016bt, un k\u0101da loma var\u0113tu b\u016bt. Tas, ko m\u016bsu kol\u0113\u0123i ir identific\u0113ju\u0161i, ir, ka b\u016bs liela vajadz\u012bba turpin\u0101t ukrai\u0146u sp\u0113ku apm\u0101c\u012bbu. Tas ir tas, kur m\u0113s esam biju\u0161i \u013coti sekm\u012bgi un ko esam aicin\u0101ti turpin\u0101t.&#8221;<\/p>\n<p>                    Valodas k\u013c\u016bda rakst\u0101?<\/p>\n<p class=\"d-none d-md-block\">Iez\u012bm\u0113jiet tekstu un spiediet Ctrl+Enter, lai nos\u016bt\u012btu labojamo teksta fragmentu redaktoram! Par faktu k\u013c\u016bd\u0101m l\u016bdzam zi\u0146ot e-past\u0101 <a href=\"https:\/\/www.lsm.lv\/cdn-cgi\/l\/email-protection\" class=\"__cf_email__\" data-cfemail=\"433126272228202a2922032f302e6d2f35\" rel=\"nofollow noopener\" target=\"_blank\">[email\u00a0protected]<\/a>.<\/p>\n<p class=\"d-md-none\">Iez\u012bm\u0113jiet tekstu un spiediet uz Zi\u0146ot par k\u013c\u016bdu pogas, lai nos\u016bt\u012btu labojamo teksta fragmentu redaktoram!<\/p>\n<p>\n                    Zi\u0146ot par k\u013c\u016bdu\n                <\/p>\n","protected":false},"excerpt":{"rendered":"Neraugoties uz transatlantisko spriedzi, Eiropa un ASV ir paudu\u0161as neparasti vienotu nost\u0101ju par dro\u0161\u012bbas garantij\u0101m Ukrainai, kas st\u0101tos&hellip;\n","protected":false},"author":2,"featured_media":98884,"comment_status":"","ping_status":"","sticky":false,"template":"","format":"standard","meta":{"footnotes":""},"categories":[5],"tags":[23,28,29,32,33,22,30,31,35,39,38,36,37,34,40,20,26,27,24,25,21],"class_list":{"0":"post-98883","1":"post","2":"type-post","3":"status-publish","4":"format-standard","5":"has-post-thumbnail","7":"category-aktualitates","8":"tag-aktualitates","9":"tag-breaking-news","10":"tag-breakingnews","11":"tag-featured-news","12":"tag-featurednews","13":"tag-headlines","14":"tag-latest-news","15":"tag-latestnews","16":"tag-latvia","17":"tag-latvian","18":"tag-latviesu","19":"tag-latviesu-valoda","20":"tag-latviesuvaloda","21":"tag-latvija","22":"tag-lv","23":"tag-news","24":"tag-popularakas-zinas","25":"tag-popularakaszinas","26":"tag-top-stories","27":"tag-topstories","28":"tag-zinas"},"share_on_mastodon":{"url":"https:\/\/pubeurope.com\/@lv\/115863681932602747","error":""},"_links":{"self":[{"href":"https:\/\/www.europesays.com\/lv\/wp-json\/wp\/v2\/posts\/98883","targetHints":{"allow":["GET"]}}],"collection":[{"href":"https:\/\/www.europesays.com\/lv\/wp-json\/wp\/v2\/posts"}],"about":[{"href":"https:\/\/www.europesays.com\/lv\/wp-json\/wp\/v2\/types\/post"}],"author":[{"embeddable":true,"href":"https:\/\/www.europesays.com\/lv\/wp-json\/wp\/v2\/users\/2"}],"replies":[{"embeddable":true,"href":"https:\/\/www.europesays.com\/lv\/wp-json\/wp\/v2\/comments?post=98883"}],"version-history":[{"count":0,"href":"https:\/\/www.europesays.com\/lv\/wp-json\/wp\/v2\/posts\/98883\/revisions"}],"wp:featuredmedia":[{"embeddable":true,"href":"https:\/\/www.europesays.com\/lv\/wp-json\/wp\/v2\/media\/98884"}],"wp:attachment":[{"href":"https:\/\/www.europesays.com\/lv\/wp-json\/wp\/v2\/media?parent=98883"}],"wp:term":[{"taxonomy":"category","embeddable":true,"href":"https:\/\/www.europesays.com\/lv\/wp-json\/wp\/v2\/categories?post=98883"},{"taxonomy":"post_tag","embeddable":true,"href":"https:\/\/www.europesays.com\/lv\/wp-json\/wp\/v2\/tags?post=98883"}],"curies":[{"name":"wp","href":"https:\/\/api.w.org\/{rel}","templated":true}]}}