{"id":98887,"date":"2026-01-09T06:22:24","date_gmt":"2026-01-09T06:22:24","guid":{"rendered":"https:\/\/www.europesays.com\/lv\/98887\/"},"modified":"2026-01-09T06:22:24","modified_gmt":"2026-01-09T06:22:24","slug":"armands-broks-pazino-par-savas-politiskas-darbibas-iepauzesanu-puaro-lv","status":"publish","type":"post","link":"https:\/\/www.europesays.com\/lv\/98887\/","title":{"rendered":"Armands Broks pazi\u0146o par savas politisk\u0101s darb\u012bbas iepauz\u0113\u0161anu \u2013 Puaro.lv"},"content":{"rendered":"<p>        &#13;<\/p>\n<p>Armands Broks, kur\u0161 kop\u0101 ar Alvi Hermani un citiem domubiedriem bija viens no kust\u012bbas \u201cBez partij\u0101m\u201d dibin\u0101t\u0101jiem, soci\u0101lajos t\u012bklos public\u0113jis pazi\u0146ojumu, ka savu politisko darb\u012bbu uz laiku iepauz\u0113. <\/p>\n<p>Armanda Broka pazi\u0146ojums<\/p>\n<p>\u201cP\u0113d\u0113jo m\u0113ne\u0161u laik\u0101 par mani publiskaj\u0101 telp\u0101 ir izskan\u0113jis viss iesp\u0113jamais \u2013 no \u0160lesera l\u012bdz \u201cJaun\u0101s Vienot\u012bbas\u201d kabatas partij\u0101m, l\u012bdz pat absurdiem st\u0101stiem par krievu naudu. Vien\u012bg\u0101 paties\u012bba \u0161aj\u0101 vis\u0101 ir t\u0101, ka esmu ticies ar daudziem sp\u0113j\u012bgiem uz\u0146\u0113m\u0113jiem, organiz\u0101ciju vad\u012bt\u0101jiem un savas jomas profesion\u0101\u013ciem, aicinot vi\u0146us akt\u012bv\u0101k iesaist\u012bties valsts dz\u012bv\u0113.<\/p>\n<p>Tie\u0161i \u0161\u012b milz\u012bg\u0101 kritika un negat\u012bvais fons, kas tiek v\u0113rsts pret ikvienu, kur\u0161 uzdro\u0161in\u0101s ien\u0101kt politik\u0101 v\u0113l pirms jebk\u0101du re\u0101lu darbu paveik\u0161anas, manupr\u0101t, ir viens no galvenajiem iemesliem, k\u0101p\u0113c jaud\u012bgas, profesion\u0101las un daudzsolo\u0161as person\u012bbas no politikas ir tur\u0113ju\u0161\u0101s pa gabalu.<\/p>\n<p>Man nav izdevies p\u0101rliecin\u0101t daudzus b\u016bt drosm\u012bg\u0101kiem, un t\u0101p\u0113c esmu pie\u0146\u0113mis l\u0113mumu uz laiku savu savu akt\u012bvo iesaisti politik\u0101 iepauz\u0113t. Esmu pietiekami nopeln\u012bjis savas \u0123imenes nodro\u0161in\u0101\u0161anai gan Latvij\u0101, gan vismaz cit\u0101s 10 valst\u012bs. Man nav nepiecie\u0161ams karot ar melno PR vai lauzties caur aizv\u0113rt\u0101m durv\u012bm. Atz\u012bstu, ka man b\u016btu daudz j\u0101apg\u016bst par valsts p\u0101rvaldi, ta\u010du pat man ir skaidrs, ka t\u0101, k\u0101 esam str\u0101d\u0101ju\u0161i l\u012bdz \u0161im, vairs turpin\u0101t nevaram, \u012bpa\u0161i redzot, cik t\u0101lu priek\u0161\u0101 mums ir Lietuva un Igaunija.<\/p>\n<p>Joproj\u0101m uzskatu, ka v\u0113l\u0113\u0161anu sist\u0113mas mai\u0146a ir nepiecie\u0161ama, lai politik\u0101 ien\u0101ktu patst\u0101v\u012bg\u0101ki, neatkar\u012bg\u0101ki cilv\u0113ki. Un es neesmu padevies. Ja b\u016bs komanda ar re\u0101lu v\u0113lmi un pied\u0101v\u0101jumu str\u0101d\u0101t valsts lab\u0101, es b\u016b\u0161u gatavs atsaukties un atbalst\u012bt.<\/p>\n<p>Bet visiem p\u0101r\u0113jiem nov\u0113lu maz\u0101k gudrot un rakst\u012bt internet\u0101, vair\u0101k dar\u012bt pa\u0161iem.\u201d<\/p>\n<p>Atg\u0101din\u0101m, ka iepriek\u0161 kust\u012bbu \u201cBez partij\u0101m\u201d pameta divi t\u0101s l\u012bdzdibin\u0101t\u0101ji \u2013 J\u0101zeps Ba\u0161ko un Alvis Hermanis.<\/p>\n<p>Puaro.lv sada\u013c\u0101 \u201c<a href=\"https:\/\/puaro.lv\/cv\/\" target=\"_blank\" rel=\"noreferrer noopener nofollow\">WHO IS WHO<\/a>\u201d esam apkopoju\u0161i politi\u0137u CV.\u00a0\u0160eit varat uzzin\u0101t, cik izgl\u012btoti ir\u00a0Saeimas deput\u0101ti un\u00a0 ministri, k\u0101 ar\u012b valsts amatpersonas, vi\u0146u par\u0101dsaist\u012bbu apjomu, iepriek\u0161\u0113jo pieredzi, partiju mai\u0146u un citus sasniegumus.<\/p>\n<p>Savuk\u0101rt to, kur\u0161 paties\u012bb\u0101 nosaka, kas notiek Latvij\u0101, kur\u0161 ir ietekm\u012bgs, kur\u0161 bag\u0101ts, bet kur\u0161 gan viens, gan otrs, uzziniet m\u016bsu jaunaj\u0101 sada\u013c\u0101\u00a0<a href=\"https:\/\/puaro.lv\/category\/ietekme-un-nauda\/\" target=\"_blank\" rel=\"noreferrer noopener nofollow\">\u201cIetekme un nauda\u201d<\/a>.<\/p>\n<p>Izsakiet savu viedokli koment\u0101ros un sekojiet mums \u00a0<a href=\"https:\/\/www.facebook.com\/puaro.lv\/\" target=\"_blank\" rel=\"noreferrer noopener nofollow\">Facebook\u00a0,<\/a>\u00a0 \u00a0<a href=\"https:\/\/twitter.com\/puarolv\" target=\"_blank\" rel=\"noreferrer noopener nofollow\">Twitter<\/a>, \u00a0<a href=\"https:\/\/www.youtube.com\/channel\/UCv996rC560NUo6l8jUGVZ_g\" target=\"_blank\" rel=\"noreferrer noopener nofollow\">Youtube\u00a0<\/a>un\u00a0<a href=\"https:\/\/www.instagram.com\/puaro.lv\/\" target=\"_blank\" rel=\"noreferrer noopener nofollow\">Instagram<\/a>!<\/p>\n<p>              &#13;<br \/>\n                    <script async src=\"https:\/\/platform.twitter.com\/widgets.js\" charset=\"utf-8\"><\/script><script async src=\"\/\/www.instagram.com\/embed.js\"><\/script><\/p>\n","protected":false},"excerpt":{"rendered":"&#13; Armands Broks, kur\u0161 kop\u0101 ar Alvi Hermani un citiem domubiedriem bija viens no kust\u012bbas \u201cBez partij\u0101m\u201d dibin\u0101t\u0101jiem,&hellip;\n","protected":false},"author":2,"featured_media":98888,"comment_status":"","ping_status":"","sticky":false,"template":"","format":"standard","meta":{"footnotes":""},"categories":[5],"tags":[23,28,29,32,33,22,30,31,35,39,38,36,37,34,40,20,26,27,24,25,21],"class_list":{"0":"post-98887","1":"post","2":"type-post","3":"status-publish","4":"format-standard","5":"has-post-thumbnail","7":"category-aktualitates","8":"tag-aktualitates","9":"tag-breaking-news","10":"tag-breakingnews","11":"tag-featured-news","12":"tag-featurednews","13":"tag-headlines","14":"tag-latest-news","15":"tag-latestnews","16":"tag-latvia","17":"tag-latvian","18":"tag-latviesu","19":"tag-latviesu-valoda","20":"tag-latviesuvaloda","21":"tag-latvija","22":"tag-lv","23":"tag-news","24":"tag-popularakas-zinas","25":"tag-popularakaszinas","26":"tag-top-stories","27":"tag-topstories","28":"tag-zinas"},"share_on_mastodon":{"url":"https:\/\/pubeurope.com\/@lv\/115863705519284747","error":""},"_links":{"self":[{"href":"https:\/\/www.europesays.com\/lv\/wp-json\/wp\/v2\/posts\/98887","targetHints":{"allow":["GET"]}}],"collection":[{"href":"https:\/\/www.europesays.com\/lv\/wp-json\/wp\/v2\/posts"}],"about":[{"href":"https:\/\/www.europesays.com\/lv\/wp-json\/wp\/v2\/types\/post"}],"author":[{"embeddable":true,"href":"https:\/\/www.europesays.com\/lv\/wp-json\/wp\/v2\/users\/2"}],"replies":[{"embeddable":true,"href":"https:\/\/www.europesays.com\/lv\/wp-json\/wp\/v2\/comments?post=98887"}],"version-history":[{"count":0,"href":"https:\/\/www.europesays.com\/lv\/wp-json\/wp\/v2\/posts\/98887\/revisions"}],"wp:featuredmedia":[{"embeddable":true,"href":"https:\/\/www.europesays.com\/lv\/wp-json\/wp\/v2\/media\/98888"}],"wp:attachment":[{"href":"https:\/\/www.europesays.com\/lv\/wp-json\/wp\/v2\/media?parent=98887"}],"wp:term":[{"taxonomy":"category","embeddable":true,"href":"https:\/\/www.europesays.com\/lv\/wp-json\/wp\/v2\/categories?post=98887"},{"taxonomy":"post_tag","embeddable":true,"href":"https:\/\/www.europesays.com\/lv\/wp-json\/wp\/v2\/tags?post=98887"}],"curies":[{"name":"wp","href":"https:\/\/api.w.org\/{rel}","templated":true}]}}