{"id":98953,"date":"2026-01-09T07:38:06","date_gmt":"2026-01-09T07:38:06","guid":{"rendered":"https:\/\/www.europesays.com\/lv\/98953\/"},"modified":"2026-01-09T07:38:06","modified_gmt":"2026-01-09T07:38:06","slug":"somija-konfisce-kugi-fitburg-aizdomas-par-zemudens-kabela-bojasanu-lente-lv","status":"publish","type":"post","link":"https:\/\/www.europesays.com\/lv\/98953\/","title":{"rendered":"Somija konfisc\u0113 ku\u0123i &#8220;Fitburg&#8221; aizdom\u0101s par zem\u016bdens kabe\u013ca boj\u0101\u0161anu\u00a0\u2014\u00a0Lente.lv"},"content":{"rendered":"<p>Somija konfisc\u0113 ku\u0123i &#8220;Fitburg&#8221; aizdom\u0101s par zem\u016bdens kabe\u013ca boj\u0101\u0161anu<\/p>\n<p>Somijas Nacion\u0101lais izmekl\u0113\u0161anas birojs ir konfisc\u0113jis kravas ku\u0123i &#8220;Fitburg&#8221;, kuru tur aizdom\u0101s par sakaru kabe\u013ca starp Somiju un Igauniju boj\u0101\u0161anu Baltijas j\u016br\u0101. Ku\u0123is tika arest\u0113ts 31. decembr\u012b, un t\u0101 konfisc\u0113\u0161ana ir nepiecie\u0161ama, lai turpin\u0101tu pirmstiesas izmekl\u0113\u0161anu. Aizdomas kr\u012bt uz to, ka ku\u0123is vilcis savu enkuru pa j\u016bras dibenu, saboj\u0101jot zem\u016bdens kabeli.<\/p>\n<p>Izmekl\u0113\u0161anas gaita un aiztur\u0113tie<\/p>\n<p>Somijas policija izmekl\u0113 incidentu k\u0101 sevi\u0161\u0137i smagu noziedz\u012bgu nodar\u012bjumu pret \u012bpa\u0161umu, k\u0101 ar\u012b k\u0101 sevi\u0161\u0137i smagu telekomunik\u0101ciju trauc\u0113jumu m\u0113\u0123in\u0101jumu. Viens no ku\u0123a apkalpes locek\u013ciem ir apcietin\u0101ts, un tr\u012bs citiem noteikts aizbrauk\u0161anas aizliegums. Kopum\u0101 uz ku\u0123a atrad\u0101s 14 apkalpes locek\u013ci, kuri ir Krievijas, Gruzijas, Kazahst\u0101nas un Azerbaid\u017e\u0101nas pilso\u0146i. Vi\u0146i tiek iztauj\u0101ti Somijas policij\u0101. Ku\u0123is &#8220;Fitburg&#8221;, kas ku\u0123o zem Sentvinsentas un Grenad\u012bnu karoga, bija ce\u013c\u0101 no Sanktp\u0113terburgas uz Haifu, Izra\u0113lu. T\u0101 enkura \u0137\u0113de tika atrasta nolaista j\u016br\u0101, kad ku\u0123i aptur\u0113ja Somijas robe\u017esardze.<\/p>\n<p>Kabe\u013ca boj\u0101juma sekas un pla\u0161\u0101ks konteksts<\/p>\n<p>Boj\u0101tais kabelis pieder Somijas telekomunik\u0101ciju uz\u0146\u0113mumam &#8220;Elisa&#8221; un atrad\u0101s Igaunijas ekskluz\u012bvaj\u0101 ekonomiskaj\u0101 zon\u0101. Lai gan incidents notika Igaunijas \u016bde\u0146os, izmekl\u0113\u0161anu veic Somijas amatpersonas. S\u0101kotn\u0113j\u0101 inform\u0101cija liecina, ka boj\u0101jums nav b\u016btiski ietekm\u0113jis datu savienojumus Igaunij\u0101, jo tie tiek nodro\u0161in\u0101ti ar citiem kabe\u013ciem. Tom\u0113r \u0161\u0101di incidenti rada ba\u017eas par kritiski svar\u012bgas infrastrukt\u016bras dro\u0161\u012bbu Baltijas j\u016bras re\u0123ion\u0101. \u0160is notikums aktualiz\u0113 zem\u016bdens kabe\u013cu dro\u0161\u012bbas jaut\u0101jumus Baltijas j\u016br\u0101, \u012bpa\u0161i \u0146emot v\u0113r\u0101 iepriek\u0161\u0113jos gadus nov\u0113rotos l\u012bdz\u012bgos incidentus un pieaugo\u0161\u0101s \u0123eopolitisk\u0101s spriedzes re\u0123ion\u0101.<\/p>\n<p>Kravas un sankciju izmekl\u0113\u0161ana<\/p>\n<p>Somijas muita iepriek\u0161 aiztur\u0113ja ku\u0123a kravu, kas sast\u0101v no konstrukciju t\u0113rauda izstr\u0101d\u0101jumiem, kas pak\u013cauti Eiropas Savien\u012bbas sankcij\u0101m. Tom\u0113r p\u0113c konsult\u0101cij\u0101m ar ES un Somijas prokurat\u016bru, muita nol\u0113ma neuzs\u0101kt krimin\u0101lizmekl\u0113\u0161anu pret ku\u0123i par iesp\u0113jamu sankciju p\u0101rk\u0101pumu. Tika secin\u0101ts, ka ku\u0123is iebraucis Somijas teritori\u0101lajos \u016bde\u0146os p\u0113c varasiest\u0101\u017eu piepras\u012bjuma, nevis ar nodomu p\u0101rk\u0101pt sankcijas. T\u0101p\u0113c krava tiek atbr\u012bvota ar nosac\u012bjumu, ka t\u0101 tiks izvesta no Somijas.<\/p>\n<p>Iepriek\u0161\u0113jie incidenti un dro\u0161\u012bbas apsv\u0113rumi<\/p>\n<p>Baltijas j\u016br\u0101 nav pirm\u0101 reize, kad notiek zem\u016bdens kabe\u013cu boj\u0101jumi. P\u0113d\u0113jos gados re\u0123ion\u0101 ir biju\u0161i vair\u0101ki l\u012bdz\u012bgi incidenti, kas raisa ba\u017eas par infrastrukt\u016bras dro\u0161\u012bbu un iesp\u0113jamu sabot\u0101\u017eu. Krievijas pilna m\u0113roga iebrukums Ukrain\u0101 2022. gad\u0101 ir pastiprin\u0101jis uzman\u012bbu pret \u0161\u0101diem draudiem, jo eksperti un politi\u0137i uzskata, ka kabe\u013cu sabot\u0101\u017ea var\u0113tu b\u016bt da\u013ca no hibr\u012bdkara strat\u0113\u0123ijas. NATO un ES ir klasific\u0113ju\u0161as zem\u016bdens kabe\u013cus k\u0101 strat\u0113\u0123iski svar\u012bgu infrastrukt\u016bru, br\u012bdinot par riskiem, ko var\u0113tu rad\u012bt valstu vai nevalstisku aktoru r\u012bc\u012bba.<\/p>\n","protected":false},"excerpt":{"rendered":"Somija konfisc\u0113 ku\u0123i &#8220;Fitburg&#8221; aizdom\u0101s par zem\u016bdens kabe\u013ca boj\u0101\u0161anu Somijas Nacion\u0101lais izmekl\u0113\u0161anas birojs ir konfisc\u0113jis kravas ku\u0123i &#8220;Fitburg&#8221;,&hellip;\n","protected":false},"author":2,"featured_media":98954,"comment_status":"","ping_status":"","sticky":false,"template":"","format":"standard","meta":{"footnotes":""},"categories":[14],"tags":[23,57,1934,28,29,334,32,33,23504,22,24252,30,31,35,39,38,36,37,34,40,20,26,27,490,24,25,54,55,56,21,58],"class_list":{"0":"post-98953","1":"post","2":"type-post","3":"status-publish","4":"format-standard","5":"has-post-thumbnail","7":"category-zinas-no-arvalstim","8":"tag-aktualitates","9":"tag-arvalstim","10":"tag-baltijas-jura","11":"tag-breaking-news","12":"tag-breakingnews","13":"tag-drosiba","14":"tag-featured-news","15":"tag-featurednews","16":"tag-fitburg","17":"tag-headlines","18":"tag-kabela-bojasana","19":"tag-latest-news","20":"tag-latestnews","21":"tag-latvia","22":"tag-latvian","23":"tag-latviesu","24":"tag-latviesu-valoda","25":"tag-latviesuvaloda","26":"tag-latvija","27":"tag-lv","28":"tag-news","29":"tag-popularakas-zinas","30":"tag-popularakaszinas","31":"tag-somija","32":"tag-top-stories","33":"tag-topstories","34":"tag-world","35":"tag-world-news","36":"tag-worldnews","37":"tag-zinas","38":"tag-zinas-no-arvalstim"},"share_on_mastodon":{"url":"https:\/\/pubeurope.com\/@lv\/115864004479039593","error":""},"_links":{"self":[{"href":"https:\/\/www.europesays.com\/lv\/wp-json\/wp\/v2\/posts\/98953","targetHints":{"allow":["GET"]}}],"collection":[{"href":"https:\/\/www.europesays.com\/lv\/wp-json\/wp\/v2\/posts"}],"about":[{"href":"https:\/\/www.europesays.com\/lv\/wp-json\/wp\/v2\/types\/post"}],"author":[{"embeddable":true,"href":"https:\/\/www.europesays.com\/lv\/wp-json\/wp\/v2\/users\/2"}],"replies":[{"embeddable":true,"href":"https:\/\/www.europesays.com\/lv\/wp-json\/wp\/v2\/comments?post=98953"}],"version-history":[{"count":0,"href":"https:\/\/www.europesays.com\/lv\/wp-json\/wp\/v2\/posts\/98953\/revisions"}],"wp:featuredmedia":[{"embeddable":true,"href":"https:\/\/www.europesays.com\/lv\/wp-json\/wp\/v2\/media\/98954"}],"wp:attachment":[{"href":"https:\/\/www.europesays.com\/lv\/wp-json\/wp\/v2\/media?parent=98953"}],"wp:term":[{"taxonomy":"category","embeddable":true,"href":"https:\/\/www.europesays.com\/lv\/wp-json\/wp\/v2\/categories?post=98953"},{"taxonomy":"post_tag","embeddable":true,"href":"https:\/\/www.europesays.com\/lv\/wp-json\/wp\/v2\/tags?post=98953"}],"curies":[{"name":"wp","href":"https:\/\/api.w.org\/{rel}","templated":true}]}}