{"id":98964,"date":"2026-01-09T07:47:14","date_gmt":"2026-01-09T07:47:14","guid":{"rendered":"https:\/\/www.europesays.com\/lv\/98964\/"},"modified":"2026-01-09T07:47:14","modified_gmt":"2026-01-09T07:47:14","slug":"sazinaties-tikai-ar-advokatu-starpniecibu","status":"publish","type":"post","link":"https:\/\/www.europesays.com\/lv\/98964\/","title":{"rendered":"sazin\u0101ties tikai ar advok\u0101tu starpniec\u012bbu"},"content":{"rendered":"<p>Bruklins Bekhems ir nos\u016bt\u012bjis saviem vec\u0101kiem \u2013 Deividam un Viktorijai Bekhemiem \u2013 juridisku pazi\u0146ojumu, br\u012bdinot, ka turpm\u0101k jebk\u0101da sazi\u0146a ar vi\u0146u iesp\u0113jama tikai ar advok\u0101tu starpniec\u012bbu. V\u0113stule ar\u012b paredz, ka vec\u0101kiem vi\u0146u nevajadz\u0113tu atz\u012bm\u0113t soci\u0101lajos t\u012bklos, v\u0113sta tablo\u012bds &#8220;The Sun&#8221;.<\/p>\n<p>Viens no iemesliem, k\u0101p\u0113c Bruklins blo\u0137\u0113jis savus vec\u0101kus tie\u0161saist\u0113, bijis incidents, kad mamma Viktorija atz\u012bm\u0113ja ar &#8220;pat\u012bk&#8221; video ar ceptas vistas recepti, ko vi\u0146\u0161 bija public\u0113jis. Vi\u0146as reakcija &#8220;Instagram&#8221; 2025. gada decembr\u012b izrais\u012bja pamat\u012bgu str\u012bdu, p\u0113c kura pat jaun\u0101kais d\u0113ls Kr\u016bzs publiski rakst\u012bja: &#8220;Vi\u0146i (mani vec\u0101ki) pamod\u0101s soci\u0101lajos t\u012bklos noblo\u0137\u0113ti\u2026 t\u0101pat k\u0101 es.&#8221; \u0160is solis sekoja vair\u0101kas ned\u0113\u013cas ilgai Bruklina un vi\u0146a sievas Nikolas neapmierin\u0101t\u012bbai, jo, vi\u0146upr\u0101t, vec\u0101ki ignor\u0113ju\u0161i l\u016bgumus konfliktu risin\u0101t priv\u0101ti. <\/p>\n<p>Lasiet ar\u012b<\/p>\n<p><a href=\"https:\/\/www.delfi.lv\/life\/42051922\/sovbizness\/120100070\/skelsanas-bekhemu-gimene-turpinas-bruklins-bekhems-soctiklos-blokejis-visus-radiniekus\" class=\"headline__image-link\" itemprop=\"url\" rel=\"nofollow noopener\" target=\"_blank\"><img decoding=\"async\" loading=\"lazy\" itemprop=\"image\" src=\"https:\/\/www.europesays.com\/lv\/wp-content\/uploads\/2026\/01\/131f9a7f-ecd1-4be5-a020-f4743ccd8c8a.jpg\" alt=\"\u0160\u0137el\u0161an\u0101s Bekhemu \u0123imen\u0113 turpin\u0101s: Bruklins Bekhems soct\u012bklos blo\u0137\u0113jis visus radiniekus\" title=\"\u0160\u0137el\u0161an\u0101s Bekhemu \u0123imen\u0113 turpin\u0101s: Bruklins Bekhems soct\u012bklos blo\u0137\u0113jis visus radiniekus\" class=\"headline__image img-fluid w-100\"\/><\/a><\/p>\n<p>Ar\u012b Bruklina sieva, aktrise Nikola Pelca, soci\u0101lajos t\u012bklos ir blo\u0137\u0113jusi Bekhemu \u0123imeni. Vienlaikus vecvec\u0101ki un citi att\u0101l\u0101ki \u0123imenes locek\u013ci nav blo\u0137\u0113ti un regul\u0101ri koment\u0113 Bruklina ierakstus. <\/p>\n<p>&#8220;The Sun&#8221; avots skaidro: &#8220;Paties\u012bb\u0101 sabiedr\u012bba nezina visus \u0161\u012b sirdi ploso\u0161\u0101 st\u0101sta faktus un dom\u0101, ka Bruklins vienk\u0101r\u0161i bija rupj\u0161, blo\u0137\u0113jot savus vec\u0101kus. Ta\u010du jau pag\u0101ju\u0161\u0101s vasaras beig\u0101s vi\u0146\u0161 nos\u016bt\u012bja vi\u0146iem v\u0113stuli ar l\u016bgumu jebk\u0101du sazi\u0146u turpm\u0101k veikt tikai ar advok\u0101tu starpniec\u012bbu. Vi\u0146\u0161 v\u0113l\u0113j\u0101s konfliktu risin\u0101t priv\u0101ti, nevis publiski. Bruklins uzskat\u012bja, ka vec\u0101ki turpina ignor\u0113t vi\u0146a v\u0113lmes un regul\u0101ri piemin vi\u0146u tie\u0161saist\u0113, nevis sazin\u0101s ar vi\u0146u person\u012bgi.&#8221; <\/p>\n<p>Avots piebilst, ka Deivids un Viktorija situ\u0101ciju redz cit\u0101di: &#8220;Vi\u0146i vienk\u0101r\u0161i v\u0113l\u0113j\u0101s pateikt savam m\u012b\u013cotajam vec\u0101kajam d\u0113lam, ka durvis vienm\u0113r ir atv\u0113rtas un ka vi\u0146iem joproj\u0101m r\u016bp. P\u0113c \u0161\u012bs v\u0113stules vi\u0146iem faktiski nebija iesp\u0113ju ar vi\u0146u sazin\u0101ties. Protams, vi\u0146i j\u016btas apmulsu\u0161i un satriekti par notikumu att\u012bst\u012bbu. No vi\u0146u puses nav \u013caunpr\u0101t\u012bbas \u2013 tikai ba\u017eas. Ta\u010du ir skaidrs, ka, ja izl\u012bgums visp\u0101r notiks, tas notiks prom no zi\u0146k\u0101r\u012bg\u0101m ac\u012bm un tikai priv\u0101ti. Diem\u017e\u0113l \u0161obr\u012bd tas \u0161\u0137iet t\u0101ls ce\u013c\u0161, \u0146emot v\u0113r\u0101, ka sazi\u0146a notiek tikai ar juristu starpniec\u012bbu.&#8221; <\/p>\n<p>2025. gada decembr\u012b Bruklins &#8220;Instagram&#8221; public\u0113ja savu vistas recepti, ko Viktorija atz\u012bm\u0113ja ar &#8220;Pat\u012bk&#8221;. 48 stundu laik\u0101 vi\u0146\u0161 bija blo\u0137\u0113jis savus tuv\u0101kos \u0123imenes locek\u013cus. Uz laiku ar\u012b br\u0101\u013ci Romeo un Kr\u016bzs noblo\u0137\u0113ja Bruklinu &#8220;Instagram&#8221;. Bruklina draugi \u0161o notikumu d\u0113v\u0113 par &#8220;pirmo soci\u0101lo t\u012bklu kara aktu&#8221;. <\/p>\n<p>50 gadus veco Deividu un 51 gadu veco Viktoriju p\u0101rst\u0101v kara\u013ca \u010c\u0101rlza advok\u0101tu birojs &#8220;Harbottle &amp; Lewis&#8221;, kura pakalpojumu izmaksas sasniedz 800 m\u0101rci\u0146as stund\u0101. Nav zin\u0101ms, k\u0101 vi\u0146i rea\u0123\u0113ja uz d\u0113la s\u0101kotn\u0113jo v\u0113stuli, ta\u010du tiek zi\u0146ots, ka t\u0101 bijusi p\u0113d\u0113j\u0101 ofici\u0101l\u0101 sazi\u0146a starp pus\u0113m. <\/p>\n<p>&#8220;The Sun&#8221; avots uzsver: &#8220;Lai b\u016btu skaidrs \u2013 tas bija juridisks l\u016bgums, nevis tie\u0161s drauds. Tom\u0113r tas ir bezprecedenta solis, kas par\u0101da, cik nopietni konflikts ir saasin\u0101jies.&#8221; <\/p>\n<p>\u0122imenes draugi tablo\u012bdam st\u0101st\u012bju\u0161i, ka Bekhemi uzaicin\u0101ja Bruklinu piedal\u012bties svin\u012bb\u0101s par godu Deivida iecel\u0161anai bru\u0146inieku k\u0101rt\u0101 2025. gada novembr\u012b. Tiek min\u0113ts, ka vi\u0146\u0161 pied\u0101v\u0101jis ar\u012b &#8220;ol\u012bvas zaru&#8221; Nikolai, uzaicinot vi\u0146u uz vakari\u0146\u0101m. Tom\u0113r Bruklins \u0161o soli uztv\u0113ris k\u0101 v\u0113l vienu vec\u0101ku &#8220;gaslighting&#8221; piem\u0113ru \u2013 sabiedrisko attiec\u012bbu \u017eestu, nevis patiesu izl\u012bguma m\u0113\u0123in\u0101jumu. Deivids savuk\u0101rt esot vienk\u0101r\u0161i v\u0113l\u0113jies redz\u0113t savu d\u0113lu vien\u0101 no noz\u012bm\u012bg\u0101kaj\u0101m dz\u012bves dien\u0101m. <\/p>\n<p>Bekhemu konflikts ar Bruklinu un Nikolu aizs\u0101k\u0101s gandr\u012bz pirms \u010detriem gadiem un \u0161obr\u012bd sasniedzis zem\u0101ko punktu. P\u0101ra draugi apgalvo, ka nesaska\u0146as s\u0101k\u0101s p\u0113c tam, kad Bruklina br\u0101lis Romeo s\u0101ka attiec\u012bbas ar vi\u0146a biju\u0161o draudzeni Kimu T\u0113rnbulu. Bekhemi savuk\u0101rt vainu liel\u0101koties nove\u013c uz Nikolu, raksturojot vi\u0146u k\u0101 sare\u017e\u0123\u012btu person\u012bbu un noliedzot romantisku pag\u0101tni starp Bruklinu un Kimu. <\/p>\n<p>\u0160\u0101da attieksme, saprotams, s\u0101pin\u0101jusi Nikolu, kuras t\u0113va \u2013 miljardiera Nelsona Pelca \u2013 bag\u0101t\u012bba p\u0101rsniedz tr\u012bs miljardus m\u0101rci\u0146u. Vi\u0146a uzskata, ka attiec\u012bbas ar n\u0101kamajiem v\u012bra vec\u0101kiem k\u013cuva neizturamas jau m\u0113ne\u0161os pirms 2022. gada k\u0101z\u0101m. Intervij\u0101 \u017eurn\u0101lam &#8220;Variety&#8221; Nikola apstiprin\u0101ja, ka Viktorija atteikusies veidot vi\u0146as k\u0101zu kleitu, t\u0101p\u0113c vi\u0146a izv\u0113l\u0113jusies p\u0113c pas\u016bt\u012bjuma darin\u0101tu &#8220;Valentino&#8221; t\u0113rpu. <\/p>\n<p>Viktorija tika ar\u012b kritiz\u0113ta par to, ka k\u0101zu dien\u0101, p\u0113c Bekhemu uzaicin\u0101t\u0101 dzied\u0101t\u0101ja Marka Entonija uzrunas, vi\u0146a \u2013 nevis l\u012bgava Nikola \u2013 tika nosaukta par &#8220;skaist\u0101ko sievieti telp\u0101&#8221;. <\/p>\n<p>Lasiet ar\u012b<\/p>\n<p><a href=\"https:\/\/www.delfi.lv\/life\/42051912\/slavenibas\/120079606\/bruklins-bekhems-speris-soli-tuvak-izligumam\" class=\"headline__image-link\" itemprop=\"url\" rel=\"nofollow noopener\" target=\"_blank\"><img decoding=\"async\" loading=\"lazy\" itemprop=\"image\" src=\"https:\/\/www.europesays.com\/lv\/wp-content\/uploads\/2026\/01\/5b99d15b-51c2-4a1f-9372-a58eb4277144.jpg\" alt=\"Bruklins Bekhems sp\u0113ris soli tuv\u0101k izl\u012bgumam\" title=\"Bruklins Bekhems sp\u0113ris soli tuv\u0101k izl\u012bgumam\" class=\"headline__image img-fluid w-100\"\/><\/a><\/p>\n<p>K\u0101du laiku \u0161\u0137ita, ka \u0123imen\u0113 iest\u0101jies miers \u2013 Nikola apmekl\u0113ja Viktorijas modes skati Par\u012bz\u0113, bet Viktorija bija kl\u0101t filmas &#8220;Lola&#8221; pirmizr\u0101d\u0113. Tom\u0113r \u0123imenes nav sazin\u0101ju\u0161\u0101s jau 13 m\u0113ne\u0161us, un jaun\u0101kais publiskais konflikts notika pirms Deivida 50. dzim\u0161anas dienas svin\u012bb\u0101m 2025. gada maij\u0101, kuras Bruklins un Nikola neapmekl\u0113ja. P\u0101ris apgalvo, ka priv\u0101ti s\u016bt\u012bja Deividam \u012bszi\u0146as ar l\u016bgumu satikties uz kafiju, ta\u010du sa\u0146\u0113ma atteikumu. <\/p>\n<p class=\"m-0\">Seko &#8220;Delfi&#8221; ar\u012b  <a target=\"_blank\" href=\"https:\/\/www.instagram.com\/delfi.lv\/\" rel=\"nofollow noopener\">Instagram<\/a>  un <a target=\"_blank\" href=\"https:\/\/www.youtube.com\/channel\/UCw5foWtcJvAbUm64rv7jwUQ\" rel=\"nofollow noopener\">YouTube<\/a>  profil\u0101 \u2013 pievienojies, lai uzzin\u0101tu svar\u012bg\u0101ko un interesant\u0101ko pirmais!<\/p>\n<p>Publik\u0101cijas saturs vai t\u0101s jebk\u0101da apjoma da\u013ca ir aizsarg\u0101ts autorties\u012bbu objekts Autorties\u012bbu likuma izpratn\u0113, un t\u0101 izmanto\u0161ana bez izdev\u0113ja at\u013caujas ir aizliegta. Vair\u0101k lasi  <a target=\"_blank\" href=\"https:\/\/www.delfi.lv\/noteikumi#autortiesibas\" rel=\"nofollow noopener\">\u0161eit<\/a><script async src=\"\/\/www.instagram.com\/embed.js\"><\/script><\/p>\n","protected":false},"excerpt":{"rendered":"Bruklins Bekhems ir nos\u016bt\u012bjis saviem vec\u0101kiem \u2013 Deividam un Viktorijai Bekhemiem \u2013 juridisku pazi\u0146ojumu, br\u012bdinot, ka turpm\u0101k jebk\u0101da&hellip;\n","protected":false},"author":2,"featured_media":98965,"comment_status":"","ping_status":"","sticky":false,"template":"","format":"standard","meta":{"footnotes":""},"categories":[19],"tags":[11549,89,90,35,39,38,36,37,34,40,24254,6341],"class_list":{"0":"post-98964","1":"post","2":"type-post","3":"status-publish","4":"format-standard","5":"has-post-thumbnail","7":"category-izklaide","8":"tag-deivids-bekhems","9":"tag-entertainment","10":"tag-izklaide","11":"tag-latvia","12":"tag-latvian","13":"tag-latviesu","14":"tag-latviesu-valoda","15":"tag-latviesuvaloda","16":"tag-latvija","17":"tag-lv","18":"tag-strids","19":"tag-viktorija-bekhema"},"share_on_mastodon":{"url":"https:\/\/pubeurope.com\/@lv\/115864039754202393","error":""},"_links":{"self":[{"href":"https:\/\/www.europesays.com\/lv\/wp-json\/wp\/v2\/posts\/98964","targetHints":{"allow":["GET"]}}],"collection":[{"href":"https:\/\/www.europesays.com\/lv\/wp-json\/wp\/v2\/posts"}],"about":[{"href":"https:\/\/www.europesays.com\/lv\/wp-json\/wp\/v2\/types\/post"}],"author":[{"embeddable":true,"href":"https:\/\/www.europesays.com\/lv\/wp-json\/wp\/v2\/users\/2"}],"replies":[{"embeddable":true,"href":"https:\/\/www.europesays.com\/lv\/wp-json\/wp\/v2\/comments?post=98964"}],"version-history":[{"count":0,"href":"https:\/\/www.europesays.com\/lv\/wp-json\/wp\/v2\/posts\/98964\/revisions"}],"wp:featuredmedia":[{"embeddable":true,"href":"https:\/\/www.europesays.com\/lv\/wp-json\/wp\/v2\/media\/98965"}],"wp:attachment":[{"href":"https:\/\/www.europesays.com\/lv\/wp-json\/wp\/v2\/media?parent=98964"}],"wp:term":[{"taxonomy":"category","embeddable":true,"href":"https:\/\/www.europesays.com\/lv\/wp-json\/wp\/v2\/categories?post=98964"},{"taxonomy":"post_tag","embeddable":true,"href":"https:\/\/www.europesays.com\/lv\/wp-json\/wp\/v2\/tags?post=98964"}],"curies":[{"name":"wp","href":"https:\/\/api.w.org\/{rel}","templated":true}]}}