{"id":98978,"date":"2026-01-09T07:59:12","date_gmt":"2026-01-09T07:59:12","guid":{"rendered":"https:\/\/www.europesays.com\/lv\/98978\/"},"modified":"2026-01-09T07:59:12","modified_gmt":"2026-01-09T07:59:12","slug":"lelde-dreimane-apstrid-atlaisanu-no-dailes-teatra-noradot-uz-neetisku-attieksmi-lente-lv-2","status":"publish","type":"post","link":"https:\/\/www.europesays.com\/lv\/98978\/","title":{"rendered":"Lelde Dreimane apstr\u012bd atlai\u0161anu no Dailes te\u0101tra, nor\u0101dot uz ne\u0113tisku attieksmi\u00a0\u2014\u00a0Lente.lv"},"content":{"rendered":"<p>Dailes te\u0101tris veic \u0161tatu samazin\u0101\u0161anu, aktrise Lelde Dreimane izsaka iebildumus<\/p>\n<p>Dailes te\u0101tr\u012b janv\u0101ra s\u0101kum\u0101 notiek person\u0101la optimiz\u0101cija, kas sk\u0101rusi ar\u012b ilggad\u0113jo aktrisi Leldi Dreimani. K\u0101 inform\u0113 port\u0101ls jauns.lv, aktrise savos soci\u0101lajos t\u012bklos 6. janv\u0101r\u012b pazi\u0146oja, ka sa\u0146\u0113musi pied\u0101v\u0101jumu br\u012bvpr\u0101t\u012bgi pamest te\u0101tra \u0161tata sast\u0101vu vai tikt atlaistai. Dreimane pau\u017e neizpratni par notiku\u0161o un ir ap\u0146\u0113m\u012bbas pilna apstr\u012bd\u0113t darba attiec\u012bbu izbeig\u0161anu juridisk\u0101 ce\u013c\u0101. Vi\u0146a nor\u0101da, ka sarunas laik\u0101 ar te\u0101tra direktoru Juri \u017dagaru izjutusi spiedienu un ne\u0113tisku attieksmi.<\/p>\n<p>Aktrises st\u0101sts par spiedienu un neordin\u0101ru situ\u0101ciju<\/p>\n<p>Lelde Dreimane soci\u0101lajos medijos atkl\u0101jusi, ka vi\u0146ai pied\u0101v\u0101ts parakst\u012bt dokumentu un aiziet no darba Dailes te\u0101tr\u012b, pret\u0113j\u0101 gad\u012bjum\u0101 notiks atlai\u0161anas process \u0161tatu samazin\u0101\u0161anas d\u0113\u013c. Aktrise ir \u0161ok\u0113ta par notiku\u0161o un nesaprot situ\u0101cijas iemeslus. Vi\u0146a st\u0101sta, ka sarunas laik\u0101 te\u0101tra direktors Juris \u017dagars pied\u0101v\u0101jis izsaukt kabinet\u0101 divus kol\u0113\u0123us k\u0101 lieciniekus, kuri dokumentu parakst\u012btu vi\u0146as viet\u0101, ko aktrise nod\u0113v\u0113jusi par &#8220;ekstra neordin\u0101ru situ\u0101ciju&#8221;. Dreimane uzsver, ka pieprasa laiku p\u0101rdom\u0101m, jo nav gatava steigties ar tik b\u016btisku l\u0113mumu. Vi\u0146a ir uztic\u0113jusi visus juridiskos procesus savam juristam un ir ap\u0146\u0113m\u012bbas pilna situ\u0101ciju izv\u0113rt\u0113t juridiski.<\/p>\n<p>Dailes te\u0101tra skaidrojums par \u0161tatu samazin\u0101\u0161anu<\/p>\n<p>Dailes te\u0101tris skaidro, ka person\u0101la optimiz\u0101cija ir saist\u012bta ar samazin\u0101tu valsts dot\u0101ciju 2026. gad\u0101 par 276 205 eiro, aicinot te\u0101tri rast risin\u0101jumus izmaksu samazin\u0101\u0161anai un ie\u0146\u0113mumu palielin\u0101\u0161anai. Te\u0101tris nor\u0101da, ka aktrises Lieldes Dreimanes \u0161tata vietas likvid\u0113\u0161ana pie\u0146emta, pamatojoties uz vi\u0146as zem\u0101ko noslodzi p\u0113d\u0113jo tr\u012bs sezonu laik\u0101 \u2013 vid\u0113ji 27 izr\u0101des sezon\u0101, kam\u0113r citi aktieri sp\u0113l\u0113ju\u0161i vair\u0101k nek\u0101 100 izr\u0101des. Dreimanei atk\u0101rtoti izteikts pied\u0101v\u0101jums p\u0101riet uz \u0101r\u0161tata attiec\u012bb\u0101m, turpinot sp\u0113l\u0113t eso\u0161aj\u0101s izr\u0101d\u0113s. T\u0101pat te\u0101tris skaidro, ka aktrises Olga Dre\u0123e un Lidija Pupure pa\u0161as izteiku\u0161as v\u0113lmi turpin\u0101t darbu \u0101r\u0161tata status\u0101, savuk\u0101rt aktrise Mirdza Martinsone \u0161obr\u012bd izskata \u0161\u0101du iesp\u0113ju.<\/p>\n<p>Reakcijas un sabiedr\u012bbas viedoklis<\/p>\n<p>Aktrises Leldes Dreimanes publiskot\u0101 inform\u0101cija izrais\u012bjusi pla\u0161as diskusijas sabiedr\u012bb\u0101 par darba attiec\u012bbu izbeig\u0161anas k\u0101rt\u012bbu un profesion\u0101lu vidi te\u0101tr\u012b. Da\u013ca sabiedr\u012bbas notiku\u0161o redz k\u0101 lo\u0123isku soli, savuk\u0101rt citi izsaka kritiku par te\u0101tra vad\u012bbas r\u012bc\u012bbu un attieksmi pret m\u0101ksliniekiem. Da\u017ei koment\u0113t\u0101ji nor\u0101da, ka konkr\u0113t\u0101 aktrise neesot te\u0101tra spo\u017eums un izcil\u012bba, bet citi uzsver, ka \u0161\u0101di gad\u012bjumi atspogu\u013co pla\u0161\u0101kas probl\u0113mas Latvijas darba vid\u0113.<\/p>\n","protected":false},"excerpt":{"rendered":"Dailes te\u0101tris veic \u0161tatu samazin\u0101\u0161anu, aktrise Lelde Dreimane izsaka iebildumus Dailes te\u0101tr\u012b janv\u0101ra s\u0101kum\u0101 notiek person\u0101la optimiz\u0101cija, kas&hellip;\n","protected":false},"author":2,"featured_media":98467,"comment_status":"","ping_status":"","sticky":false,"template":"","format":"standard","meta":{"footnotes":""},"categories":[19],"tags":[6717,454,15598,89,90,881,35,39,38,36,37,34,3714,40],"class_list":{"0":"post-98978","1":"post","2":"type-post","3":"status-publish","4":"format-standard","5":"has-post-thumbnail","7":"category-izklaide","8":"tag-atlaisana","9":"tag-dailes-teatris","10":"tag-darba-likums","11":"tag-entertainment","12":"tag-izklaide","13":"tag-juris-zagars","14":"tag-latvia","15":"tag-latvian","16":"tag-latviesu","17":"tag-latviesu-valoda","18":"tag-latviesuvaloda","19":"tag-latvija","20":"tag-lelde-dreimane","21":"tag-lv"},"share_on_mastodon":{"url":"https:\/\/pubeurope.com\/@lv\/115864086986936175","error":""},"_links":{"self":[{"href":"https:\/\/www.europesays.com\/lv\/wp-json\/wp\/v2\/posts\/98978","targetHints":{"allow":["GET"]}}],"collection":[{"href":"https:\/\/www.europesays.com\/lv\/wp-json\/wp\/v2\/posts"}],"about":[{"href":"https:\/\/www.europesays.com\/lv\/wp-json\/wp\/v2\/types\/post"}],"author":[{"embeddable":true,"href":"https:\/\/www.europesays.com\/lv\/wp-json\/wp\/v2\/users\/2"}],"replies":[{"embeddable":true,"href":"https:\/\/www.europesays.com\/lv\/wp-json\/wp\/v2\/comments?post=98978"}],"version-history":[{"count":0,"href":"https:\/\/www.europesays.com\/lv\/wp-json\/wp\/v2\/posts\/98978\/revisions"}],"wp:featuredmedia":[{"embeddable":true,"href":"https:\/\/www.europesays.com\/lv\/wp-json\/wp\/v2\/media\/98467"}],"wp:attachment":[{"href":"https:\/\/www.europesays.com\/lv\/wp-json\/wp\/v2\/media?parent=98978"}],"wp:term":[{"taxonomy":"category","embeddable":true,"href":"https:\/\/www.europesays.com\/lv\/wp-json\/wp\/v2\/categories?post=98978"},{"taxonomy":"post_tag","embeddable":true,"href":"https:\/\/www.europesays.com\/lv\/wp-json\/wp\/v2\/tags?post=98978"}],"curies":[{"name":"wp","href":"https:\/\/api.w.org\/{rel}","templated":true}]}}