{"id":99008,"date":"2026-01-09T08:21:12","date_gmt":"2026-01-09T08:21:12","guid":{"rendered":"https:\/\/www.europesays.com\/lv\/99008\/"},"modified":"2026-01-09T08:21:12","modified_gmt":"2026-01-09T08:21:12","slug":"pensiju-2-limena-planu-sniegums-ne-parak-labs-ne-ari-slikts","status":"publish","type":"post","link":"https:\/\/www.europesays.com\/lv\/99008\/","title":{"rendered":"Pensiju 2. l\u012bme\u0146a pl\u0101nu sniegums ne p\u0101r\u0101k labs, ne ar\u012b slikts"},"content":{"rendered":"<p>Pag\u0101ju\u0161ais gads pasaules finan\u0161u tirgos bijis visai v\u0113trains, ta\u010du galarezult\u0101t\u0101 ar pozit\u012bvu ievirzi. Tas atspogu\u013cojas ar\u012b Latvijas pensiju 2. l\u012bme\u0146a r\u0101d\u012bt\u0101jos. Tiesa, attiec\u012bb\u0101 uz akt\u012bv\u0101kajiem pensiju pl\u0101niem ar saviem pensiju p\u0101rvaldniekiem b\u016btu pamats diskusij\u0101m, vai sniegums var\u0113ja b\u016bt lab\u0101ks.<\/p>\n<p>Septi\u0146us vai devi\u0146us procentus v\u0113rtu pe\u013c\u0146u gad\u0101 nevar\u0113tu uzskat\u012bt par mazu, tom\u0113r ir pamats diskusij\u0101m, vai ir nopeln\u012bts pietiekami, ja m\u016bsu pensiju kr\u0101j\u0113ju sniegumu sal\u012bdzina\u2026<\/p>\n","protected":false},"excerpt":{"rendered":"Pag\u0101ju\u0161ais gads pasaules finan\u0161u tirgos bijis visai v\u0113trains, ta\u010du galarezult\u0101t\u0101 ar pozit\u012bvu ievirzi. Tas atspogu\u013cojas ar\u012b Latvijas pensiju&hellip;\n","protected":false},"author":2,"featured_media":98886,"comment_status":"","ping_status":"","sticky":false,"template":"","format":"standard","meta":{"footnotes":""},"categories":[12],"tags":[23,28,29,32,33,22,30,31,35,39,38,36,37,34,40,20,7991,26,27,24,25,3149,21],"class_list":{"0":"post-99008","1":"post","2":"type-post","3":"status-publish","4":"format-standard","5":"has-post-thumbnail","7":"category-latvija","8":"tag-aktualitates","9":"tag-breaking-news","10":"tag-breakingnews","11":"tag-featured-news","12":"tag-featurednews","13":"tag-headlines","14":"tag-latest-news","15":"tag-latestnews","16":"tag-latvia","17":"tag-latvian","18":"tag-latviesu","19":"tag-latviesu-valoda","20":"tag-latviesuvaloda","21":"tag-latvija","22":"tag-lv","23":"tag-news","24":"tag-pensiju-2-limenis","25":"tag-popularakas-zinas","26":"tag-popularakaszinas","27":"tag-top-stories","28":"tag-topstories","29":"tag-tvnet-bizness","30":"tag-zinas"},"share_on_mastodon":{"url":"https:\/\/pubeurope.com\/@lv\/115864173537789299","error":""},"_links":{"self":[{"href":"https:\/\/www.europesays.com\/lv\/wp-json\/wp\/v2\/posts\/99008","targetHints":{"allow":["GET"]}}],"collection":[{"href":"https:\/\/www.europesays.com\/lv\/wp-json\/wp\/v2\/posts"}],"about":[{"href":"https:\/\/www.europesays.com\/lv\/wp-json\/wp\/v2\/types\/post"}],"author":[{"embeddable":true,"href":"https:\/\/www.europesays.com\/lv\/wp-json\/wp\/v2\/users\/2"}],"replies":[{"embeddable":true,"href":"https:\/\/www.europesays.com\/lv\/wp-json\/wp\/v2\/comments?post=99008"}],"version-history":[{"count":0,"href":"https:\/\/www.europesays.com\/lv\/wp-json\/wp\/v2\/posts\/99008\/revisions"}],"wp:featuredmedia":[{"embeddable":true,"href":"https:\/\/www.europesays.com\/lv\/wp-json\/wp\/v2\/media\/98886"}],"wp:attachment":[{"href":"https:\/\/www.europesays.com\/lv\/wp-json\/wp\/v2\/media?parent=99008"}],"wp:term":[{"taxonomy":"category","embeddable":true,"href":"https:\/\/www.europesays.com\/lv\/wp-json\/wp\/v2\/categories?post=99008"},{"taxonomy":"post_tag","embeddable":true,"href":"https:\/\/www.europesays.com\/lv\/wp-json\/wp\/v2\/tags?post=99008"}],"curies":[{"name":"wp","href":"https:\/\/api.w.org\/{rel}","templated":true}]}}