{"id":99021,"date":"2026-01-09T08:31:19","date_gmt":"2026-01-09T08:31:19","guid":{"rendered":"https:\/\/www.europesays.com\/lv\/99021\/"},"modified":"2026-01-09T08:31:19","modified_gmt":"2026-01-09T08:31:19","slug":"mes-seit-paliksim-intervija-ar-jauno-airbaltic-vaditaju-erno-hildenu","status":"publish","type":"post","link":"https:\/\/www.europesays.com\/lv\/99021\/","title":{"rendered":"\u00abM\u0113s \u0161eit paliksim.\u00bb Intervija ar jauno airBaltic vad\u012bt\u0101ju Erno Hild\u0113nu"},"content":{"rendered":"<p>                                <img decoding=\"async\" src=\"https:\/\/www.europesays.com\/lv\/wp-content\/uploads\/2026\/01\/20260107103222695e1a1698ad5.png.jpeg\" alt=\"Erno Hild\u0113ns: \u00abEs r\u016bp\u012bgi g\u0101d\u0101\u0161u, lai airBaltic n\u0101kotn\u0113 b\u016btu finansi\u0101li stabils uz\u0146\u0113mums.\u00bb\" class=\"w-full\"\/><\/p>\n<p class=\"caption mt-3 mb-6 font-serif\">\n                                                                                                Erno Hild\u0113ns: \u00abEs r\u016bp\u012bgi g\u0101d\u0101\u0161u, lai airBaltic n\u0101kotn\u0113 b\u016btu finansi\u0101li stabils uz\u0146\u0113mums.\u00bb Foto \u2014 Edmunds Brencis                            <\/p>\n<p class=\"h3 font-serif-bold font-bold mt-0 pt-2 pb-6\">\n                                Apzinoties izaicino\u0161o finan\u0161u situ\u0101ciju, jaunais airBaltic vad\u012bt\u0101js Erno Hild\u0113ns sola nevis vienk\u0101r\u0161i taup\u012bt, bet dom\u0101t par ie\u0146\u0113mumu efektivit\u0101ti\n                            <\/p>\n<p style=\"margin-left:0.0px;\">Nosv\u0113rts un mier\u012bgs. T\u0101ds \u0161\u0137iet soms Erno Hild\u0113ns, kur\u0161 decembra s\u0101kum\u0101 st\u0101j\u0101s nacion\u0101l\u0101s aviokomp\u0101nijas airBaltic vad\u012bt\u0101ja amat\u0101. Vi\u0146\u0161 \u0161\u0137iet m\u012bc\u012bts no citiem m\u0101liem nek\u0101 priek\u0161tecis, vald\u012bbas uztic\u012bbu p\u0113rn zaud\u0113ju\u0161ais Martins Gauss. Abus esmu interv\u0113jusi pie \u0161\u012b pa\u0161a san\u0101ksmju galda airBaltic \u0113k\u0101 ar skatu uz lidma\u0161\u012bnu za\u013caj\u0101m ast\u0113m.\u00a0<\/p>\n<p style=\"margin-left:0.0px;\">Gauss bija ekspres\u012bvs un aizraut\u012bgs, sarunas laik\u0101 reiz\u0113m l\u0113ca k\u0101j\u0101s, lai nor\u0101d\u012btu uz k\u0101du vietu pa\u0161a r\u0101d\u012btaj\u0101 prezent\u0101cij\u0101, kurai v\u0113l\u0113j\u0101s piev\u0113rst \u012bpa\u0161u uzman\u012bbu. T\u0101 vien \u0161\u0137ita, ka Gausa magn\u0113tisk\u0101 harisma mudin\u0101ja notic\u0113t veiksmes st\u0101stam, ko vi\u0146\u0161 tik kr\u0101\u0161\u0146i uzb\u016bra v\u0101rdos.\u00a0<\/p>\n","protected":false},"excerpt":{"rendered":"Erno Hild\u0113ns: \u00abEs r\u016bp\u012bgi g\u0101d\u0101\u0161u, lai airBaltic n\u0101kotn\u0113 b\u016btu finansi\u0101li stabils uz\u0146\u0113mums.\u00bb Foto \u2014 Edmunds Brencis Apzinoties izaicino\u0161o&hellip;\n","protected":false},"author":2,"featured_media":99022,"comment_status":"","ping_status":"","sticky":false,"template":"","format":"standard","meta":{"footnotes":""},"categories":[16],"tags":[77,76,35,39,38,36,37,34,40],"class_list":{"0":"post-99021","1":"post","2":"type-post","3":"status-publish","4":"format-standard","5":"has-post-thumbnail","7":"category-bizness","8":"tag-bizness","9":"tag-business","10":"tag-latvia","11":"tag-latvian","12":"tag-latviesu","13":"tag-latviesu-valoda","14":"tag-latviesuvaloda","15":"tag-latvija","16":"tag-lv"},"share_on_mastodon":{"url":"https:\/\/pubeurope.com\/@lv\/115864212794905159","error":""},"_links":{"self":[{"href":"https:\/\/www.europesays.com\/lv\/wp-json\/wp\/v2\/posts\/99021","targetHints":{"allow":["GET"]}}],"collection":[{"href":"https:\/\/www.europesays.com\/lv\/wp-json\/wp\/v2\/posts"}],"about":[{"href":"https:\/\/www.europesays.com\/lv\/wp-json\/wp\/v2\/types\/post"}],"author":[{"embeddable":true,"href":"https:\/\/www.europesays.com\/lv\/wp-json\/wp\/v2\/users\/2"}],"replies":[{"embeddable":true,"href":"https:\/\/www.europesays.com\/lv\/wp-json\/wp\/v2\/comments?post=99021"}],"version-history":[{"count":0,"href":"https:\/\/www.europesays.com\/lv\/wp-json\/wp\/v2\/posts\/99021\/revisions"}],"wp:featuredmedia":[{"embeddable":true,"href":"https:\/\/www.europesays.com\/lv\/wp-json\/wp\/v2\/media\/99022"}],"wp:attachment":[{"href":"https:\/\/www.europesays.com\/lv\/wp-json\/wp\/v2\/media?parent=99021"}],"wp:term":[{"taxonomy":"category","embeddable":true,"href":"https:\/\/www.europesays.com\/lv\/wp-json\/wp\/v2\/categories?post=99021"},{"taxonomy":"post_tag","embeddable":true,"href":"https:\/\/www.europesays.com\/lv\/wp-json\/wp\/v2\/tags?post=99021"}],"curies":[{"name":"wp","href":"https:\/\/api.w.org\/{rel}","templated":true}]}}