{"id":99055,"date":"2026-01-09T08:50:07","date_gmt":"2026-01-09T08:50:07","guid":{"rendered":"https:\/\/www.europesays.com\/lv\/99055\/"},"modified":"2026-01-09T08:50:07","modified_gmt":"2026-01-09T08:50:07","slug":"vai-grenlande-svarigaka-par-nato-tramps-intervija-liek-noprast-ka-asv-naksies-izdarit-izveli","status":"publish","type":"post","link":"https:\/\/www.europesays.com\/lv\/99055\/","title":{"rendered":"Vai Grenlande svar\u012bg\u0101ka par NATO? Tramps intervij\u0101 liek noprast, ka ASV n\u0101ksies izdar\u012bt izv\u0113li"},"content":{"rendered":"<p>ASV prezidents laikrakstam ar\u012b sac\u012bja, ka vi\u0146\u0161 nej\u016btas pak\u013cauts starptautiskaj\u0101m ties\u012bb\u0101m un ka vi\u0146u ierobe\u017eo tikai pa\u0161a sirdsapzi\u0146a. \u201cMana pa\u0161a mor\u0101le. Mans pa\u0161a pr\u0101ts. Tas ir vien\u012bgais, kas var mani aptur\u0113t,\u201d vi\u0146\u0161 teica. \u201cMan nav vajadz\u012bgas starptautisk\u0101s ties\u012bbas,\u201d piebilda Tramps.<\/p>\n<p>Noskaties: <a href=\"https:\/\/tv3.lv\/zinas\/arvalstis\/asv-likumdeveji-gatavi-bremzet-trampa-ricibu-grenlandes-jautajuma\/\" rel=\"nofollow noopener\" target=\"_blank\">ASV likumdev\u0113ji gatavi bremz\u0113t Trampa r\u012bc\u012bbu Grenlandes jaut\u0101jum\u0101<\/a><\/p>\n<p>D\u0101nijas premjerministre Mete Frederiksena 5. janv\u0101r\u012b br\u012bdin\u0101ja, ka ASV milit\u0101rs iebrukums Grenland\u0113 noz\u012bm\u0113tu milit\u0101r\u0101s alianses beigas. \u201cJa ASV izv\u0113l\u0113tos milit\u0101ri uzbrukt citai NATO valstij, tad viss apst\u0101tos, tostarp NATO un l\u012bdz ar to ar\u012b dro\u0161\u012bba, kas izveidota kop\u0161 Otr\u0101 pasaules kara beig\u0101m,\u201d vi\u0146a sac\u012bja.<\/p>\n<p>Ar\u012b Francijas prezidents Emanuels Makrons ceturtdien sav\u0101 ikgad\u0113j\u0101 \u0101rpolitikas uzrun\u0101 nor\u0101d\u012bja, ka Va\u0161ingtona \u201cpak\u0101peniski nov\u0113r\u0161as no da\u017eiem saviem sabiedrotajiem un atk\u0101pjas no starptautiskajiem noteikumiem, kurus pati iepriek\u0161 ir veicin\u0101jusi\u201d.<\/p>\n<p>Tramps, kur\u0161 jau sen ir skeptisks pret NATO, \u0161oned\u0113\u013c no jauna rad\u012bja \u0161aubas savos sabiedrotajos, pazi\u0146ojot, ka nav p\u0101rliecin\u0101ts, vai kr\u012bzes gad\u012bjum\u0101 NATO n\u0101ktu pal\u012bg\u0101 Va\u0161ingtonai. \u201cEs \u0161aubos, ka NATO b\u016btu kop\u0101 ar mums, ja mums tas patie\u0161\u0101m b\u016btu vajadz\u012bgs,\u201d vi\u0146\u0161 rakst\u012bja platform\u0101 Truth Social, vienlaikus piebilstot, ka ASV turpin\u0101s atbalst\u012bt savus NATO sabiedrotos.<\/p>\n<p class=\"tv3-fw-500\">Zi\u0146o par k\u013c\u016bdu rakst\u0101<\/p>\n<p class=\"d-md-block d-none\">Iez\u012bm\u0113 k\u013c\u016bdaino tekstu un spied Ctrl+Enter.<\/p>\n<p class=\"d-md-none d-block\">Iez\u012bm\u0113 k\u013c\u016bdaino tekstu un zi\u0146o par to!<\/p>\n","protected":false},"excerpt":{"rendered":"ASV prezidents laikrakstam ar\u012b sac\u012bja, ka vi\u0146\u0161 nej\u016btas pak\u013cauts starptautiskaj\u0101m ties\u012bb\u0101m un ka vi\u0146u ierobe\u017eo tikai pa\u0161a sirdsapzi\u0146a.&hellip;\n","protected":false},"author":2,"featured_media":99056,"comment_status":"","ping_status":"","sticky":false,"template":"","format":"standard","meta":{"footnotes":""},"categories":[14],"tags":[23,57,24270,28,29,32,33,22,30,31,35,39,38,36,37,34,40,20,26,27,24,25,54,55,56,21,58],"class_list":{"0":"post-99055","1":"post","2":"type-post","3":"status-publish","4":"format-standard","5":"has-post-thumbnail","7":"category-zinas-no-arvalstim","8":"tag-aktualitates","9":"tag-arvalstim","10":"tag-asvdonalds-trampsgrenlandenato","11":"tag-breaking-news","12":"tag-breakingnews","13":"tag-featured-news","14":"tag-featurednews","15":"tag-headlines","16":"tag-latest-news","17":"tag-latestnews","18":"tag-latvia","19":"tag-latvian","20":"tag-latviesu","21":"tag-latviesu-valoda","22":"tag-latviesuvaloda","23":"tag-latvija","24":"tag-lv","25":"tag-news","26":"tag-popularakas-zinas","27":"tag-popularakaszinas","28":"tag-top-stories","29":"tag-topstories","30":"tag-world","31":"tag-world-news","32":"tag-worldnews","33":"tag-zinas","34":"tag-zinas-no-arvalstim"},"share_on_mastodon":{"url":"https:\/\/pubeurope.com\/@lv\/115864287542365379","error":""},"_links":{"self":[{"href":"https:\/\/www.europesays.com\/lv\/wp-json\/wp\/v2\/posts\/99055","targetHints":{"allow":["GET"]}}],"collection":[{"href":"https:\/\/www.europesays.com\/lv\/wp-json\/wp\/v2\/posts"}],"about":[{"href":"https:\/\/www.europesays.com\/lv\/wp-json\/wp\/v2\/types\/post"}],"author":[{"embeddable":true,"href":"https:\/\/www.europesays.com\/lv\/wp-json\/wp\/v2\/users\/2"}],"replies":[{"embeddable":true,"href":"https:\/\/www.europesays.com\/lv\/wp-json\/wp\/v2\/comments?post=99055"}],"version-history":[{"count":0,"href":"https:\/\/www.europesays.com\/lv\/wp-json\/wp\/v2\/posts\/99055\/revisions"}],"wp:featuredmedia":[{"embeddable":true,"href":"https:\/\/www.europesays.com\/lv\/wp-json\/wp\/v2\/media\/99056"}],"wp:attachment":[{"href":"https:\/\/www.europesays.com\/lv\/wp-json\/wp\/v2\/media?parent=99055"}],"wp:term":[{"taxonomy":"category","embeddable":true,"href":"https:\/\/www.europesays.com\/lv\/wp-json\/wp\/v2\/categories?post=99055"},{"taxonomy":"post_tag","embeddable":true,"href":"https:\/\/www.europesays.com\/lv\/wp-json\/wp\/v2\/tags?post=99055"}],"curies":[{"name":"wp","href":"https:\/\/api.w.org\/{rel}","templated":true}]}}