{"id":99084,"date":"2026-01-09T09:08:11","date_gmt":"2026-01-09T09:08:11","guid":{"rendered":"https:\/\/www.europesays.com\/lv\/99084\/"},"modified":"2026-01-09T09:08:11","modified_gmt":"2026-01-09T09:08:11","slug":"lietuvas-varasiestades-izvertes-krievijas-opozicionara-volkova-izteikumus-par-ukrainas-vadibu-lente-lv-2","status":"publish","type":"post","link":"https:\/\/www.europesays.com\/lv\/99084\/","title":{"rendered":"Lietuvas varasiest\u0101des izv\u0113rt\u0113s Krievijas opozicion\u0101ra Volkova izteikumus par Ukrainas vad\u012bbu\u00a0\u2014\u00a0Lente.lv"},"content":{"rendered":"<p>Lietuvas iest\u0101des izv\u0113rt\u0113 Volkova izteikumus<\/p>\n<p>Lietuvas Migr\u0101cijas departaments ir v\u0113rsies pie Valsts dro\u0161\u012bbas departamenta ar l\u016bgumu izv\u0113rt\u0113t Krievijas opoz\u012bcijas p\u0101rst\u0101vja Leon\u012bda Volkova publiski paustos izteikumus par Ukrainas amatperson\u0101m. \u0160\u0101da r\u012bc\u012bba veikta, \u0146emot v\u0113r\u0101 iesp\u0113jamo nacion\u0101l\u0101s dro\u0161\u012bbas apdraud\u0113jumu. K\u0101 inform\u0113 Latvijas Sabiedriskie Mediji, turpm\u0101kie so\u013ci tiks noteikti p\u0113c Valsts dro\u0161\u012bbas departamenta sniegt\u0101s inform\u0101cijas. Lietuvas \u0101rlietu ministrs \u0136\u0113stutis Budris uzsv\u0113ris, ka izv\u0113rt\u0113\u0161an\u0101 tiks \u0146emta v\u0113r\u0101 pla\u0161\u0101ka konteksta inform\u0101cija, ne tikai atsevi\u0161\u0137i izteikumi.<\/p>\n<p>Skand\u0101ls izc\u0113lies p\u0113c nopludin\u0101tas sarakstes<\/p>\n<p>Str\u012bdus izrais\u012bju\u0161i publiskotie fragmenti no Volkova priv\u0101t\u0101s sarakstes ar biju\u0161o Krievijas opoz\u012bcijas organiz\u0101cijas &#8220;Pretkorupcijas fonds&#8221; (FBK) darbinieci Annu Tironu. \u0160ajos fragmentos Volkovs paudis nicino\u0161us koment\u0101rus par Ukrainas milit\u0101rperson\u0101m un amatperson\u0101m, tostarp Ukrainas Aizsardz\u012bbas ministrijas Galven\u0101s izl\u016bko\u0161anas p\u0101rvaldes vad\u012bt\u0101ju Kirilu Budanovu. Vi\u0146\u0161 ar\u012b paudis prieku par Krievu br\u012bvpr\u0101t\u012bgo korpusa (RDK) komandiera Denisa Kapustina n\u0101vi, nosaucot vi\u0146u par &#8220;nacistu&#8221; un &#8220;d\u0101vanu Krem\u013ca propagandai&#8221;.<\/p>\n<p>Volkovs atz\u012bst emocion\u0101lu r\u012bc\u012bbu<\/p>\n<p>Leon\u012bds Volkovs savuk\u0101rt platform\u0101 &#8220;X&#8221; atzinis, ka vi\u0146a zi\u0146a bijusi emocion\u0101la un asa. Vi\u0146\u0161 nor\u0101d\u012bjis, ka nevajadz\u0113ja rakst\u012bt \u0161o zi\u0146u un bija j\u0101kontrol\u0113 savas emocijas. Volkovs uzsv\u0113ris, ka turpina c\u012bn\u012bties pret Krievijas prezidenta Vladimira Putina re\u017e\u012bmu un nosauc Krievijas agresiju Ukrain\u0101 par beznosac\u012bjumu \u013caunumu.<\/p>\n<p>Politisk\u0101 reakcija Lietuv\u0101<\/p>\n<p>Lietuvas politi\u0137i rea\u0123\u0113ju\u0161i uz Volkova izteikumiem, da\u017ei pat aicinot izv\u0113rt\u0113t vi\u0146a uztur\u0113\u0161an\u0101s at\u013caujas anul\u0113\u0161anu. Lietuvas premjerministre Inga Ruginene uzskata, ka \u0161\u0101di izteikumi ir nepie\u0146emami un Volkovam nevajadz\u0113tu uztur\u0113ties Lietuv\u0101. Seima Nacion\u0101l\u0101s dro\u0161\u012bbas un aizsardz\u012bbas komitejas priek\u0161s\u0113d\u0113t\u0101js Laur\u012bns Kas\u010d\u016bns paudis, ka Volkova v\u0101rdi l\u012bdzin\u0101s biju\u0161\u0101 Krievijas prezidenta Dmitrija Medvedeva izteikumiem un ir sal\u012bdzin\u0101mi ar Krem\u013ca propagandu. Vi\u0146\u0161 ar\u012b nor\u0101d\u012bjis, ka Lietuvai nevajadz\u0113tu b\u016bt patv\u0113rumam &#8220;p\u0101rb\u0113dz\u0113jiem&#8221; no Krievijas un Baltkrievijas.<\/p>\n<p>Iesp\u0113jam\u0101s sekas un iepriek\u0161\u0113jie notikumi<\/p>\n<p>Volkovs Lietuv\u0101 dz\u012bvo leg\u0101li ar pagaidu uztur\u0113\u0161an\u0101s at\u013cauju. Iepriek\u0161, 2024. gada mart\u0101, Vi\u013c\u0146\u0101 notika uzbrukums vi\u0146am automa\u0161\u012bn\u0101, kur\u0101 tika salauzta vi\u0146a roka un sasista k\u0101ja. Lietuvas likumdo\u0161ana paredz, ka pagaidu uztur\u0113\u0161an\u0101s at\u013cauju var anul\u0113t, ja personas atra\u0161an\u0101s valst\u012b rada draudus nacion\u0101lajai dro\u0161\u012bbai, sabiedriskajai k\u0101rt\u012bbai vai cilv\u0113ku vesel\u012bbai.<\/p>\n","protected":false},"excerpt":{"rendered":"Lietuvas iest\u0101des izv\u0113rt\u0113 Volkova izteikumus Lietuvas Migr\u0101cijas departaments ir v\u0113rsies pie Valsts dro\u0161\u012bbas departamenta ar l\u016bgumu izv\u0113rt\u0113t Krievijas&hellip;\n","protected":false},"author":2,"featured_media":98825,"comment_status":"","ping_status":"","sticky":false,"template":"","format":"standard","meta":{"footnotes":""},"categories":[14],"tags":[23,57,28,29,32,33,22,24236,30,31,35,39,38,36,37,34,24035,1464,40,24235,20,26,27,24,25,276,54,55,56,21,58],"class_list":{"0":"post-99084","1":"post","2":"type-post","3":"status-publish","4":"format-standard","5":"has-post-thumbnail","7":"category-zinas-no-arvalstim","8":"tag-aktualitates","9":"tag-arvalstim","10":"tag-breaking-news","11":"tag-breakingnews","12":"tag-featured-news","13":"tag-featurednews","14":"tag-headlines","15":"tag-izteikumi","16":"tag-latest-news","17":"tag-latestnews","18":"tag-latvia","19":"tag-latvian","20":"tag-latviesu","21":"tag-latviesu-valoda","22":"tag-latviesuvaloda","23":"tag-latvija","24":"tag-leonids-volkovs","25":"tag-lietuva","26":"tag-lv","27":"tag-nacionala-drosiba","28":"tag-news","29":"tag-popularakas-zinas","30":"tag-popularakaszinas","31":"tag-top-stories","32":"tag-topstories","33":"tag-ukraina","34":"tag-world","35":"tag-world-news","36":"tag-worldnews","37":"tag-zinas","38":"tag-zinas-no-arvalstim"},"share_on_mastodon":{"url":"https:\/\/pubeurope.com\/@lv\/115864358375282778","error":""},"_links":{"self":[{"href":"https:\/\/www.europesays.com\/lv\/wp-json\/wp\/v2\/posts\/99084","targetHints":{"allow":["GET"]}}],"collection":[{"href":"https:\/\/www.europesays.com\/lv\/wp-json\/wp\/v2\/posts"}],"about":[{"href":"https:\/\/www.europesays.com\/lv\/wp-json\/wp\/v2\/types\/post"}],"author":[{"embeddable":true,"href":"https:\/\/www.europesays.com\/lv\/wp-json\/wp\/v2\/users\/2"}],"replies":[{"embeddable":true,"href":"https:\/\/www.europesays.com\/lv\/wp-json\/wp\/v2\/comments?post=99084"}],"version-history":[{"count":0,"href":"https:\/\/www.europesays.com\/lv\/wp-json\/wp\/v2\/posts\/99084\/revisions"}],"wp:featuredmedia":[{"embeddable":true,"href":"https:\/\/www.europesays.com\/lv\/wp-json\/wp\/v2\/media\/98825"}],"wp:attachment":[{"href":"https:\/\/www.europesays.com\/lv\/wp-json\/wp\/v2\/media?parent=99084"}],"wp:term":[{"taxonomy":"category","embeddable":true,"href":"https:\/\/www.europesays.com\/lv\/wp-json\/wp\/v2\/categories?post=99084"},{"taxonomy":"post_tag","embeddable":true,"href":"https:\/\/www.europesays.com\/lv\/wp-json\/wp\/v2\/tags?post=99084"}],"curies":[{"name":"wp","href":"https:\/\/api.w.org\/{rel}","templated":true}]}}