{"id":99113,"date":"2026-01-09T09:37:08","date_gmt":"2026-01-09T09:37:08","guid":{"rendered":"https:\/\/www.europesays.com\/lv\/99113\/"},"modified":"2026-01-09T09:37:08","modified_gmt":"2026-01-09T09:37:08","slug":"kamer-kurjers-valga-piegada-pastu-piedzeries-virietis-ielec-vina-auto-un-beg-no-policijas-1188-lv","status":"publish","type":"post","link":"https:\/\/www.europesays.com\/lv\/99113\/","title":{"rendered":"Kam\u0113r kurjers Valg\u0101 pieg\u0101d\u0101 pastu, piedz\u0113ries v\u012brietis ielec vi\u0146a auto un b\u0113g no policijas &#8211; 1188.lv"},"content":{"rendered":"<ol>\n<li><a href=\"https:\/\/news.google.com\/rss\/articles\/CBMiwAFBVV95cUxNZDE3dUV2RWFLZmlTV2FCRUU2cXJheDRhOVRuUWhibkdjNlhGdGJHNUJKSXEweEFUMWcxUjJGREp6MWZydjRwMjJSVk5kVXJSbnNGNi16Vy12WVJuMW1Ibk9FNGgzdm11bXhzd1Y1VjZBX0kwcEx6Ml9KQTdSNVpOMFZqcmJjTEdxeG1qaWJES3loRjlOUlJ5aWFyOXVwTUFJb1JYMkFGRzk0UVdhV05aeXNqLTRhNFp3T21RbmluSUc?oc=5\" target=\"_blank\" rel=\"nofollow noopener\">Kam\u0113r kurjers Valg\u0101 pieg\u0101d\u0101 pastu, piedz\u0113ries v\u012brietis ielec vi\u0146a auto un b\u0113g no policijas<\/a>&nbsp;&nbsp;1188.lv<\/li>\n<li><a href=\"https:\/\/news.google.com\/rss\/articles\/CBMivwFBVV95cUxNNEE2Q2NpYTVIbVEtVHFzdG1jTGFleUFVTHFKYUQtQnN3MjdueU8wUmE5TWR0TEQxMWNSaUlseUF0VGhXX0xqbHFsZ3ZBWVc4MzV0Y2JDdUNmbVJHR1dsMHJwT09MVkVBai1vMTlYbXh1TGFmdlZZLXM0MTdZdU5QdTUtWTl1VExMb2I0LXN2dTRHREZkT1JVamctOEhBa2pUQ29jMk5iN280LTZCNnNwUlNRNEk1R3dfTVNiS3ZZSQ?oc=5\" target=\"_blank\" rel=\"nofollow noopener\">Video: Valg\u0101 iereibis v\u012brietis nozog &#8220;Omniva&#8221; sp\u0113kratu un b\u0113g no policijas<\/a>&nbsp;&nbsp;Delfi<\/li>\n<li><a href=\"https:\/\/news.google.com\/rss\/articles\/CBMiwgFBVV95cUxNZTY1c3ZDcks5TExRRGJQQUo2TjZfYlBJYndLYUpQWFZaRzlMQ2JuYXc1Zk9wc1pkdnJjVGkwMFdLR0hGSE5VM3ZJTTBES2dFdVVQdGxnM1RHSlNfYWtMajFleEUzM1VZLVBaaE9oT0dLRjQxVjBXbm43VlY5UUpodV9MVi1JeWRRb0FJaHQwTENuVEU2UzQ4QTVpVHhWVks3VFBaa0pDWGh3RURqWHZKb21MbndSb0swTU9HWmN2Q0k5QQ?oc=5\" target=\"_blank\" rel=\"nofollow noopener\">VIDEO: neparasts incidents Valg\u0101 &#8211; iereibis v\u012brietis nozog \u201cOmniva\u201d auto un b\u0113g no policijas<\/a>&nbsp;&nbsp;Jauns.lv<\/li>\n<li><a href=\"https:\/\/news.google.com\/rss\/articles\/CBMinwFBVV95cUxNaG12YkFhczJPWXFSbW05SE9QeDJzWGJNZUVqNWR1RmJoMjVUc1RSeGMyMzZaRE92ZW5LVjl5Y2pHdVh2UVpkZFdqeGZGT1ZQV3JsM012QzhycDREOXBkNlFBRXZjVi1qMmxFUGt6LWNiZWRIT1VoVFZoQl9OZE5qV1JFZDlCMVU4Q0phbHFKcnRLRERzX2hNOFFGNHFHcDg?oc=5\" target=\"_blank\" rel=\"nofollow noopener\">Iereibis v\u012brietis nozog pastnieka automa\u0161\u012bnu un b\u0113g no policijas<\/a>&nbsp;&nbsp;ZiemelLatvija.lv<\/li>\n<li><a href=\"https:\/\/news.google.com\/rss\/articles\/CBMizAFBVV95cUxNc3VFMzRDdVpnU0FRMzhndVdnTFNmN291SnFsSGxuTHlnM1JzTVZ5LUczREtIQVJMVEhGWWNGbUVSZlZDRUlyU3NVcmNqODZYeWpzdWxhSS15TC1uYTJXbklENERueDd2ZlVHV2duclhFdk4xNGFpaWtYTFJKRnplUTRRMDJDd29jZlo2Z1ZZTFVNWnBBN0RMYk9KNnFvXzBreEZtWmhqa21ZRUx3d1NJVEp5dGtENC01RmJYRUJhb0wyMEs5Si1ELU53Z1M?oc=5\" target=\"_blank\" rel=\"nofollow noopener\">VIDEO: Neparasts incidents Valg\u0101 \u2013 iereibis v\u012brietis nozog &#8220;Omniva&#8221; auto un b\u0113g no policijas<\/a>&nbsp;&nbsp;Lente.lv<\/li>\n<\/ol>\n","protected":false},"excerpt":{"rendered":"Kam\u0113r kurjers Valg\u0101 pieg\u0101d\u0101 pastu, piedz\u0113ries v\u012brietis ielec vi\u0146a auto un b\u0113g no policijas&nbsp;&nbsp;1188.lv Video: Valg\u0101 iereibis v\u012brietis&hellip;\n","protected":false},"author":2,"featured_media":99114,"comment_status":"","ping_status":"","sticky":false,"template":"","format":"standard","meta":{"footnotes":""},"categories":[14],"tags":[129,6114,23,57,28,29,32,33,22,30,31,35,39,38,36,37,34,40,20,26,27,6115,6116,24,25,54,55,56,21,58],"class_list":{"0":"post-99113","1":"post","2":"type-post","3":"status-publish","4":"format-standard","5":"has-post-thumbnail","7":"category-zinas-no-arvalstim","8":"tag-__typenameadvicekeyword","9":"tag-id810","10":"tag-aktualitates","11":"tag-arvalstim","12":"tag-breaking-news","13":"tag-breakingnews","14":"tag-featured-news","15":"tag-featurednews","16":"tag-headlines","17":"tag-latest-news","18":"tag-latestnews","19":"tag-latvia","20":"tag-latvian","21":"tag-latviesu","22":"tag-latviesu-valoda","23":"tag-latviesuvaloda","24":"tag-latvija","25":"tag-lv","26":"tag-news","27":"tag-popularakas-zinas","28":"tag-popularakaszinas","29":"tag-slugigaunija","30":"tag-titleigaunija","31":"tag-top-stories","32":"tag-topstories","33":"tag-world","34":"tag-world-news","35":"tag-worldnews","36":"tag-zinas","37":"tag-zinas-no-arvalstim"},"share_on_mastodon":{"url":"https:\/\/pubeurope.com\/@lv\/115864472387722256","error":""},"_links":{"self":[{"href":"https:\/\/www.europesays.com\/lv\/wp-json\/wp\/v2\/posts\/99113","targetHints":{"allow":["GET"]}}],"collection":[{"href":"https:\/\/www.europesays.com\/lv\/wp-json\/wp\/v2\/posts"}],"about":[{"href":"https:\/\/www.europesays.com\/lv\/wp-json\/wp\/v2\/types\/post"}],"author":[{"embeddable":true,"href":"https:\/\/www.europesays.com\/lv\/wp-json\/wp\/v2\/users\/2"}],"replies":[{"embeddable":true,"href":"https:\/\/www.europesays.com\/lv\/wp-json\/wp\/v2\/comments?post=99113"}],"version-history":[{"count":0,"href":"https:\/\/www.europesays.com\/lv\/wp-json\/wp\/v2\/posts\/99113\/revisions"}],"wp:featuredmedia":[{"embeddable":true,"href":"https:\/\/www.europesays.com\/lv\/wp-json\/wp\/v2\/media\/99114"}],"wp:attachment":[{"href":"https:\/\/www.europesays.com\/lv\/wp-json\/wp\/v2\/media?parent=99113"}],"wp:term":[{"taxonomy":"category","embeddable":true,"href":"https:\/\/www.europesays.com\/lv\/wp-json\/wp\/v2\/categories?post=99113"},{"taxonomy":"post_tag","embeddable":true,"href":"https:\/\/www.europesays.com\/lv\/wp-json\/wp\/v2\/tags?post=99113"}],"curies":[{"name":"wp","href":"https:\/\/api.w.org\/{rel}","templated":true}]}}