{"id":9912,"date":"2025-10-01T17:34:19","date_gmt":"2025-10-01T17:34:19","guid":{"rendered":"https:\/\/www.europesays.com\/lv\/9912\/"},"modified":"2025-10-01T17:34:19","modified_gmt":"2025-10-01T17:34:19","slug":"latvijas-stenda-saveji-uzvar-baltijas-cempionata-citi-sporta-veidi-sportacentrs-com","status":"publish","type":"post","link":"https:\/\/www.europesays.com\/lv\/9912\/","title":{"rendered":"Latvijas stenda \u0161\u0101v\u0113ji uzvar Baltijas \u010dempion\u0101t\u0101 \u2013 Citi sporta veidi \u2013 Sportacentrs.com"},"content":{"rendered":"<p>Apa\u013caj\u0101 stend\u0101 individu\u0101laj\u0101 v\u0113rt\u0113jum\u0101 uzvar\u0113t\u0101js Dainis Upelnieks, kur\u0161 bija lab\u0101kais gan kvalifik\u0101cij\u0101 ar 122 punktiem, gan sacens\u012bbu fin\u0101l\u0101. Otraj\u0101 viet\u0101 Igaunijas sportists Karls P\u0113ters Eins. Tre\u0161ais Lietuvas sportists Ronaldas Ra\u010dinskas. V\u0113l fin\u0101lposm\u0101 Valdis Kal\u0113js 5.viet\u0101, Ri\u010dards Zorovs 7.viet\u0101, Lauris Erkens 8.viet\u0101, bet Santa Upelniece 10.viet\u0101.<\/p>\n<p>Tran\u0161ejas stend\u0101 juniors K\u0101rlis Jurgenovskis izc\u012bn\u012bja otro vietu. Edgars Gail\u012btis bija tre\u0161ais, M\u0101rti\u0146\u0161 Freimanis \u2013 ceturtais, Aleksandrs Andru\u0161kevics \u2013 sept\u012btais, Raitis Onu\u017e\u0101ns un T\u0101lis Jurgenovskis attiec\u012bgi astotaj\u0101 un dev\u012btaj\u0101 viet\u0101.<\/p>\n<p>Stenda \u0161\u0101v\u0113jiem junioru konkurenc\u0113 paral\u0113li Baltijas \u010dempion\u0101tam norisin\u0101j\u0101s &#8220;Baltic junior cup&#8221; ieskaites sacens\u012bbas. Apa\u013caj\u0101 stend\u0101 Baltijas kausu izc\u012bn\u012bja Ri\u010dards Zorovs, otrais Lauris Erkens. Santa Upelniece tre\u0161aj\u0101 viet\u0101.<\/p>\n<p>Tran\u0161ejas stend\u0101 Baltijas junioru kausu izc\u012bn\u012bja M\u0101rti\u0146\u0161 Freimanis, 2.viet\u0101 K\u0101rlis Jurgenovskis.<\/p>\n<p>Sezonas griezum\u0101 Baltijas \u010dempion\u0101t\u0101 notiek 3 posmi un fin\u0101ls, kuram kvalific\u0113jas 12 lab\u0101kie. Attiec\u012bgi p\u0113c trim posmiem nosaka kopv\u0113rt\u0113juma uzvar\u0113t\u0101jus komandu, junioru un sievie\u0161u konkurenc\u0113, kur  Latvijas komandai uzvara tran\u0161ejas stend\u0101, bet apa\u013caj\u0101 stend\u0101 uzvara Lietuvas sportistiem un Latvijai sudrabs.<\/p>\n<p>Junioriem tran\u0161ejas stend\u0101 uzvar\u0113ja K\u0101rlis Jurgenovskis un apa\u013caj\u0101 stend\u0101 Ri\u010dards Zorovs.<\/p>\n<p>Apa\u013caj\u0101 stend\u0101 sievie\u0161u konkurenc\u0113 uzvar\u0113ja Santa Upelniece.<\/p>\n<p>Inform\u0101ciju sagatavoja<br \/>Anita Krie\u0137e<br \/>Latvijas \u0160au\u0161anas feder\u0101cijas<br \/>valdes locekle<\/p>\n","protected":false},"excerpt":{"rendered":"Apa\u013caj\u0101 stend\u0101 individu\u0101laj\u0101 v\u0113rt\u0113jum\u0101 uzvar\u0113t\u0101js Dainis Upelnieks, kur\u0161 bija lab\u0101kais gan kvalifik\u0101cij\u0101 ar 122 punktiem, gan sacens\u012bbu fin\u0101l\u0101.&hellip;\n","protected":false},"author":2,"featured_media":9913,"comment_status":"","ping_status":"","sticky":false,"template":"","format":"standard","meta":{"footnotes":""},"categories":[17],"tags":[1303,35,39,38,36,37,34,40,67],"class_list":{"0":"post-9912","1":"post","2":"type-post","3":"status-publish","4":"format-standard","5":"has-post-thumbnail","7":"category-sports","8":"tag-citi-sporta-veidi","9":"tag-latvia","10":"tag-latvian","11":"tag-latviesu","12":"tag-latviesu-valoda","13":"tag-latviesuvaloda","14":"tag-latvija","15":"tag-lv","16":"tag-sports"},"share_on_mastodon":{"url":"","error":""},"_links":{"self":[{"href":"https:\/\/www.europesays.com\/lv\/wp-json\/wp\/v2\/posts\/9912","targetHints":{"allow":["GET"]}}],"collection":[{"href":"https:\/\/www.europesays.com\/lv\/wp-json\/wp\/v2\/posts"}],"about":[{"href":"https:\/\/www.europesays.com\/lv\/wp-json\/wp\/v2\/types\/post"}],"author":[{"embeddable":true,"href":"https:\/\/www.europesays.com\/lv\/wp-json\/wp\/v2\/users\/2"}],"replies":[{"embeddable":true,"href":"https:\/\/www.europesays.com\/lv\/wp-json\/wp\/v2\/comments?post=9912"}],"version-history":[{"count":0,"href":"https:\/\/www.europesays.com\/lv\/wp-json\/wp\/v2\/posts\/9912\/revisions"}],"wp:featuredmedia":[{"embeddable":true,"href":"https:\/\/www.europesays.com\/lv\/wp-json\/wp\/v2\/media\/9913"}],"wp:attachment":[{"href":"https:\/\/www.europesays.com\/lv\/wp-json\/wp\/v2\/media?parent=9912"}],"wp:term":[{"taxonomy":"category","embeddable":true,"href":"https:\/\/www.europesays.com\/lv\/wp-json\/wp\/v2\/categories?post=9912"},{"taxonomy":"post_tag","embeddable":true,"href":"https:\/\/www.europesays.com\/lv\/wp-json\/wp\/v2\/tags?post=9912"}],"curies":[{"name":"wp","href":"https:\/\/api.w.org\/{rel}","templated":true}]}}