{"id":99131,"date":"2026-01-09T09:50:07","date_gmt":"2026-01-09T09:50:07","guid":{"rendered":"https:\/\/www.europesays.com\/lv\/99131\/"},"modified":"2026-01-09T09:50:07","modified_gmt":"2026-01-09T09:50:07","slug":"buvdarbu-saksana-bunkuru-un-citu-nocietinajumu-izveidosanai-baltijas-aizsardzibas-linija-planota-pakapeniski","status":"publish","type":"post","link":"https:\/\/www.europesays.com\/lv\/99131\/","title":{"rendered":"B\u016bvdarbu s\u0101k\u0161ana bunkuru un citu nocietin\u0101jumu izveido\u0161anai Baltijas aizsardz\u012bbas l\u012bnij\u0101 pl\u0101nota pak\u0101peniski"},"content":{"rendered":"<p>Patlaban Baltijas aizsardz\u012bbas l\u012bnij\u0101 priorit\u0101ri tiek \u012bstenota \u0161\u0137\u0113r\u0161\u013cu l\u012bnijas un glab\u0101tavu izveide. \u0160o objektu b\u016bvniec\u012bbas organiz\u0113\u0161anu nodro\u0161in\u0101s VAS &#8220;Valsts nekustamie \u012bpa\u0161umi&#8221;.<\/p>\n<p>Vienlaikus Nacion\u0101lie bru\u0146otie sp\u0113ki (NBS) patlaban nosaka un detaliz\u0113ti izstr\u0101d\u0101 bunkuru izveides operacion\u0101l\u0101s vajadz\u012bbas, tostarp pras\u012bbas to izvietojumam, funkcionalit\u0101tei un tehniskajiem risin\u0101jumiem. Bunkuru b\u016bvniec\u012bba tiks s\u0101kta sec\u012bgi, balstoties uz \u0161\u012bm milit\u0101raj\u0101m vajadz\u012bb\u0101m.<\/p>\n<p>AM ir cie\u0161\u0101 sadarb\u012bb\u0101 ar Igaunijas kol\u0113\u0123iem, kuri, atbilsto\u0161i sav\u0101m vajadz\u012bb\u0101m, bunkuru pl\u0101no\u0161anu un izb\u016bvi s\u0101ka agr\u0101k. &#8220;Esam iepazinu\u0161ies gan ar vi\u0146u realiz\u0113tajiem projektu testiem, gan iepirkumu specifik\u0101cij\u0101m, un \u0161o pieredzi izmantojam Latvijas risin\u0101jumu izstr\u0101d\u0113. Igaunija sal\u012bdzin\u0101jum\u0101 ar cit\u0101m re\u0123iona valst\u012bm bija viena no pirmaj\u0101m, kas priorit\u0101ri uzs\u0101ka bunkuru veido\u0161anu,&#8221; nor\u0101d\u012bja ministrij\u0101.<\/p>\n<p>Papildus tam 2025. gada vasar\u0101 AM izsludin\u0101ja grantu programmu nocietin\u0101jumu un pretmobilit\u0101tes risin\u0101jumu izstr\u0101dei. \u0160o projektu rezult\u0101ti un tehniskie risin\u0101jumi tiks izmantoti, ievie\u0161ot NBS noteikt\u0101s bunkuru un nocietin\u0101jumu vajadz\u012bbas.<\/p>\n<p>B\u016bvdarbu s\u0101k\u0161ana bunkuru un citu nocietin\u0101jumu izb\u016bvei Baltijas aizsardz\u012bbas l\u012bnij\u0101 pl\u0101nota pak\u0101peniski, s\u0101kot ar tiem posmiem un risin\u0101jumiem, kas atz\u012bti par milit\u0101ri priorit\u0101riem, uzsv\u0113ra ministrij\u0101.<\/p>\n<p>Jau zi\u0146ots, ka pretmobilit\u0101tes infrastrukt\u016bras izveide ir da\u013ca no Baltijas aizsardz\u012bbas l\u012bnijas projekta, par kuru 2024. gada 19. janv\u0101r\u012b vienoj\u0101s Baltijas valstis un Polija.<\/p>\n<p>NBS kop\u0161 2024. gada marta veic Latvijas austrumu robe\u017eas milit\u0101ru nostiprin\u0101\u0161anu. Aizsargb\u016bvju izveides m\u0113r\u0137is ir attur\u0113t, aptur\u0113t un vajadz\u012bbas gad\u012bjum\u0101 likvid\u0113t agresoru.<\/p>\n<p>P\u0113rn Latvijas austrumu robe\u017eas milit\u0101rajai nostiprin\u0101\u0161anai ir atv\u0113l\u0113ti 45 miljoni eiro. \u0160ogad austrumu robe\u017eas stiprin\u0101\u0161anai paredz\u0113ti 55 miljoni eiro.<\/p>\n","protected":false},"excerpt":{"rendered":"Patlaban Baltijas aizsardz\u012bbas l\u012bnij\u0101 priorit\u0101ri tiek \u012bstenota \u0161\u0137\u0113r\u0161\u013cu l\u012bnijas un glab\u0101tavu izveide. \u0160o objektu b\u016bvniec\u012bbas organiz\u0113\u0161anu nodro\u0161in\u0101s VAS&hellip;\n","protected":false},"author":2,"featured_media":99132,"comment_status":"","ping_status":"","sticky":false,"template":"","format":"standard","meta":{"footnotes":""},"categories":[12],"tags":[1546,626,23,28,29,24282,32,33,22,30,31,35,39,38,36,37,34,40,20,26,27,24,25,21],"class_list":{"0":"post-99131","1":"post","2":"type-post","3":"status-publish","4":"format-standard","5":"has-post-thumbnail","7":"category-latvija","8":"tag-aizsardziba","9":"tag-aizsardzibas-ministrija","10":"tag-aktualitates","11":"tag-breaking-news","12":"tag-breakingnews","13":"tag-bunkurs","14":"tag-featured-news","15":"tag-featurednews","16":"tag-headlines","17":"tag-latest-news","18":"tag-latestnews","19":"tag-latvia","20":"tag-latvian","21":"tag-latviesu","22":"tag-latviesu-valoda","23":"tag-latviesuvaloda","24":"tag-latvija","25":"tag-lv","26":"tag-news","27":"tag-popularakas-zinas","28":"tag-popularakaszinas","29":"tag-top-stories","30":"tag-topstories","31":"tag-zinas"},"share_on_mastodon":{"url":"https:\/\/pubeurope.com\/@lv\/115864523737294699","error":""},"_links":{"self":[{"href":"https:\/\/www.europesays.com\/lv\/wp-json\/wp\/v2\/posts\/99131","targetHints":{"allow":["GET"]}}],"collection":[{"href":"https:\/\/www.europesays.com\/lv\/wp-json\/wp\/v2\/posts"}],"about":[{"href":"https:\/\/www.europesays.com\/lv\/wp-json\/wp\/v2\/types\/post"}],"author":[{"embeddable":true,"href":"https:\/\/www.europesays.com\/lv\/wp-json\/wp\/v2\/users\/2"}],"replies":[{"embeddable":true,"href":"https:\/\/www.europesays.com\/lv\/wp-json\/wp\/v2\/comments?post=99131"}],"version-history":[{"count":0,"href":"https:\/\/www.europesays.com\/lv\/wp-json\/wp\/v2\/posts\/99131\/revisions"}],"wp:featuredmedia":[{"embeddable":true,"href":"https:\/\/www.europesays.com\/lv\/wp-json\/wp\/v2\/media\/99132"}],"wp:attachment":[{"href":"https:\/\/www.europesays.com\/lv\/wp-json\/wp\/v2\/media?parent=99131"}],"wp:term":[{"taxonomy":"category","embeddable":true,"href":"https:\/\/www.europesays.com\/lv\/wp-json\/wp\/v2\/categories?post=99131"},{"taxonomy":"post_tag","embeddable":true,"href":"https:\/\/www.europesays.com\/lv\/wp-json\/wp\/v2\/tags?post=99131"}],"curies":[{"name":"wp","href":"https:\/\/api.w.org\/{rel}","templated":true}]}}