{"id":99139,"date":"2026-01-09T09:56:07","date_gmt":"2026-01-09T09:56:07","guid":{"rendered":"https:\/\/www.europesays.com\/lv\/99139\/"},"modified":"2026-01-09T09:56:07","modified_gmt":"2026-01-09T09:56:07","slug":"aizvadita-iedzivotaju-tiksanas-ar-jekabpils-novada-vadibu-jekabpils-tautas-nama","status":"publish","type":"post","link":"https:\/\/www.europesays.com\/lv\/99139\/","title":{"rendered":"Aizvad\u012bta iedz\u012bvot\u0101ju tik\u0161an\u0101s ar J\u0113kabpils novada vad\u012bbu J\u0113kabpils Tautas nam\u0101"},"content":{"rendered":"<p class=\"MsoNormal\">J\u0113kabpils novada pa\u0161vald\u012bba 2026. gad\u0101 uzs\u0101kusi ikgad\u0113jo tik\u0161anos ciklu ar iedz\u012bvot\u0101jiem un pirm\u0101 \u0161\u012b gada tik\u0161an\u0101s norisin\u0101j\u0101s vakar, 8.janv\u0101r\u012b J\u0113kabpils Tautas nam\u0101.<\/p>\n<p class=\"MsoNormal\">San\u0101ksm\u0113 piedal\u012bj\u0101s J\u0113kabpils novada domes priek\u0161s\u0113d\u0113t\u0101js Raivis Ragainis, vietnieki K\u0101rlis Stars un Aija Vetere, k\u0101 ar\u012b citi atbild\u012bgie speci\u0101listi un\u00a0kapit\u0101lsabiedr\u012bbu vad\u012bt\u0101ji. Domes priek\u0161s\u0113d\u0113t\u0101js iedz\u012bvot\u0101jus iepaz\u012bstin\u0101ja ar topo\u0161o J\u0113kabpils novada pa\u0161vald\u012bbas bud\u017eetu, iez\u012bm\u0113jot jau provizoriskos pa\u0161vald\u012bbas izdevumu un to finans\u0113\u0161anas r\u0101d\u012bt\u0101jus 2026. gadam, k\u0101 ar\u012b past\u0101st\u012bja par liel\u0101kajiem realiz\u0113tajiem invest\u012bciju projektiem, savuk\u0101rt\u00a0priek\u0161s\u0113d\u0113t\u0101ja vietnieks att\u012bst\u012bbas jaut\u0101jumos s\u012bk\u0101k past\u0101st\u012bja\u00a0par pl\u0101notajiem\u00a0att\u012bst\u012bbas projektiem J\u0113kabpil\u012b.<\/p>\n<p class=\"MsoNormal\">P\u0113c prezent\u0101cijas domes vad\u012bba\u00a0uzklaus\u012bja san\u0101ksm\u0113 kl\u0101teso\u0161o iedz\u012bvot\u0101ju priek\u0161likumus un atbild\u0113ja uz iedz\u012bvot\u0101ju aktu\u0101lajiem jaut\u0101jumiem, k\u0101 ar\u012b diskut\u0113ja ar iedz\u012bvot\u0101jiem par da\u017e\u0101d\u0101m probl\u0113msitu\u0101cij\u0101m, kas aktu\u0101las pils\u0113tas un pagastu teritorij\u0101s.<\/p>\n<p class=\"MsoNormal\">San\u0101ksm\u0113 iedz\u012bvot\u0101ji aktualiz\u0113ja ar pils\u0113tvides sak\u0101rto\u0161anu saist\u012btus jaut\u0101jumus, ietvju un g\u0101j\u0113ju p\u0101reju kvalit\u0101ti,\u00a0aizsargdambja pagarin\u0101\u0161anu, tilta piek\u013c\u016bstam\u012bbu un att\u012bst\u012bbu, apgaismojuma\u00a0nepiecie\u0161am\u012bbu atsevi\u0161\u0137\u0101s pils\u0113tas viet\u0101s, satiksmes un vides pieejam\u012bbas jaut\u0101jumus, iek\u0161pagalmu st\u0101vokli mikrorajonos.<\/p>\n<p class=\"MsoNormal\">T\u0101pat tika\u00a0aktualiz\u0113ti t\u0101di jaut\u0101jumi k\u0101 \u016bdens skait\u012bt\u0101ju att\u0101lin\u0101ta nolas\u012b\u0161ana, br\u012bvkr\u0101nu pieejam\u012bba, atkritumu apsaimnieko\u0161ana,\u00a0soci\u0101l\u0101s un sabiedrisk\u0101s iniciat\u012bvas, novada n\u0101kotnes att\u012bst\u012bbas projekti, tostarp ar\u012b jaut\u0101jumi par zemas \u012bres dz\u012bvok\u013cu m\u0101ju iecer\u0113m novad\u0101.<\/p>\n<p class=\"MsoNormal\">Iedz\u012bvot\u0101ju tik\u0161an\u0101s nosl\u0113gum\u0101 J\u0113kabpils novada pa\u0161vald\u012bbas vad\u012bba pateic\u0101s iedz\u012bvot\u0101jiem par akt\u012bvu l\u012bdzdal\u012bbu un konstrukt\u012bvu diskusiju, lai kop\u0101 veicin\u0101tu J\u0113kabpils novada att\u012bst\u012bbu.<\/p>\n","protected":false},"excerpt":{"rendered":"J\u0113kabpils novada pa\u0161vald\u012bba 2026. gad\u0101 uzs\u0101kusi ikgad\u0113jo tik\u0161anos ciklu ar iedz\u012bvot\u0101jiem un pirm\u0101 \u0161\u012b gada tik\u0161an\u0101s norisin\u0101j\u0101s vakar,&hellip;\n","protected":false},"author":2,"featured_media":99140,"comment_status":"","ping_status":"","sticky":false,"template":"","format":"standard","meta":{"footnotes":""},"categories":[12],"tags":[23,28,29,32,33,22,30,31,35,39,38,36,37,34,40,20,26,27,24,25,21],"class_list":{"0":"post-99139","1":"post","2":"type-post","3":"status-publish","4":"format-standard","5":"has-post-thumbnail","7":"category-latvija","8":"tag-aktualitates","9":"tag-breaking-news","10":"tag-breakingnews","11":"tag-featured-news","12":"tag-featurednews","13":"tag-headlines","14":"tag-latest-news","15":"tag-latestnews","16":"tag-latvia","17":"tag-latvian","18":"tag-latviesu","19":"tag-latviesu-valoda","20":"tag-latviesuvaloda","21":"tag-latvija","22":"tag-lv","23":"tag-news","24":"tag-popularakas-zinas","25":"tag-popularakaszinas","26":"tag-top-stories","27":"tag-topstories","28":"tag-zinas"},"share_on_mastodon":{"url":"https:\/\/pubeurope.com\/@lv\/115864547109326254","error":""},"_links":{"self":[{"href":"https:\/\/www.europesays.com\/lv\/wp-json\/wp\/v2\/posts\/99139","targetHints":{"allow":["GET"]}}],"collection":[{"href":"https:\/\/www.europesays.com\/lv\/wp-json\/wp\/v2\/posts"}],"about":[{"href":"https:\/\/www.europesays.com\/lv\/wp-json\/wp\/v2\/types\/post"}],"author":[{"embeddable":true,"href":"https:\/\/www.europesays.com\/lv\/wp-json\/wp\/v2\/users\/2"}],"replies":[{"embeddable":true,"href":"https:\/\/www.europesays.com\/lv\/wp-json\/wp\/v2\/comments?post=99139"}],"version-history":[{"count":0,"href":"https:\/\/www.europesays.com\/lv\/wp-json\/wp\/v2\/posts\/99139\/revisions"}],"wp:featuredmedia":[{"embeddable":true,"href":"https:\/\/www.europesays.com\/lv\/wp-json\/wp\/v2\/media\/99140"}],"wp:attachment":[{"href":"https:\/\/www.europesays.com\/lv\/wp-json\/wp\/v2\/media?parent=99139"}],"wp:term":[{"taxonomy":"category","embeddable":true,"href":"https:\/\/www.europesays.com\/lv\/wp-json\/wp\/v2\/categories?post=99139"},{"taxonomy":"post_tag","embeddable":true,"href":"https:\/\/www.europesays.com\/lv\/wp-json\/wp\/v2\/tags?post=99139"}],"curies":[{"name":"wp","href":"https:\/\/api.w.org\/{rel}","templated":true}]}}