{"id":99150,"date":"2026-01-09T10:04:13","date_gmt":"2026-01-09T10:04:13","guid":{"rendered":"https:\/\/www.europesays.com\/lv\/99150\/"},"modified":"2026-01-09T10:04:13","modified_gmt":"2026-01-09T10:04:13","slug":"nu-ir-gan-laba-alga-pasam-zagaram-teatra-skatitaji-un-pazistami-aktieri-iesaistas-diskusija-par-dailes-teatri-notiekoso","status":"publish","type":"post","link":"https:\/\/www.europesays.com\/lv\/99150\/","title":{"rendered":"\u201cNu ir gan laba alga pa\u0161am \u017dagaram!\u201d Te\u0101tra skat\u012bt\u0101ji un paz\u012bstami aktieri iesaist\u0101s diskusij\u0101 par Dailes te\u0101tr\u012b notieko\u0161o"},"content":{"rendered":"<p>    <img decoding=\"async\" src=\"https:\/\/www.europesays.com\/lv\/wp-content\/uploads\/2026\/01\/FotoJet-19-1-1024x609.jpg\" alt=\"&#10;\"\/><\/p>\n<p>\u0160oned\u0113\u013c kult\u016bras dz\u012bv\u0113 ska\u013c\u0101k\u0101 zi\u0146a noteikti bija par 4 le\u0123end\u0101ru aktri\u0161u atlai\u0161anu\/atst\u0101\u0161anu \u0101r\u0161tat\u0101 un 16 apkop\u0113ju darba vietu likvid\u0101ciju Dailes te\u0101tr\u012b.<\/p>\n<p>        Las\u012bt\u0101kie<br \/>\n        <a data-imagesrc=\"{&quot;300&quot;:&quot;https:\\\/\\\/lastatic.ams3.cdn.digitaloceanspaces.com\\\/2025\\\/12\\\/pexels-valeriya-1833336-300x200.jpg&quot;,&quot;1024&quot;:&quot;https:\\\/\\\/lastatic.ams3.cdn.digitaloceanspaces.com\\\/2025\\\/12\\\/pexels-valeriya-1833336-1024x683.jpg&quot;,&quot;1536&quot;:&quot;https:\\\/\\\/lastatic.ams3.cdn.digitaloceanspaces.com\\\/2025\\\/12\\\/pexels-valeriya-1833336-1536x1024.jpg&quot;,&quot;500&quot;:&quot;https:\\\/\\\/lastatic.ams3.cdn.digitaloceanspaces.com\\\/2025\\\/12\\\/pexels-valeriya-1833336-500x333.jpg&quot;,&quot;800&quot;:&quot;https:\\\/\\\/lastatic.ams3.cdn.digitaloceanspaces.com\\\/2025\\\/12\\\/pexels-valeriya-1833336-800x533.jpg&quot;,&quot;2560&quot;:&quot;https:\\\/\\\/lastatic.ams3.cdn.digitaloceanspaces.com\\\/2025\\\/12\\\/pexels-valeriya-1833336-scaled.jpg&quot;}\" data-focuspoint=\"&quot;&quot;\" data-p=\"2481138\" href=\"https:\/\/www.la.lv\/ko-nekada-gadijuma-nevajag-est-un-dzert-tuksa-dusa-8-partikas-produkti-kas-kaites-kungim\" class=\"content-item lazy-load\" wp_automatic_readability=\"27\" rel=\"nofollow noopener\" target=\"_blank\"><\/p>\n<p>                                <img decoding=\"async\" src=\"\" alt=\"\" style=\"\" data-imageid=\"\"\/><\/p>\n<p>                                Veselam<\/p>\n<p>\n                                                Ko nek\u0101d\u0101 gad\u012bjum\u0101 nevajag \u0113st un dzert tuk\u0161\u0101 d\u016b\u0161\u0101: 8 p\u0101rtikas produkti, kas kait\u0113s ku\u0146\u0123im\n                            <\/p>\n<p><\/a><a data-imagesrc=\"{&quot;300&quot;:&quot;https:\\\/\\\/lastatic.ams3.cdn.digitaloceanspaces.com\\\/2025\\\/08\\\/trump_putin_22681-300x200.jpg&quot;,&quot;1024&quot;:&quot;https:\\\/\\\/lastatic.ams3.cdn.digitaloceanspaces.com\\\/2025\\\/08\\\/trump_putin_22681-1024x683.jpg&quot;,&quot;768&quot;:&quot;https:\\\/\\\/lastatic.ams3.cdn.digitaloceanspaces.com\\\/2025\\\/08\\\/trump_putin_22681-768x512.jpg&quot;,&quot;1536&quot;:&quot;https:\\\/\\\/lastatic.ams3.cdn.digitaloceanspaces.com\\\/2025\\\/08\\\/trump_putin_22681-1536x1024.jpg&quot;,&quot;2048&quot;:&quot;https:\\\/\\\/lastatic.ams3.cdn.digitaloceanspaces.com\\\/2025\\\/08\\\/trump_putin_22681-2048x1366.jpg&quot;,&quot;200&quot;:&quot;https:\\\/\\\/lastatic.ams3.cdn.digitaloceanspaces.com\\\/2025\\\/08\\\/trump_putin_22681-200x133.jpg&quot;,&quot;400&quot;:&quot;https:\\\/\\\/lastatic.ams3.cdn.digitaloceanspaces.com\\\/2025\\\/08\\\/trump_putin_22681-400x267.jpg&quot;,&quot;500&quot;:&quot;https:\\\/\\\/lastatic.ams3.cdn.digitaloceanspaces.com\\\/2025\\\/08\\\/trump_putin_22681-500x333.jpg&quot;,&quot;800&quot;:&quot;https:\\\/\\\/lastatic.ams3.cdn.digitaloceanspaces.com\\\/2025\\\/08\\\/trump_putin_22681-800x533.jpg&quot;,&quot;1000&quot;:&quot;https:\\\/\\\/lastatic.ams3.cdn.digitaloceanspaces.com\\\/2025\\\/08\\\/trump_putin_22681-1000x667.jpg&quot;,&quot;2275&quot;:&quot;https:\\\/\\\/lastatic.ams3.cdn.digitaloceanspaces.com\\\/2025\\\/08\\\/trump_putin_22681.jpg&quot;}\" data-focuspoint=\"&quot;&quot;\" data-p=\"2489548\" href=\"https:\/\/www.la.lv\/tramps-tikko-aicinaja-savus-cilvekus-pamest-krieviju-tas-norada-ka-iespejams-vins-gatavojas-realam-darbibam-atklaj-slaidins\" class=\"content-item lazy-load\" wp_automatic_readability=\"29\" rel=\"nofollow noopener\" target=\"_blank\"><\/p>\n<p>                                <img decoding=\"async\" src=\"\" alt=\"\" style=\"\" data-imageid=\"\"\/><\/p>\n<p>                                TV24<\/p>\n<p>                                            \u201cTramps tikko aicin\u0101ja savus cilv\u0113kus pamest Krieviju, tas nor\u0101da, ka, iesp\u0113jams, vi\u0146\u0161 gatavojas re\u0101l\u0101m darb\u012bb\u0101m,\u201d atkl\u0101j Slaidi\u0146\u0161<\/p>\n<p><\/a><a data-imagesrc=\"{&quot;300&quot;:&quot;https:\\\/\\\/lastatic.ams3.cdn.digitaloceanspaces.com\\\/2025\\\/11\\\/russia_putin_57244-300x200.jpg&quot;,&quot;1024&quot;:&quot;https:\\\/\\\/lastatic.ams3.cdn.digitaloceanspaces.com\\\/2025\\\/11\\\/russia_putin_57244-1024x683.jpg&quot;,&quot;1536&quot;:&quot;https:\\\/\\\/lastatic.ams3.cdn.digitaloceanspaces.com\\\/2025\\\/11\\\/russia_putin_57244-1536x1024.jpg&quot;,&quot;500&quot;:&quot;https:\\\/\\\/lastatic.ams3.cdn.digitaloceanspaces.com\\\/2025\\\/11\\\/russia_putin_57244-500x333.jpg&quot;,&quot;800&quot;:&quot;https:\\\/\\\/lastatic.ams3.cdn.digitaloceanspaces.com\\\/2025\\\/11\\\/russia_putin_57244-800x533.jpg&quot;,&quot;2560&quot;:&quot;https:\\\/\\\/lastatic.ams3.cdn.digitaloceanspaces.com\\\/2025\\\/11\\\/russia_putin_57244-scaled.jpg&quot;}\" data-focuspoint=\"&quot;&quot;\" data-p=\"2488842\" href=\"https:\/\/www.la.lv\/neviens-krievija-nezina-kam-domata-si-raidstacija-tad-signals-peksni-partruka-un-krieviski-tika-izteikti-draudi\" class=\"content-item lazy-load\" wp_automatic_readability=\"27\" rel=\"nofollow noopener\" target=\"_blank\"><\/p>\n<p>                                <img decoding=\"async\" src=\"\" alt=\"\" style=\"\" data-imageid=\"\"\/><\/p>\n<p>                                            Neviens Krievij\u0101 nezina, kam dom\u0101ta \u0161\u012b raidstacija: tad sign\u0101ls p\u0113k\u0161\u0146i p\u0101rtr\u016bka un krieviski tika izteikti draudi<\/p>\n<p><\/a><br \/>\n        <a class=\"read-more\" href=\"https:\/\/www.la.lv\/top\" rel=\"nofollow noopener\" target=\"_blank\">Las\u012bt citas zi\u0146as<\/a><\/p>\n<p>Divas Dailes te\u0101tra cien\u012bjam\u0101k\u0101s aktrises Olga Dre\u0123e un Lidija Pupure pa\u0161as pied\u0101v\u0101ja turpin\u0101t str\u0101d\u0101t te\u0101tr\u012b k\u0101 \u0101r\u0161tata aktrises, Mirdza Martinsone ar\u012b patlaban apsver iesp\u0113ju p\u0101riet \u0101r\u0161tat\u0101. Savuk\u0101rt, Lelde Dreimane darba attiec\u012bbas ar te\u0101tri p\u0101rtrauca un par vi\u0146aspr\u0101t nekorekto veidu, k\u0101 tas notika, sieviete pazi\u0146o publiski soct\u012bklos. <\/p>\n<blockquote><p>LA.LV un TV24 bija pirmais medijs, kur\u0161 sazin\u0101j\u0101s ar Dailes te\u0101tra direktoru Juri \u017dagaru un sa\u0146\u0113ma vi\u0146a puses skaidrojumu, kas \u012bsti notiek \u0161obr\u012bd te\u0101tr\u012b. <\/p><\/blockquote>\n<p>    CITI \u0160OBR\u012aD LASA<\/p>\n<p>LA.LV soci\u0101lajos t\u012bklos s\u0101k\u0101s asas diskusijas par notieko\u0161o, kur\u0101s iesaist\u012bj\u0101s k\u0101 te\u0101tra skat\u012bt\u0101ji, t\u0101 ar\u012b le\u0123end\u0101ri aktieri Andris B\u0113rzi\u0146\u0161 un Ivars Auzi\u0146\u0161. <\/p>\n<p>Izce\u013cot p\u0101ris spilgt\u0101kos koment\u0101rus, piem\u0113ram, Ina raksta: \u201cTagad, te\u0101tra izr\u0101des, p\u0101rsvar\u0101, tiek iestud\u0113tas \u012bpa\u0161ai publikai, kurai izr\u0101d\u0113s v\u0113st\u012bjumu j\u0101saprot, kaut k\u0101, \u012bpa\u0161i. T\u0101 k\u0101 simfonisko m\u016bziku, abstrakto vai m\u016bsdienu gleznas, k\u0101 Brektes mur\u0101\u013cus\u2026. Ac\u012bmredzot, tik daudz skat\u012bt\u0101ju, t\u0101das izr\u0101des, nesp\u0113j sapulcin\u0101t un ien\u0101kumi kr\u012bt\u2026.. T\u0101p\u0113c, atlai\u0161anas.\u201d<\/p>\n<blockquote><p>Savuk\u0101rt Alda ir atradusi, cik pats te\u0101tra direktors sa\u0146em algu katru m\u0113nesi un uzskata, ka \u0161\u012bs cipars, kas ir 5749 eiro, nesaskan ar run\u0101m par gr\u016btiem laikiem te\u0101tr\u012b un finans\u0113juma samazin\u0101jumu. <\/p><\/blockquote>\n<p><img decoding=\"async\" src=\"https:\/\/www.europesays.com\/lv\/wp-content\/uploads\/2026\/01\/Ekranuznemums-2026-01-09-093822.png\" alt=\"\"\/><\/p>\n<p>No zv\u0113rin\u0101ta advok\u0101ta Laura Klaiga\u0161a biroja konta koment\u0113ts: \u201cLelde, ne\u013cauj vi\u0146iem izmantot \u201cmazo noslodzi\u201d k\u0101 argumentu pret Tevi \u2013 tas ir vi\u0146u pa\u0161u v\u0101jais punkts! Tev noteikti j\u0101uzsver (gan publiski, gan juridiski), ka aktieris te\u0101tr\u012b pats sev lomas nepie\u0161\u0137ir un repertu\u0101ru neveido. T\u0101 ir ekskluz\u012bva darba dev\u0113ja kompetence un atbild\u012bba. Ja vad\u012bba p\u0113d\u0113jos 3 gados Tevi nav iek\u013c\u0101vusi jauniestud\u0113jumos, tas liecina par vi\u0146u mened\u017ementa l\u0113mumiem vai pl\u0101no\u0161anu, nevis par Tavu kvalifik\u0101ciju vai sp\u0113j\u0101m.<\/p>\n<p>Ir juridiski absurdi \u201cnedot darbiniekam darbu\u201d un p\u0113c tam izmantot \u0161o faktu (zemo noslodzi) k\u0101 pier\u0101d\u012bjumu tam, ka darbinieks ir slikt\u0101ks par citiem, lai pamatotu atlai\u0161anu (Darba likuma 108. panta izpratn\u0113). Faktiski vi\u0146i m\u0113\u0123ina savu bezdarb\u012bbu (lomu nepie\u0161\u0137ir\u0161anu) uzvelt Tev k\u0101 \u201csliktus darba rezult\u0101tus\u201d. Ties\u0101 \u0161\u0101ds arguments sabruktu, jo darba dev\u0113js nevar pamatot darbinieka \u201czemo v\u0113rt\u0113jumu\u201d ar apst\u0101k\u013ciem, kurus pats ir rad\u012bjis. Turies, taisn\u012bba un lo\u0123ika ir Tav\u0101 pus\u0113!\u201d<\/p>\n<p>Uz \u0161o koment\u0101ru uz\u0146\u0113m\u0113js un aktieris Ivars Auzi\u0146\u0161 atbild: \u201cVad\u012bba vi\u0146u nav iek\u013c\u0101vusi, jo vi\u0146a k\u0101dai trauc\u0113, ir konkurente, vai nepat\u012bk. Tas ka: \u201cvad\u012bba p\u0113d\u0113jos 3 gados Vi\u0146u nav iek\u013c\u0101vusi jauniestud\u0113jumos, liecina vi\u0146u mened\u017ementa l\u0113mumiem vai pl\u0101no\u0161anu\u201d, ir absol\u016bti prec\u012bzi. T\u0101 ir apzin\u0101ta darb\u012bba, lai rad\u012btu fa\u0161us datus\u2026.\u0100rzemju re\u017eisori, kuri tur ir p\u0101rsvar\u0101, nemaz nezin t\u0101du Leldi, jo k\u0101 gan? Aktierus iesaka vad\u012bba un citi, \u201cpietuvin\u0101tie aktieri\u201d. Po\u013ciem, ang\u013ciem, vai ung\u0101riem noliek izv\u0113li priek\u0161\u0101 \u012bpa\u0161\u0101 te\u0101tra pel\u0113k\u0101 \u201cvad\u012bba\u201d.\u201d Vi\u0146a teiktajam piekr\u012bt ar\u012b aktieris Andris B\u0113rzi\u0146\u0161. <\/p>\n<p>Pilnu diskusiju lasi zem\u0101k. <\/p>\n<p><img decoding=\"async\" src=\"https:\/\/www.europesays.com\/lv\/wp-content\/uploads\/2026\/01\/Ekranuznemums-2026-01-09-093755.png\" alt=\"\"\/><br \/>\n<img decoding=\"async\" src=\"https:\/\/www.europesays.com\/lv\/wp-content\/uploads\/2026\/01\/Ekranuznemums-2026-01-09-093813.png\" alt=\"\"\/><br \/>\n<img decoding=\"async\" src=\"https:\/\/www.europesays.com\/lv\/wp-content\/uploads\/2026\/01\/Ekranuznemums-2026-01-09-093822-1.png\" alt=\"\"\/><br \/>\n<img decoding=\"async\" src=\"https:\/\/www.europesays.com\/lv\/wp-content\/uploads\/2026\/01\/Ekranuznemums-2026-01-09-093844.png\" alt=\"\"\/><br \/>\n<img decoding=\"async\" src=\"https:\/\/www.europesays.com\/lv\/wp-content\/uploads\/2026\/01\/Ekranuznemums-2026-01-09-093902.png\" alt=\"\"\/><br \/>\n<img decoding=\"async\" src=\"https:\/\/www.europesays.com\/lv\/wp-content\/uploads\/2026\/01\/Ekranuznemums-2026-01-09-094116.png\" alt=\"\"\/><br \/>\n<img decoding=\"async\" src=\"https:\/\/www.europesays.com\/lv\/wp-content\/uploads\/2026\/01\/Ekranuznemums-2026-01-09-094154.png\" alt=\"\"\/><br \/>\n<img decoding=\"async\" src=\"https:\/\/www.europesays.com\/lv\/wp-content\/uploads\/2026\/01\/Ekranuznemums-2026-01-09-094214.png\" alt=\"\"\/><br \/>\n<img decoding=\"async\" src=\"https:\/\/www.europesays.com\/lv\/wp-content\/uploads\/2026\/01\/Ekranuznemums-2026-01-09-094229.png\" alt=\"\"\/><\/p>\n<p>\\<\/p>\n<p><img decoding=\"async\" src=\"https:\/\/www.europesays.com\/lv\/wp-content\/uploads\/2026\/01\/Ekranuznemums-2026-01-09-094248.png\" alt=\"\"\/><br \/>\n<img decoding=\"async\" src=\"https:\/\/www.europesays.com\/lv\/wp-content\/uploads\/2026\/01\/Ekranuznemums-2026-01-09-094317.png\" alt=\"\"\/><br \/>\n<img decoding=\"async\" src=\"https:\/\/www.europesays.com\/lv\/wp-content\/uploads\/2026\/01\/Ekranuznemums-2026-01-09-094335.png\" alt=\"\"\/><br \/>\n<img decoding=\"async\" src=\"https:\/\/www.europesays.com\/lv\/wp-content\/uploads\/2026\/01\/Ekranuznemums-2026-01-09-094353.png\" alt=\"\"\/><br \/>\n<img decoding=\"async\" src=\"https:\/\/www.europesays.com\/lv\/wp-content\/uploads\/2026\/01\/Ekranuznemums-2026-01-09-094405.png\" alt=\"\"\/><br \/>\n<img decoding=\"async\" src=\"https:\/\/www.europesays.com\/lv\/wp-content\/uploads\/2026\/01\/Ekranuznemums-2026-01-09-094417.png\" alt=\"\"\/><br \/>\n<img decoding=\"async\" src=\"https:\/\/www.europesays.com\/lv\/wp-content\/uploads\/2026\/01\/Ekranuznemums-2026-01-09-094429.png\" alt=\"\"\/><br \/>\n<img decoding=\"async\" src=\"https:\/\/www.europesays.com\/lv\/wp-content\/uploads\/2026\/01\/Ekranuznemums-2026-01-09-094443.png\" alt=\"\"\/><br \/>\n<img decoding=\"async\" src=\"https:\/\/www.europesays.com\/lv\/wp-content\/uploads\/2026\/01\/Ekranuznemums-2026-01-09-094453.png\" alt=\"\"\/><br \/>\n<img decoding=\"async\" src=\"https:\/\/www.europesays.com\/lv\/wp-content\/uploads\/2026\/01\/Ekranuznemums-2026-01-09-094520.png\" alt=\"\"\/><br \/>\n<img decoding=\"async\" src=\"https:\/\/www.europesays.com\/lv\/wp-content\/uploads\/2026\/01\/Ekranuznemums-2026-01-09-094532.png\" alt=\"\"\/><br \/>\n<img decoding=\"async\" src=\"https:\/\/www.europesays.com\/lv\/wp-content\/uploads\/2026\/01\/Ekranuznemums-2026-01-09-094544.png\" alt=\"\"\/><br \/>\n<img decoding=\"async\" src=\"https:\/\/www.europesays.com\/lv\/wp-content\/uploads\/2026\/01\/Ekranuznemums-2026-01-09-094557.png\" alt=\"\"\/><br \/>\n<img decoding=\"async\" src=\"https:\/\/www.europesays.com\/lv\/wp-content\/uploads\/2026\/01\/Ekranuznemums-2026-01-09-094623.png\" alt=\"\"\/><\/p>\n<p>T\u0113mas<\/p>\n<p>    SAIST\u012aTIE RAKSTI<\/p>\n","protected":false},"excerpt":{"rendered":"\u0160oned\u0113\u013c kult\u016bras dz\u012bv\u0113 ska\u013c\u0101k\u0101 zi\u0146a noteikti bija par 4 le\u0123end\u0101ru aktri\u0161u atlai\u0161anu\/atst\u0101\u0161anu \u0101r\u0161tat\u0101 un 16 apkop\u0113ju darba vietu&hellip;\n","protected":false},"author":2,"featured_media":99151,"comment_status":"","ping_status":"","sticky":false,"template":"","format":"standard","meta":{"footnotes":""},"categories":[19],"tags":[89,90,35,39,38,36,37,34,40],"class_list":{"0":"post-99150","1":"post","2":"type-post","3":"status-publish","4":"format-standard","5":"has-post-thumbnail","7":"category-izklaide","8":"tag-entertainment","9":"tag-izklaide","10":"tag-latvia","11":"tag-latvian","12":"tag-latviesu","13":"tag-latviesu-valoda","14":"tag-latviesuvaloda","15":"tag-latvija","16":"tag-lv"},"share_on_mastodon":{"url":"https:\/\/pubeurope.com\/@lv\/115864578757417677","error":""},"_links":{"self":[{"href":"https:\/\/www.europesays.com\/lv\/wp-json\/wp\/v2\/posts\/99150","targetHints":{"allow":["GET"]}}],"collection":[{"href":"https:\/\/www.europesays.com\/lv\/wp-json\/wp\/v2\/posts"}],"about":[{"href":"https:\/\/www.europesays.com\/lv\/wp-json\/wp\/v2\/types\/post"}],"author":[{"embeddable":true,"href":"https:\/\/www.europesays.com\/lv\/wp-json\/wp\/v2\/users\/2"}],"replies":[{"embeddable":true,"href":"https:\/\/www.europesays.com\/lv\/wp-json\/wp\/v2\/comments?post=99150"}],"version-history":[{"count":0,"href":"https:\/\/www.europesays.com\/lv\/wp-json\/wp\/v2\/posts\/99150\/revisions"}],"wp:featuredmedia":[{"embeddable":true,"href":"https:\/\/www.europesays.com\/lv\/wp-json\/wp\/v2\/media\/99151"}],"wp:attachment":[{"href":"https:\/\/www.europesays.com\/lv\/wp-json\/wp\/v2\/media?parent=99150"}],"wp:term":[{"taxonomy":"category","embeddable":true,"href":"https:\/\/www.europesays.com\/lv\/wp-json\/wp\/v2\/categories?post=99150"},{"taxonomy":"post_tag","embeddable":true,"href":"https:\/\/www.europesays.com\/lv\/wp-json\/wp\/v2\/tags?post=99150"}],"curies":[{"name":"wp","href":"https:\/\/api.w.org\/{rel}","templated":true}]}}