{"id":99191,"date":"2026-01-09T10:45:06","date_gmt":"2026-01-09T10:45:06","guid":{"rendered":"https:\/\/www.europesays.com\/lv\/99191\/"},"modified":"2026-01-09T10:45:06","modified_gmt":"2026-01-09T10:45:06","slug":"ukraina-versas-starptautiskajas-organizacijas-par-raketes-oresnik-izmantosanu-krievijas-uzbrukuma","status":"publish","type":"post","link":"https:\/\/www.europesays.com\/lv\/99191\/","title":{"rendered":"Ukraina v\u0113r\u0161as starptautiskaj\u0101s organiz\u0101cij\u0101s par ra\u0137etes &#8220;Ore\u0161\u0146ik&#8221; izmanto\u0161anu Krievijas uzbrukum\u0101"},"content":{"rendered":"<blockquote class=\"quote ck-widget\" contenteditable=\"false\">\n<p>Putins izmanto vid\u0113ja darb\u012bbas r\u0101diusa ballistisko ra\u0137eti net\u0101lu no ES un NATO robe\u017eas, atbildot uz sav\u0101m halucin\u0101cij\u0101m, un patie\u0161\u0101m rada glob\u0101lus draudus.<\/p>\n<\/blockquote>\n<p>Un tas prasa glob\u0101lu reakciju. Pret Krievijas tankku\u0123u floti &#8211; un ASV ir taisn\u012bba, ka t\u0101s r\u012bkojas &#8211; un pret Krievijas ie\u0146\u0113mumiem no naftas, sh\u0113m\u0101m un akt\u012bviem ir j\u0101v\u0113r\u0161as stingr\u0101k. Ne tikai ES, bet vis\u0101 pasaul\u0113,&#8221; uzsv\u0113ris Sibiha.<\/p>\n<p>Ministrs aicin\u0101jis visas atbild\u012bg\u0101s valstis un starptautisk\u0101s organiz\u0101cijas nekav\u0113joties atmaskot Krievijas melus un pastiprin\u0101t spiedienu uz agresoru.<\/p>\n<p>&#8220;M\u0113s ierosin\u0101sim starptautisku r\u012bc\u012bbu &#8211; steidzamu ANO Dro\u0161\u012bbas padomes san\u0101ksmi, Ukrainas un NATO padomes s\u0113di, k\u0101 ar\u012b attiec\u012bgus pas\u0101kumus ES, Eiropas Padom\u0113 un EDSO,&#8221; piebildis Sibiha.<\/p>\n<p>Krievija nakt\u012b uz piektdienu veica mas\u012bvu dronu un ra\u0137e\u0161u triecienu Ukrainai, uz \u013bvivas apgabalu raidot ra\u0137eti &#8220;Ore\u0161\u0146ik&#8221;, kas ir sp\u0113j\u012bga nest kodolgalvi\u0146as, lai gan \u0161aj\u0101 gad\u012bjum\u0101 ar t\u0101m nebija apr\u012bkota. Krievijas Aizsardz\u012bbas ministrija pazi\u0146oja, ka &#8220;Ore\u0161\u0146ik&#8221; izmanto\u0161ana esot bijusi atbilde uz Ukrainas dronu uzbrukumu Putina rezidencei Novgorodas apgabal\u0101. Tom\u0113r Krievijas apgalvojumi par it k\u0101 decembr\u012b notiku\u0161u \u0161\u0101du uzbrukumu neatbilst paties\u012bbai. ASV Centr\u0101l\u0101 izl\u016bko\u0161anas p\u0101rvalde secin\u0101jusi, ka, pret\u0113ji Krievijas apgalvojumiem, <a href=\"https:\/\/www.tvnet.lv\/term\/8497\/ukraina\" class=\"topicLink\" target=\"_blank\" rel=\"nofollow noopener\">Ukraina<\/a> nav veikusi bezpilota lidapar\u0101tu uzbrukumu Putina rezidencei.<\/p>\n","protected":false},"excerpt":{"rendered":"Putins izmanto vid\u0113ja darb\u012bbas r\u0101diusa ballistisko ra\u0137eti net\u0101lu no ES un NATO robe\u017eas, atbildot uz sav\u0101m halucin\u0101cij\u0101m, un&hellip;\n","protected":false},"author":2,"featured_media":99192,"comment_status":"","ping_status":"","sticky":false,"template":"","format":"standard","meta":{"footnotes":""},"categories":[5],"tags":[23,3700,28,29,32,33,22,234,74,30,31,35,39,38,36,37,34,40,20,26,27,24,25,276,21],"class_list":{"0":"post-99191","1":"post","2":"type-post","3":"status-publish","4":"format-standard","5":"has-post-thumbnail","7":"category-aktualitates","8":"tag-aktualitates","9":"tag-autoritarisma-ena-par-eiropu","10":"tag-breaking-news","11":"tag-breakingnews","12":"tag-featured-news","13":"tag-featurednews","14":"tag-headlines","15":"tag-krievija","16":"tag-krievijas-iebrukums-ukraina","17":"tag-latest-news","18":"tag-latestnews","19":"tag-latvia","20":"tag-latvian","21":"tag-latviesu","22":"tag-latviesu-valoda","23":"tag-latviesuvaloda","24":"tag-latvija","25":"tag-lv","26":"tag-news","27":"tag-popularakas-zinas","28":"tag-popularakaszinas","29":"tag-top-stories","30":"tag-topstories","31":"tag-ukraina","32":"tag-zinas"},"share_on_mastodon":{"url":"https:\/\/pubeurope.com\/@lv\/115864739772568396","error":""},"_links":{"self":[{"href":"https:\/\/www.europesays.com\/lv\/wp-json\/wp\/v2\/posts\/99191","targetHints":{"allow":["GET"]}}],"collection":[{"href":"https:\/\/www.europesays.com\/lv\/wp-json\/wp\/v2\/posts"}],"about":[{"href":"https:\/\/www.europesays.com\/lv\/wp-json\/wp\/v2\/types\/post"}],"author":[{"embeddable":true,"href":"https:\/\/www.europesays.com\/lv\/wp-json\/wp\/v2\/users\/2"}],"replies":[{"embeddable":true,"href":"https:\/\/www.europesays.com\/lv\/wp-json\/wp\/v2\/comments?post=99191"}],"version-history":[{"count":0,"href":"https:\/\/www.europesays.com\/lv\/wp-json\/wp\/v2\/posts\/99191\/revisions"}],"wp:featuredmedia":[{"embeddable":true,"href":"https:\/\/www.europesays.com\/lv\/wp-json\/wp\/v2\/media\/99192"}],"wp:attachment":[{"href":"https:\/\/www.europesays.com\/lv\/wp-json\/wp\/v2\/media?parent=99191"}],"wp:term":[{"taxonomy":"category","embeddable":true,"href":"https:\/\/www.europesays.com\/lv\/wp-json\/wp\/v2\/categories?post=99191"},{"taxonomy":"post_tag","embeddable":true,"href":"https:\/\/www.europesays.com\/lv\/wp-json\/wp\/v2\/tags?post=99191"}],"curies":[{"name":"wp","href":"https:\/\/api.w.org\/{rel}","templated":true}]}}