{"id":99195,"date":"2026-01-09T10:48:07","date_gmt":"2026-01-09T10:48:07","guid":{"rendered":"https:\/\/www.europesays.com\/lv\/99195\/"},"modified":"2026-01-09T10:48:07","modified_gmt":"2026-01-09T10:48:07","slug":"izstade-auto-2026-neredzeti-daudz-jaunu-auto-zimolu-no-kinas-un-ipass-parsteigums-no-italijas-3","status":"publish","type":"post","link":"https:\/\/www.europesays.com\/lv\/99195\/","title":{"rendered":"Izst\u0101de &#8220;Auto 2026&#8221; \u2013 neredz\u0113ti daudz jaunu auto z\u012bmolu no \u0136\u012bnas un \u012bpa\u0161s p\u0101rsteigums no It\u0101lijas"},"content":{"rendered":"<p>&#8220;Interese par dal\u012bbu izst\u0101d\u0113 ir iespaid\u012bga \u2013 vietas tiek rezerv\u0113tas \u0101tr\u0101k nek\u0101 jebkad iepriek\u0161. \u0160obr\u012bd jau rezerv\u0113ti aptuveni 70 % no <a href=\"https:\/\/www.tvnet.lv\/term\/555922\/izstades\" class=\"topicLink\" target=\"_blank\" rel=\"nofollow noopener\">izst\u0101des<\/a> laukumiem, un dal\u012bbnieki akt\u012bvi gatavojas apr\u012b\u013ca izst\u0101dei. Lai gan d\u012bleri jaun\u0101kos auto mode\u013cus v\u0113l neatkl\u0101j, tom\u0113r sola ne vienu vien p\u0101rsteigumu. \u012apa\u0161u uzman\u012bbu piesaist\u012bs \u0136\u012bnas autob\u016bves jaunumi, kas Latvijas tirg\u016b ien\u0101k arvien akt\u012bv\u0101k un b\u016bs pla\u0161i p\u0101rst\u0101v\u0113ti ar\u012b izst\u0101d\u0113,&#8221; atkl\u0101j izst\u0101des &#8220;Auto&#8221; projekta vad\u012bt\u0101js Gints \u0160\u0101v\u0113js un piebilst: &#8220;Katru gadu cen\u0161amies apmekl\u0113t\u0101jus p\u0101rsteigt ar k\u0101du neparastu ekspon\u0101tu, un \u0161\u012b <a href=\"https:\/\/www.tvnet.lv\/term\/597793\/izstade\" class=\"topicLink\" target=\"_blank\" rel=\"nofollow noopener\">izst\u0101de<\/a> neb\u016bs iz\u0146\u0113mums!&#8221;<\/p>\n<p>Izst\u0101des sada\u013ca &#8220;Jauni auto&#8221; pied\u0101v\u0101s v\u0113l pla\u0161\u0101ku auto kl\u0101stu nek\u0101 iepriek\u0161! \u0136\u012bpsal\u0101 b\u016bs apskat\u0101mi jaun\u0101kie &#8220;Volkswagen&#8221;, &#8220;Audi&#8221;, &#8220;Cupra&#8221;, &#8220;\u0160koda&#8221;, KIA, &#8220;XPENG&#8221;, &#8220;Renault&#8221;, &#8220;Dacia&#8221;, &#8220;Nissan&#8221;, MG, &#8220;SWM&#8221;, &#8220;BAIC&#8221;, &#8220;Great Wall Motors&#8221;, &#8220;Voyah&#8221;, &#8220;Dong Feng&#8221;, &#8220;M Hero&#8221;, &#8220;Forthing&#8221;, &#8220;Subaru&#8221;, &#8220;Toyota&#8221;, &#8220;Lynk &amp; Co&#8221;, &#8220;Cherry&#8221; un citu z\u012bmolu mode\u013ci.<\/p>\n","protected":false},"excerpt":{"rendered":"&#8220;Interese par dal\u012bbu izst\u0101d\u0113 ir iespaid\u012bga \u2013 vietas tiek rezerv\u0113tas \u0101tr\u0101k nek\u0101 jebkad iepriek\u0161. \u0160obr\u012bd jau rezerv\u0113ti aptuveni&hellip;\n","protected":false},"author":2,"featured_media":99196,"comment_status":"","ping_status":"","sticky":false,"template":"","format":"standard","meta":{"footnotes":""},"categories":[16],"tags":[1494,77,76,4816,2429,12694,24286,35,39,38,36,37,34,40],"class_list":{"0":"post-99195","1":"post","2":"type-post","3":"status-publish","4":"format-standard","5":"has-post-thumbnail","7":"category-bizness","8":"tag-automasinas","9":"tag-bizness","10":"tag-business","11":"tag-izstade","12":"tag-izstades","13":"tag-kipsala","14":"tag-kipsalas-izstazu-halle","15":"tag-latvia","16":"tag-latvian","17":"tag-latviesu","18":"tag-latviesu-valoda","19":"tag-latviesuvaloda","20":"tag-latvija","21":"tag-lv"},"share_on_mastodon":{"url":"https:\/\/pubeurope.com\/@lv\/115864751557115462","error":""},"_links":{"self":[{"href":"https:\/\/www.europesays.com\/lv\/wp-json\/wp\/v2\/posts\/99195","targetHints":{"allow":["GET"]}}],"collection":[{"href":"https:\/\/www.europesays.com\/lv\/wp-json\/wp\/v2\/posts"}],"about":[{"href":"https:\/\/www.europesays.com\/lv\/wp-json\/wp\/v2\/types\/post"}],"author":[{"embeddable":true,"href":"https:\/\/www.europesays.com\/lv\/wp-json\/wp\/v2\/users\/2"}],"replies":[{"embeddable":true,"href":"https:\/\/www.europesays.com\/lv\/wp-json\/wp\/v2\/comments?post=99195"}],"version-history":[{"count":0,"href":"https:\/\/www.europesays.com\/lv\/wp-json\/wp\/v2\/posts\/99195\/revisions"}],"wp:featuredmedia":[{"embeddable":true,"href":"https:\/\/www.europesays.com\/lv\/wp-json\/wp\/v2\/media\/99196"}],"wp:attachment":[{"href":"https:\/\/www.europesays.com\/lv\/wp-json\/wp\/v2\/media?parent=99195"}],"wp:term":[{"taxonomy":"category","embeddable":true,"href":"https:\/\/www.europesays.com\/lv\/wp-json\/wp\/v2\/categories?post=99195"},{"taxonomy":"post_tag","embeddable":true,"href":"https:\/\/www.europesays.com\/lv\/wp-json\/wp\/v2\/tags?post=99195"}],"curies":[{"name":"wp","href":"https:\/\/api.w.org\/{rel}","templated":true}]}}