{"id":99210,"date":"2026-01-09T11:09:17","date_gmt":"2026-01-09T11:09:17","guid":{"rendered":"https:\/\/www.europesays.com\/lv\/99210\/"},"modified":"2026-01-09T11:09:17","modified_gmt":"2026-01-09T11:09:17","slug":"ministri-eiropa-satraukusies-par-samazinatu-finansejumu-lauksaimniecibai","status":"publish","type":"post","link":"https:\/\/www.europesays.com\/lv\/99210\/","title":{"rendered":"Ministri Eirop\u0101 satrauku\u0161ies par samazin\u0101tu finans\u0113jumu lauksaimniec\u012bbai"},"content":{"rendered":"<p>Zemkop\u012bbas ministrs <a rel=\"noopener nofollow\" target=\"_blank\" href=\"https:\/\/www.delfi.lv\/temas\/48579111\/armands-krauze\" tag-id=\"48579111\">Armands Krauze<\/a> (ZZS) tre\u0161dien, 7. janv\u0101r\u012b, Brisel\u0113 piedal\u012bj\u0101s Eiropas Savien\u012bbas Lauksaimniec\u012bbas ministru \u0101rk\u0101rtas san\u0101ksm\u0113 par ES lauksaimnieku konkur\u0113tsp\u0113jas un tirdzniec\u012bbas jaut\u0101jumiem, ko Eiropas Komisija (EK) r\u012bkoja, rea\u0123\u0113jot uz 2025. gada 18. decembr\u012b notiku\u0161o pla\u0161a m\u0113roga lauksaimnieku protestu Brisel\u0113.<\/p>\n<p>Rea\u0123\u0113jot uz lauksaimnieku protest\u0101 paustaj\u0101m ba\u017e\u0101m par samazin\u0101to Kop\u0113j\u0101s Lauksaimniec\u012bbas politikas (KLP) finans\u0113jumu p\u0113c 2027. gada, ES Lauksaimniec\u012bbas un p\u0101rtikas komis\u0101rs Kristofs Hanzens iepaz\u012bstin\u0101ja ar EK jaun\u0101ko priek\u0161likumu, kas potenci\u0101li var\u0113tu palielin\u0101t KLP pieejamo finans\u0113jumu n\u0101kamaj\u0101 ES daudzgadu bud\u017eet\u0101. Tas noz\u012bm\u0113, ka dal\u012bbvalst\u012bm b\u016btu iesp\u0113ja jau 2028. gad\u0101 KLP aktivit\u0101t\u0113m vai lauku apvidu atbalstam pie\u0161\u0137irt da\u013cu no &#8220;iesald\u0113tajiem&#8221; l\u012bdzek\u013ciem, kurus \u0161obr\u012bd paredz\u0113ts izmantot p\u0113c valsts un re\u0123ionu pl\u0101na vidusposma nov\u0113rt\u0113juma, kas b\u016btu j\u0101veic 2031.gad\u0101.<\/p>\n<p class=\"western\">Krauze atk\u0101rtoti pauda stingro Latvijas nost\u0101ju, ka KLP nedr\u012bkst tikt integr\u0113ta vienot\u0101 valsts un re\u0123ionu partner\u012bbas pl\u0101n\u0101 un fond\u0101, jo tas apdraud\u0113s lauksaimniec\u012bbas un p\u0101rtikas ra\u017eo\u0161anas nozares strat\u0113\u0123isko noz\u012bmi un iesp\u0113jas sniegt atbalstu lauksaimniekiem un lauku att\u012bst\u012bbai. T\u0101pat nepie\u0146emami, ka KLP finans\u0113jums ES l\u012bmen\u012b arvien turpina samazin\u0101ties. Attiec\u012bb\u0101 uz EK jaun\u0101ko priek\u0161likumu ministrs atzina, ka tas ir solis pareiz\u0101 virzien\u0101, tom\u0113r tas b\u016bt\u012bb\u0101 neatrisina KLP finans\u0113juma probl\u0113mu, jo nenodro\u0161ina papildu l\u012bdzek\u013cus, bet tikai p\u0101rdala jau iepriek\u0161 iepl\u0101noto finans\u0113jumu.<\/p>\n<p class=\"western\">&#8220;Diem\u017e\u0113l \u0161is pied\u0101v\u0101jums l\u0113mumu pie\u0146em\u0161anu par finans\u0113juma sadali starp da\u017e\u0101d\u0101m politikas priorit\u0101t\u0113m atkal nove\u013c uz dal\u012bbvalstu pleciem. Un tas ir \u012bpa\u0161i problem\u0101tiski ES austrumu pierobe\u017e\u0101, kur dro\u0161\u012bba un aizsardz\u012bba ir galven\u0101s priorit\u0101tes. T\u0101d\u0113j\u0101di Latvijas gad\u012bjum\u0101 \u0161is priek\u0161likums oblig\u0101ti negarant\u0113 papildu l\u012bdzek\u013cus KLP vai lauku apvidiem,&#8221; uzsv\u0113ra Krauze.<\/p>\n<p class=\"western\">Ministrs ar\u012b kritiski v\u0113rt\u0113ja faktu, ka joproj\u0101m nav pabeigta KLP finans\u0113juma \u0101r\u0113j\u0101 konver\u0123ence, uzsverot, ka &#8220;neraugoties uz sol\u012bjumiem, pa\u0161reiz\u0113j\u0101 finans\u0113juma pie\u0161\u0137ir\u0161anas formula Latvijai nenodro\u0161ina papildu finans\u0113jumu KLP. Ja \u0101r\u0113j\u0101 konver\u0123ence netiks atrisin\u0101ta l\u012bdz ar jaun\u0101 perioda s\u0101kumu 2028. gad\u0101, plaisa starp ES dal\u012bbvalst\u012bm KLP atbalsta zi\u0146\u0101 turpin\u0101s palielin\u0101ties.&#8221;<\/p>\n<p class=\"western\">P\u0101rrun\u0101jot aktu\u0101l\u0101s nozares probl\u0113mas, ministrs uzsv\u0113ra lauksaimnieku paust\u0101s ba\u017eas par augstaj\u0101m ra\u017eo\u0161anas izmaks\u0101m, kas \u012bpa\u0161i Austrumu pierobe\u017e\u0101 arvien saglab\u0101jas \u013coti augstas, \u012bpa\u0161i m\u0113slo\u0161anas l\u012bdzek\u013ciem. T\u0101s joproj\u0101m b\u016btiski p\u0101rsniedz pirmskr\u012bzes l\u012bmeni un b\u016btiski ietekm\u0113 lauku saimniec\u012bbu rentabilit\u0101ti un dz\u012bvotsp\u0113ju, k\u0101 ar\u012b tas nek\u0101d\u0101 veid\u0101 neveicin\u0101s atteik\u0161anos no pre\u010du importa no Krievijas.<\/p>\n<p class=\"western\">EK, atbildot uz Latvijas un ar\u012b citu valstu ministru pausto satraukumu par CBAM regul\u0113juma jeb oglek\u013ca ievedkorekcijas meh\u0101nisma ietekmi uz m\u0113slo\u0161anas l\u012bdzek\u013cu cen\u0101m, skaidroja, ka EK rosina paredz\u0113t jaunu nosac\u012bjumu, kas \u013cautu uzraudz\u012bt CBAM ietekmi uz iek\u0161\u0113jo tirgu. Tas turkl\u0101t paredz\u0113tu iesp\u0113ju neparedz\u0113tu apst\u0101k\u013cu gad\u012bjum\u0101 uz laiku aptur\u0113t CBAM piem\u0113ro\u0161anu konkr\u0113t\u0101m prec\u0113m. <\/p>\n<p class=\"western\">\u0160is noteikums \u013cautu EK nov\u0113rt\u0113t situ\u0101ciju m\u0113slo\u0161anas l\u012bdzek\u013cu jom\u0101, lai vajadz\u012bbas gad\u012bjum\u0101 uzs\u0101ktu pagaidu CBAM regul\u0113juma piem\u0113ro\u0161anas aptur\u0113\u0161anu.<\/p>\n<p class=\"western\">Run\u0101jot par tirdzniec\u012bbas jaut\u0101jumiem, Krauze nor\u0101d\u012bja, ka ES \u2013 &#8220;Mercosur&#8221; tirdzniec\u012bbas nol\u012bgumam ir noz\u012bm\u012bgs eksporta potenci\u0101ls, tom\u0113r ir b\u016btiski nodro\u0161in\u0101t efekt\u012bvus tirgus aizsardz\u012bbas pas\u0101kumus, kas importa pieauguma gad\u012bjum\u0101 \u013cautu nov\u0113rst negat\u012bvas sekas ES ra\u017eot\u0101jiem. T\u0101pat ministrs uzsv\u0113ra, ka ES konkur\u0113tsp\u0113jas un &#8220;Vienas vesel\u012bbas&#8221; principu aizsardz\u012bbai, tre\u0161o valstu ra\u017eo\u0161anas standartiem ir j\u0101b\u016bt piel\u0101gotiem ES pras\u012bb\u0101m.<\/p>\n<p class=\"western\">Jau zi\u0146ots, ka Francija balsos pret Eiropas Savien\u012bbas (ES) un vair\u0101ku Dienvidamerikas valstu kop\u0113j\u0101 tirgus &#8220;Mercosur&#8221; br\u012bv\u0101s tirdzniec\u012bbas nol\u012bgumu.<\/p>\n<p>Lasiet ar\u012b<\/p>\n<p><a href=\"https:\/\/www.delfi.lv\/46713439\/arzemes\/120101862\/francija-balsos-pret-es-un-mercosur-noligumu-pazino-makrons\" class=\"headline__image-link\" itemprop=\"url\" rel=\"nofollow noopener\" target=\"_blank\"><img decoding=\"async\" loading=\"lazy\" itemprop=\"image\" src=\"https:\/\/www.europesays.com\/lv\/wp-content\/uploads\/2026\/01\/1767956957_511_7102cc9e-aff6-483f-beca-b3dedeb69b5d.jpg\" alt=\"Francija balsos pret ES un &quot;Mercosur&quot; nol\u012bgumu, pazi\u0146o Makrons\" title=\"Francija balsos pret ES un &quot;Mercosur&quot; nol\u012bgumu, pazi\u0146o Makrons\" class=\"headline__image img-fluid w-100\"\/><\/a><\/p>\n<p class=\"western\">Ar \u0161o nol\u012bgumu tiktu izveidota viena no pasaul\u0113 liel\u0101kaj\u0101m br\u012bv\u0101s tirdzniec\u012bbas zon\u0101m, un tas \u013cautu ES eksport\u0113t vair\u0101k automa\u0161\u012bnu, tehnikas un alkoholisko dz\u0113rienu uz Lat\u012b\u0146ameriku.<\/p>\n<p>Francijas lauksaimniekus uztrauc l\u0113t\u0101ku pre\u010du piepl\u016bdums no lauksaimniec\u012bbas mil\u017ea <a rel=\"noopener nofollow\" target=\"_blank\" href=\"https:\/\/www.delfi.lv\/temas\/36026822\/brazilija\" data-rel-date-range=\"[]\">Braz\u012blijas<\/a> un t\u0101s kaimi\u0146valst\u012bm.<\/p>\n<p class=\"m-0\">Seko &#8220;Delfi&#8221; ar\u012b  <a target=\"_blank\" href=\"https:\/\/www.instagram.com\/delfi.lv\/\" rel=\"nofollow noopener\">Instagram<\/a>  un <a target=\"_blank\" href=\"https:\/\/www.youtube.com\/channel\/UCw5foWtcJvAbUm64rv7jwUQ\" rel=\"nofollow noopener\">YouTube<\/a>  profil\u0101 \u2013 pievienojies, lai uzzin\u0101tu svar\u012bg\u0101ko un interesant\u0101ko pirmais!<\/p>\n<p>Publik\u0101cijas saturs vai t\u0101s jebk\u0101da apjoma da\u013ca ir aizsarg\u0101ts autorties\u012bbu objekts Autorties\u012bbu likuma izpratn\u0113, un t\u0101 izmanto\u0161ana bez izdev\u0113ja at\u013caujas ir aizliegta. Vair\u0101k lasi  <a target=\"_blank\" href=\"https:\/\/www.delfi.lv\/noteikumi#autortiesibas\" rel=\"nofollow noopener\">\u0161eit<\/a><script async src=\"\/\/www.instagram.com\/embed.js\"><\/script><\/p>\n","protected":false},"excerpt":{"rendered":"Zemkop\u012bbas ministrs Armands Krauze (ZZS) tre\u0161dien, 7. janv\u0101r\u012b, Brisel\u0113 piedal\u012bj\u0101s Eiropas Savien\u012bbas Lauksaimniec\u012bbas ministru \u0101rk\u0101rtas san\u0101ksm\u0113 par ES&hellip;\n","protected":false},"author":2,"featured_media":99211,"comment_status":"","ping_status":"","sticky":false,"template":"","format":"standard","meta":{"footnotes":""},"categories":[5],"tags":[23,665,28,29,7221,32,33,22,30,31,35,39,38,36,37,34,40,20,26,27,24,25,21],"class_list":{"0":"post-99210","1":"post","2":"type-post","3":"status-publish","4":"format-standard","5":"has-post-thumbnail","7":"category-aktualitates","8":"tag-aktualitates","9":"tag-armands-krauze","10":"tag-breaking-news","11":"tag-breakingnews","12":"tag-eiropas-zinas","13":"tag-featured-news","14":"tag-featurednews","15":"tag-headlines","16":"tag-latest-news","17":"tag-latestnews","18":"tag-latvia","19":"tag-latvian","20":"tag-latviesu","21":"tag-latviesu-valoda","22":"tag-latviesuvaloda","23":"tag-latvija","24":"tag-lv","25":"tag-news","26":"tag-popularakas-zinas","27":"tag-popularakaszinas","28":"tag-top-stories","29":"tag-topstories","30":"tag-zinas"},"share_on_mastodon":{"url":"https:\/\/pubeurope.com\/@lv\/115864834034682109","error":""},"_links":{"self":[{"href":"https:\/\/www.europesays.com\/lv\/wp-json\/wp\/v2\/posts\/99210","targetHints":{"allow":["GET"]}}],"collection":[{"href":"https:\/\/www.europesays.com\/lv\/wp-json\/wp\/v2\/posts"}],"about":[{"href":"https:\/\/www.europesays.com\/lv\/wp-json\/wp\/v2\/types\/post"}],"author":[{"embeddable":true,"href":"https:\/\/www.europesays.com\/lv\/wp-json\/wp\/v2\/users\/2"}],"replies":[{"embeddable":true,"href":"https:\/\/www.europesays.com\/lv\/wp-json\/wp\/v2\/comments?post=99210"}],"version-history":[{"count":0,"href":"https:\/\/www.europesays.com\/lv\/wp-json\/wp\/v2\/posts\/99210\/revisions"}],"wp:featuredmedia":[{"embeddable":true,"href":"https:\/\/www.europesays.com\/lv\/wp-json\/wp\/v2\/media\/99211"}],"wp:attachment":[{"href":"https:\/\/www.europesays.com\/lv\/wp-json\/wp\/v2\/media?parent=99210"}],"wp:term":[{"taxonomy":"category","embeddable":true,"href":"https:\/\/www.europesays.com\/lv\/wp-json\/wp\/v2\/categories?post=99210"},{"taxonomy":"post_tag","embeddable":true,"href":"https:\/\/www.europesays.com\/lv\/wp-json\/wp\/v2\/tags?post=99210"}],"curies":[{"name":"wp","href":"https:\/\/api.w.org\/{rel}","templated":true}]}}