{"id":99218,"date":"2026-01-09T11:17:13","date_gmt":"2026-01-09T11:17:13","guid":{"rendered":"https:\/\/www.europesays.com\/lv\/99218\/"},"modified":"2026-01-09T11:17:13","modified_gmt":"2026-01-09T11:17:13","slug":"muziba-aizsaukta-izcila-basketboliste-uljana-semjonova-1188-lv-2","status":"publish","type":"post","link":"https:\/\/www.europesays.com\/lv\/99218\/","title":{"rendered":"M\u016b\u017e\u012bb\u0101 aizsaukta izcil\u0101 basketboliste U\u013cjana Semjonova &#8211; 1188.lv"},"content":{"rendered":"<ol>\n<li><a href=\"https:\/\/news.google.com\/rss\/articles\/CBMikgFBVV95cUxQQUpla1o2aG5ZSDlXRHBJQlZOZjVSVUpxdnpuZWRJNXRHMEVoUlJvZ01YNkJ4cVpwTldxOXppU3BYNFc4b3lydktWcklPV1RUQWxjTUhZTnFFM2RKSlZaeE9ycE1Fb240dkVyaEZaWXNFYmp2WEJ2bmQwSEdVQ1g1bzIzRk9XOG9SbWdQYzB6X0NiZw?oc=5\" target=\"_blank\" rel=\"nofollow noopener\">M\u016b\u017e\u012bb\u0101 aizsaukta izcil\u0101 basketboliste U\u013cjana Semjonova<\/a>&nbsp;&nbsp;1188.lv<\/li>\n<li><a href=\"https:\/\/news.google.com\/rss\/articles\/CBMixgFBVV95cUxPTjBBYjM4QlRrOWlkX0JNM093QzQ4VWNDdXpYXy1VZlpaQjRUeURGb0lGbUhKUUJPcXJzeVFKczZPVW9wdmlaYkYwcFM2cTFQSk9Eek9pR0NDSXZGclQzTnFzT204QllHeXNHeTZ0ZU1wb0NjSmJiTGpWbE9Hd1FvNFR1VGJOTk90bjVkYjZraGR1RmZCT3dUOHV0dG1uRjJsTDRuTXJvSkVJSG9iQ2dwazRqR3YwNUc3RnVnNmlaN2dtalhEYVE?oc=5\" target=\"_blank\" rel=\"nofollow noopener\">M\u016b\u017e\u012bb\u0101 aizg\u0101jusi izcil\u0101 latvie\u0161u basketboliste U\u013cjana Semjonova \/ Raksts<\/a>&nbsp;&nbsp;LSM<\/li>\n<li><a href=\"https:\/\/news.google.com\/rss\/articles\/CBMif0FVX3lxTE9RUFhXR2pLdGdrR2JuSVVIUUNrS0pBNnZEenZPZGNyQ285eXRLYUVDNnFOSkowOFJwYzZoQ2dMZTRBMzdYekxLZWlTV1VzZFFmaU5lSm1CUm1haHBrWG9NUGRVRjBvdDdYbWROR2pscGdzdU1xcWhiZWY2aW1DTFk?oc=5\" target=\"_blank\" rel=\"nofollow noopener\">Mirusi U\u013cjana Semjonova \u2013 Basketbols<\/a>&nbsp;&nbsp;Sportacentrs.com<\/li>\n<li><a href=\"https:\/\/news.google.com\/rss\/articles\/CBMi2AFBVV95cUxPcmpHXzdqcFZfS2lhV1lZaE84cTJhRFhEbFE4U1ZWOXNnaHQ4eWZTRWlEc0w1MUtqc2VaRzdsZm9QMEQ4alpMQVhibjBfZzEwc2dMRnBjdmJ2YzBBMVJyVHFIdC1kMC1lZVNBLWc2MkxsMnJkZTltU1liZkJWODl5cTJXN3J1V0x3eTR6enVCYnRQWEc3cWV5aWVlak1FdElwTm1HYWoweFkycWIxNjYzQ2dQR015dTU2R09rRUd1cW11VkhDM3h2cG5sV0VfeldkaUh0QTVIZEY?oc=5\" target=\"_blank\" rel=\"nofollow noopener\">\u00abKad izk\u0101pu no lidma\u0161\u012bnas, viss traps bija nokl\u0101ts roz\u0113m.\u00bb U\u013cas skaistais un skarbais dz\u012bvesst\u0101sts<\/a>&nbsp;&nbsp;Santa.lv<\/li>\n<li><a href=\"https:\/\/news.google.com\/rss\/articles\/CBMixgFBVV95cUxOaEVqMHB4VkdFZGdQZ00xRzhmdldOVUZ6Q0hnUmJYQktQZW51ZWlLaW9ZaEdtOHNvbXM3aWZnbVRIc0pleHQ4RzgxR3V4SmI5WTZORVF0QTBoeXNabUF1cS1LS2xjOWE3MXdHc2hFaHdLSThvekRQYWNnWnhkOTJjMTJ6bU5pTGp4TjBLdjg0Z3EtVG5tYWVMZGNjb2VOZFBPRVdEdkhBNkM0ZkJ3SkQ5aVhVb0RGWG5keWU4NWhLbWdtLXdxTFE?oc=5\" target=\"_blank\" rel=\"nofollow noopener\">Producents Guntis Trekteris par topo\u0161o filmu &#8220;U\u013ca&#8221;: &#8220;Tas b\u016bs pieaug\u0161anas un sevis pie\u0146em\u0161anas st\u0101sts&#8221;<\/a>&nbsp;&nbsp;Sejas.lv<\/li>\n<\/ol>\n","protected":false},"excerpt":{"rendered":"M\u016b\u017e\u012bb\u0101 aizsaukta izcil\u0101 basketboliste U\u013cjana Semjonova&nbsp;&nbsp;1188.lv M\u016b\u017e\u012bb\u0101 aizg\u0101jusi izcil\u0101 latvie\u0161u basketboliste U\u013cjana Semjonova \/ Raksts&nbsp;&nbsp;LSM Mirusi U\u013cjana Semjonova&hellip;\n","protected":false},"author":2,"featured_media":98756,"comment_status":"","ping_status":"","sticky":false,"template":"","format":"standard","meta":{"footnotes":""},"categories":[17],"tags":[129,4669,35,39,38,36,37,34,40,4670,67,4671],"class_list":{"0":"post-99218","1":"post","2":"type-post","3":"status-publish","4":"format-standard","5":"has-post-thumbnail","7":"category-sports","8":"tag-__typenameadvicekeyword","9":"tag-id1013","10":"tag-latvia","11":"tag-latvian","12":"tag-latviesu","13":"tag-latviesu-valoda","14":"tag-latviesuvaloda","15":"tag-latvija","16":"tag-lv","17":"tag-slugin-memoriam","18":"tag-sports","19":"tag-titlein-memoriam"},"share_on_mastodon":{"url":"https:\/\/pubeurope.com\/@lv\/115864865517737528","error":""},"_links":{"self":[{"href":"https:\/\/www.europesays.com\/lv\/wp-json\/wp\/v2\/posts\/99218","targetHints":{"allow":["GET"]}}],"collection":[{"href":"https:\/\/www.europesays.com\/lv\/wp-json\/wp\/v2\/posts"}],"about":[{"href":"https:\/\/www.europesays.com\/lv\/wp-json\/wp\/v2\/types\/post"}],"author":[{"embeddable":true,"href":"https:\/\/www.europesays.com\/lv\/wp-json\/wp\/v2\/users\/2"}],"replies":[{"embeddable":true,"href":"https:\/\/www.europesays.com\/lv\/wp-json\/wp\/v2\/comments?post=99218"}],"version-history":[{"count":0,"href":"https:\/\/www.europesays.com\/lv\/wp-json\/wp\/v2\/posts\/99218\/revisions"}],"wp:featuredmedia":[{"embeddable":true,"href":"https:\/\/www.europesays.com\/lv\/wp-json\/wp\/v2\/media\/98756"}],"wp:attachment":[{"href":"https:\/\/www.europesays.com\/lv\/wp-json\/wp\/v2\/media?parent=99218"}],"wp:term":[{"taxonomy":"category","embeddable":true,"href":"https:\/\/www.europesays.com\/lv\/wp-json\/wp\/v2\/categories?post=99218"},{"taxonomy":"post_tag","embeddable":true,"href":"https:\/\/www.europesays.com\/lv\/wp-json\/wp\/v2\/tags?post=99218"}],"curies":[{"name":"wp","href":"https:\/\/api.w.org\/{rel}","templated":true}]}}