{"id":99219,"date":"2026-01-09T11:19:07","date_gmt":"2026-01-09T11:19:07","guid":{"rendered":"https:\/\/www.europesays.com\/lv\/99219\/"},"modified":"2026-01-09T11:19:07","modified_gmt":"2026-01-09T11:19:07","slug":"venecuelas-pagaidu-prezidente-izveido-komisiju-maduro-atbrivosanai-tramps-draud-kolumbijai-lente-lv","status":"publish","type":"post","link":"https:\/\/www.europesays.com\/lv\/99219\/","title":{"rendered":"Venecu\u0113las pagaidu prezidente izveido komisiju Maduro atbr\u012bvo\u0161anai; Tramps draud Kolumbijai\u00a0\u2014\u00a0Lente.lv"},"content":{"rendered":"<p>Venecu\u0113las vald\u012bba pieprasa Maduro atbr\u012bvo\u0161anu<\/p>\n<p>Venecu\u0113las pagaidu prezidente Delsija Rodrigesa ir izveidojusi \u012bpa\u0161u komisiju, kuras galvenais uzdevums ir pan\u0101kt ASV sag\u016bst\u012bt\u0101 prezidenta Nikolasa Maduro atbr\u012bvo\u0161anu. Par komisijas l\u012bdzpriek\u0161s\u0113d\u0113t\u0101jiem Rodrigesa iec\u0113lusi savu br\u0101li, Nacion\u0101l\u0101s asamblejas priek\u0161s\u0113d\u0113t\u0101ju Horhi Rodrigesu, un \u0101rlietu ministru Ivanu Hilu. \u0160is solis sperts p\u0113c tam, kad ASV sp\u0113ki 3. janv\u0101r\u012b veica milit\u0101ru oper\u0101ciju, k\u0101 rezult\u0101t\u0101 tika aiztur\u0113ts un nog\u0101d\u0101ts uz \u0145ujorku Venecu\u0113las prezidents Nikolass Maduro kop\u0101 ar vi\u0146a sievu S\u012bliju Floresu. Vi\u0146iem izvirz\u012btas aps\u016bdz\u012bbas narkoterorism\u0101 un citos ar narkotik\u0101m un iero\u010diem saist\u012btos noziegumos. <\/p>\n<p>Neskatoties uz s\u0101kotn\u0113jo kritiku Va\u0161ingtonai, Rodrigesa ir paudusi gatav\u012bbu sadarboties ar ASV. Vi\u0146a ir aicin\u0101jusi ASV vald\u012bbu veidot sadarb\u012bbas darba k\u0101rt\u012bbu, kas orient\u0113ta uz kop\u012bgu att\u012bst\u012bbu starptautisko ties\u012bbu ietvaros. &#8220;M\u016bsu tautas un m\u016bsu re\u0123ions ir peln\u012bju\u0161i mieru un dialogu, nevis karu,&#8221; uzsv\u0113rusi Rodrigesa, piebilstot, ka tas ir bijis prezidenta Nikolasa Maduro v\u0113st\u012bjums. Vi\u0146a aicin\u0101jusi veidot attiec\u012bbas starp ASV un Venecu\u0113lu, kuru pamat\u0101 b\u016btu savstarp\u0113ja cie\u0146a, suver\u0113na vienl\u012bdz\u012bba un neiejauk\u0161an\u0101s.<\/p>\n<p>Trampa draudi Kolumbijai un citiem re\u0123ioniem<\/p>\n<p>ASV prezidents Donalds Tramps ir asi kritiz\u0113jis Kolumbijas prezidentu Gustavo Petro, kur\u0161 iepriek\u0161 bija nosod\u012bjis ASV oper\u0101ciju Venecu\u0113l\u0101. Tramps sac\u012bjis: &#8220;Kolumbija ar\u012b ir \u013coti slima \u2013 to vada slims cilv\u0113ks, kuram pat\u012bk ra\u017eot koka\u012bnu un s\u016bt\u012bt to uz Savienotaj\u0101m Valst\u012bm. Un tas neturpin\u0101sies ilgi.&#8221; Tramps ar\u012b neizsl\u0113dz iesp\u0113ju, ka ASV var\u0113tu veikt milit\u0101ru oper\u0101ciju ar\u012b pret Kolumbiju, piebilstot, ka vi\u0146am tas &#8220;izklaus\u0101s labi&#8221;. <\/p>\n<p>ASV prezidents Donalds Tramps ir piepras\u012bjis Venecu\u0113las vad\u012bt\u0101jai pak\u013cauties vi\u0146a pras\u012bb\u0101m, vai ar\u012b r\u0113\u0137in\u0101ties ar nopietn\u0101m sek\u0101m. Vi\u0146\u0161 ar\u012b piepras\u012bjis Venecu\u0113lai izraid\u012bt no savas teritorijas &#8220;naid\u012bgas valstis&#8221;: \u0136\u012bnu, Krieviju, Ir\u0101nu un Kubu, ar kur\u0101m viet\u0113j\u0101m varas iest\u0101d\u0113m ir j\u0101p\u0101rtrauc visi ekonomiskie sakari. Tramps ar\u012b pazi\u0146ojis, ka ASV uz laiku p\u0101r\u0146ems Venecu\u0113las vad\u012bbu, tai skait\u0101 valsts naftas resursus, l\u012bdz notiks dro\u0161a un p\u0101rdom\u0101ta varas nodo\u0161ana n\u0101kamajam l\u012bderim. <\/p>\n<p>Starptautisk\u0101 reakcija un situ\u0101cijas att\u012bst\u012bba<\/p>\n<p>ASV milit\u0101r\u0101 oper\u0101cija Venecu\u0113l\u0101 ir izrais\u012bjusi pla\u0161u starptautisku reakciju. Daudzas Lat\u012b\u0146amerikas valstis nosod\u012bju\u0161as ASV r\u012bc\u012bbu un aicin\u0101ju\u0161as atgriezties pie diplom\u0101tijas. Eiropas valstis uzsv\u0113ru\u0161as starptautisko ties\u012bbu noz\u012bmi, savuk\u0101rt vair\u0101kas lielvaras br\u012bdin\u0101ju\u0161as, ka \u0161\u0101da r\u012bc\u012bba var destabiliz\u0113t glob\u0101lo dro\u0161\u012bbas sist\u0113mu. Eiropas Savien\u012bbas (ES) \u0101r\u0113j\u0101s un dro\u0161\u012bbas politikas augst\u0101 p\u0101rst\u0101ve Kaja Kallasa aicin\u0101jusi visas puses saglab\u0101t mieru un savald\u012bbu, lai nov\u0113rstu situ\u0101cijas eskal\u0101ciju un nodro\u0161in\u0101tu mierm\u012bl\u012bgu kr\u012bzes risin\u0101jumu. Vi\u0146a uzsv\u0113rusi starptautisko ties\u012bbu principu un ANO Stat\u016btu iev\u0113ro\u0161anas svar\u012bgumu. <\/p>\n<p>Latvijas \u0101rlietu ministre Baiba Bra\u017ee ir nor\u0101d\u012bjusi, ka Venecu\u0113lai b\u016btu lab\u0101k bez pa\u0161reiz\u0113j\u0101 prezidenta, uzsverot, ka Latvija nekad nav atzinusi Maduro re\u017e\u012bma le\u0123itimit\u0101ti. ANO Dro\u0161\u012bbas padomes \u0101rk\u0101rtas san\u0101ksm\u0113, kur\u0101 piedal\u0101s ar\u012b Latvija, tiek spriests par ASV r\u012bc\u012bbu Venecu\u0113l\u0101. <\/p>\n<p>Konflikta fons un iesp\u0113jam\u0101s sekas<\/p>\n<p>\u0160\u012b eskal\u0101cija notiek uz gadiem ilgas spriedzes fona starp ASV un Venecu\u0113lu, ko raksturo ekonomisk\u0101s sankcijas, Venecu\u0113las naftas nozare, narkotiku kontrabandas aps\u016bdz\u012bbas un ideolo\u0123iskas domstarp\u012bbas. Venecu\u0113las ekonomika jau ilgsto\u0161i saskaras ar dzi\u013cu politisko un humanit\u0101ro kr\u012bzi, kas ir izrais\u012bjusi pla\u0161u tautas migr\u0101ciju no valsts. Valsts naftas r\u016bpniec\u012bba, kas veido noz\u012bm\u012bgu da\u013cu no vald\u012bbas ien\u0101kumiem, ir non\u0101kusi nopietn\u0101s gr\u016bt\u012bb\u0101s ASV noteikto sankciju d\u0113\u013c. <\/p>\n<p>Eksperti br\u012bdina, ka situ\u0101cija var rad\u012bt nopietnas hum\u0101n\u0101s sekas, tostarp b\u0113g\u013cu pl\u016bsmas pieaugumu, p\u0101rtikas un medic\u012bnas pieg\u0101\u017eu trauc\u0113jumus un valsts iek\u0161\u0113ju destabiliz\u0101ciju. ASV milit\u0101r\u0101s oper\u0101cijas laik\u0101 Venecu\u0113l\u0101 g\u0101ju\u0161i boj\u0101 vismaz 40 cilv\u0113ki un izn\u012bcin\u0101ti milit\u0101rie objekti. <\/p>\n","protected":false},"excerpt":{"rendered":"Venecu\u0113las vald\u012bba pieprasa Maduro atbr\u012bvo\u0161anu Venecu\u0113las pagaidu prezidente Delsija Rodrigesa ir izveidojusi \u012bpa\u0161u komisiju, kuras galvenais uzdevums ir&hellip;\n","protected":false},"author":2,"featured_media":99220,"comment_status":"","ping_status":"","sticky":false,"template":"","format":"standard","meta":{"footnotes":""},"categories":[14],"tags":[23,57,292,28,29,32,33,22,8355,30,31,35,39,38,36,37,34,40,19315,20,26,27,24,25,6079,358,54,55,56,21,58],"class_list":{"0":"post-99219","1":"post","2":"type-post","3":"status-publish","4":"format-standard","5":"has-post-thumbnail","7":"category-zinas-no-arvalstim","8":"tag-aktualitates","9":"tag-arvalstim","10":"tag-asv","11":"tag-breaking-news","12":"tag-breakingnews","13":"tag-featured-news","14":"tag-featurednews","15":"tag-headlines","16":"tag-kolumbija","17":"tag-latest-news","18":"tag-latestnews","19":"tag-latvia","20":"tag-latvian","21":"tag-latviesu","22":"tag-latviesu-valoda","23":"tag-latviesuvaloda","24":"tag-latvija","25":"tag-lv","26":"tag-maduro","27":"tag-news","28":"tag-popularakas-zinas","29":"tag-popularakaszinas","30":"tag-top-stories","31":"tag-topstories","32":"tag-tramps","33":"tag-venecuela","34":"tag-world","35":"tag-world-news","36":"tag-worldnews","37":"tag-zinas","38":"tag-zinas-no-arvalstim"},"share_on_mastodon":{"url":"https:\/\/pubeurope.com\/@lv\/115864873459006169","error":""},"_links":{"self":[{"href":"https:\/\/www.europesays.com\/lv\/wp-json\/wp\/v2\/posts\/99219","targetHints":{"allow":["GET"]}}],"collection":[{"href":"https:\/\/www.europesays.com\/lv\/wp-json\/wp\/v2\/posts"}],"about":[{"href":"https:\/\/www.europesays.com\/lv\/wp-json\/wp\/v2\/types\/post"}],"author":[{"embeddable":true,"href":"https:\/\/www.europesays.com\/lv\/wp-json\/wp\/v2\/users\/2"}],"replies":[{"embeddable":true,"href":"https:\/\/www.europesays.com\/lv\/wp-json\/wp\/v2\/comments?post=99219"}],"version-history":[{"count":0,"href":"https:\/\/www.europesays.com\/lv\/wp-json\/wp\/v2\/posts\/99219\/revisions"}],"wp:featuredmedia":[{"embeddable":true,"href":"https:\/\/www.europesays.com\/lv\/wp-json\/wp\/v2\/media\/99220"}],"wp:attachment":[{"href":"https:\/\/www.europesays.com\/lv\/wp-json\/wp\/v2\/media?parent=99219"}],"wp:term":[{"taxonomy":"category","embeddable":true,"href":"https:\/\/www.europesays.com\/lv\/wp-json\/wp\/v2\/categories?post=99219"},{"taxonomy":"post_tag","embeddable":true,"href":"https:\/\/www.europesays.com\/lv\/wp-json\/wp\/v2\/tags?post=99219"}],"curies":[{"name":"wp","href":"https:\/\/api.w.org\/{rel}","templated":true}]}}