{"id":99328,"date":"2026-01-09T12:58:12","date_gmt":"2026-01-09T12:58:12","guid":{"rendered":"https:\/\/www.europesays.com\/lv\/99328\/"},"modified":"2026-01-09T12:58:12","modified_gmt":"2026-01-09T12:58:12","slug":"janis-erenstreits-sanems-kormuzikas-balvu-par-muza-ieguldijumu-lente-lv","status":"publish","type":"post","link":"https:\/\/www.europesays.com\/lv\/99328\/","title":{"rendered":"J\u0101nis Eren\u0161treits sa\u0146ems Korm\u016bzikas balvu par m\u016b\u017ea ieguld\u012bjumu\u00a0\u2014\u00a0Lente.lv"},"content":{"rendered":"<p>Par izcilu devumu korm\u016bzik\u0101 godin\u0101s J\u0101ni Eren\u0161treitu<\/p>\n<p>K\u0101 zi\u0146o av\u012bze Diena, diri\u0123ents, pedagogs un gr\u0101matu autors J\u0101nis Eren\u0161treits \u0161ogad sa\u0146ems noz\u012bm\u012bgu godalgas \u2013 Korm\u016bzikas balvu par m\u016b\u017ea ieguld\u012bjumu kora m\u0101ksl\u0101. \u0160is apbalvojums ir apliecin\u0101jums vi\u0146a ilggad\u0113jam un noz\u012bm\u012bgajam darbam, veicinot z\u0113nu koru kust\u012bbu Latvij\u0101 un saglab\u0101jot sen\u0101s kordiri\u0123\u0113\u0161anas trad\u012bcijas. Ceremonija, kur\u0101 tiks pasniegta balva, notiks 24. janv\u0101r\u012b Ventspils koncertz\u0101l\u0113 \u201cLatvija\u201d.<\/p>\n<p>Korm\u016bzikas balvas noz\u012bme un v\u0113sture<\/p>\n<p>Korm\u016bzikas balva ir vien\u012bgais specifiskais apbalvojums Latvij\u0101, kas velt\u012bts kora m\u0101kslas nozarei. T\u0101 dibin\u0101ta, lai godin\u0101tu izcil\u012bbu un atz\u012bm\u0113tu sasniegumus korm\u016bzikas nozar\u0113, jaunrad\u0113 un pedago\u0123iskaj\u0101 darb\u0101. \u0160ogad balva tiks pasniegta jau tre\u0161o reizi. T\u0101s m\u0113r\u0137is ir ne tikai atz\u012bm\u0113t spilgt\u0101kos sasniegumus, bet ar\u012b veicin\u0101t jaunu darbu ra\u0161anos un godin\u0101t tos pedagogus, kuri ikdien\u0101 iegulda milzu darbu Latvijas dzied\u0101\u0161anas trad\u012bciju uztur\u0113\u0161an\u0101. Pirmo reizi Korm\u016bzikas balvas tika pasniegtas 2024. gad\u0101, godinot izcil\u0101kos sasniegumus 2023. gad\u0101. Toreiz m\u016b\u017ea ieguld\u012bjuma balvu sa\u0146\u0113ma ilggad\u0113jais Liep\u0101jas kori vad\u012bt\u0101js, komponists J\u0113kabs Ozoli\u0146\u0161.<\/p>\n<p>J\u0101\u0146a Eren\u0161treita izcil\u0101 karjera un devums<\/p>\n<p>J\u0101nis Eren\u0161treits, kur\u0161 dzimis 1942. gad\u0101, tiek uzskat\u012bts par vienu no latvie\u0161u z\u0113nu koru kust\u012bbas pamatlic\u0113jiem. Vi\u0146a karjera aizs\u0101k\u0101s Ventspil\u012b, turpin\u0101j\u0101s Latvijas Valsts konservatorij\u0101, un profesion\u0101l\u0101s darb\u012bbas spilgt\u0101kie posmi ir saist\u012bti ar Em\u012bla D\u0101rzi\u0146a m\u016bzikas vidusskolas z\u0113nu kori, ko vi\u0146\u0161 vad\u012bja no 1969. l\u012bdz 1994. gadam, un v\u0113l\u0101k ar R\u012bgas Doma z\u0113nu kori, ko vi\u0146\u0161 vad\u012bja no 1994. gada, vienlaikus ie\u0146emot ar\u012b R\u012bgas Doma kora skolas direktora amatu l\u012bdz 2010. gadam. Vi\u0146a vad\u012btie kori ir guvu\u0161i pla\u0161u atzin\u012bbu gan Latvij\u0101, gan starptautisk\u0101 m\u0113rog\u0101. Eren\u0161treits ir bijis ar\u012b vair\u0101kk\u0101rt\u0113js Visp\u0101r\u0113jo latvie\u0161u Dziesmu un deju sv\u0113tku un Skolu jaunatnes dziesmu sv\u0113tku virsdiri\u0123ents un goda virsdiri\u0123ents, sniedzot noz\u012bm\u012bgu ieguld\u012bjumu \u0161o tautas trad\u012bciju uztur\u0113\u0161an\u0101 un att\u012bst\u012bb\u0101. Par saviem nopelniem vi\u0146\u0161 iecelts par Triju Zvaig\u017e\u0146u orde\u0146a virsnieku. Vi\u0146\u0161 ir ar\u012b vair\u0101ku gr\u0101matu autors, tostarp par latvie\u0161u koru kult\u016bras pamatlic\u0113ju J\u0101ni Cimzi.<\/p>\n<p>Korm\u016bzikas balvas pasnieg\u0161anas ceremonija un pretendenti<\/p>\n<p>\u0160ogad Korm\u016bzikas balvai pieteikts rekordliels pretendentu skaits \u2013 107 kandid\u0101ti devi\u0146\u0101s da\u017e\u0101d\u0101s nomin\u0101cij\u0101s, kas ietver gada kori, gada kora vad\u012bt\u0101ju, gada korm\u016bzikas koncertu, gada jaunradi korm\u016bzik\u0101, gada korm\u016bzikas ierakstu, p\u0101rsteigumu korm\u016bzik\u0101, k\u0101 ar\u012b gada kult\u016bras un izgl\u012bt\u012bbas iest\u0101di vai kult\u016brvietu Latvij\u0101. Pretendentus v\u0113rt\u0113 profesion\u0101\u013cu \u017e\u016brija, ko veido komponists un diri\u0123ents \u0112riks E\u0161envalds, diri\u0123enti M\u0101rti\u0146\u0161 Ozoli\u0146\u0161 un M\u0101rti\u0146\u0161 Kli\u0161\u0101ns, muzikologs Orests Silabriedis un koncertz\u0101les \u201cC\u0113sis\u201d programmu direktore Inese Zagorska. Pas\u0101kums s\u0101ksies pulksten 17:00 Ventspils koncertz\u0101l\u0113 \u201cLatvija\u201d.<\/p>\n","protected":false},"excerpt":{"rendered":"Par izcilu devumu korm\u016bzik\u0101 godin\u0101s J\u0101ni Eren\u0161treitu K\u0101 zi\u0146o av\u012bze Diena, diri\u0123ents, pedagogs un gr\u0101matu autors J\u0101nis Eren\u0161treits&hellip;\n","protected":false},"author":2,"featured_media":99329,"comment_status":"","ping_status":"","sticky":false,"template":"","format":"standard","meta":{"footnotes":""},"categories":[19],"tags":[89,90,19591,24295,24136,35,39,38,36,37,34,24161,40,14395],"class_list":{"0":"post-99328","1":"post","2":"type-post","3":"status-publish","4":"format-standard","5":"has-post-thumbnail","7":"category-izklaide","8":"tag-entertainment","9":"tag-izklaide","10":"tag-janis-erenstreits","11":"tag-kora-dirigents","12":"tag-kormuzikas-balva","13":"tag-latvia","14":"tag-latvian","15":"tag-latviesu","16":"tag-latviesu-valoda","17":"tag-latviesuvaloda","18":"tag-latvija","19":"tag-latvijas-kormuzika","20":"tag-lv","21":"tag-muza-ieguldijums"},"share_on_mastodon":{"url":"https:\/\/pubeurope.com\/@lv\/115865262660629597","error":""},"_links":{"self":[{"href":"https:\/\/www.europesays.com\/lv\/wp-json\/wp\/v2\/posts\/99328","targetHints":{"allow":["GET"]}}],"collection":[{"href":"https:\/\/www.europesays.com\/lv\/wp-json\/wp\/v2\/posts"}],"about":[{"href":"https:\/\/www.europesays.com\/lv\/wp-json\/wp\/v2\/types\/post"}],"author":[{"embeddable":true,"href":"https:\/\/www.europesays.com\/lv\/wp-json\/wp\/v2\/users\/2"}],"replies":[{"embeddable":true,"href":"https:\/\/www.europesays.com\/lv\/wp-json\/wp\/v2\/comments?post=99328"}],"version-history":[{"count":0,"href":"https:\/\/www.europesays.com\/lv\/wp-json\/wp\/v2\/posts\/99328\/revisions"}],"wp:featuredmedia":[{"embeddable":true,"href":"https:\/\/www.europesays.com\/lv\/wp-json\/wp\/v2\/media\/99329"}],"wp:attachment":[{"href":"https:\/\/www.europesays.com\/lv\/wp-json\/wp\/v2\/media?parent=99328"}],"wp:term":[{"taxonomy":"category","embeddable":true,"href":"https:\/\/www.europesays.com\/lv\/wp-json\/wp\/v2\/categories?post=99328"},{"taxonomy":"post_tag","embeddable":true,"href":"https:\/\/www.europesays.com\/lv\/wp-json\/wp\/v2\/tags?post=99328"}],"curies":[{"name":"wp","href":"https:\/\/api.w.org\/{rel}","templated":true}]}}