{"id":99330,"date":"2026-01-09T13:02:17","date_gmt":"2026-01-09T13:02:17","guid":{"rendered":"https:\/\/www.europesays.com\/lv\/99330\/"},"modified":"2026-01-09T13:02:17","modified_gmt":"2026-01-09T13:02:17","slug":"kads-laiks-gaidams-nedelas-nogale","status":"publish","type":"post","link":"https:\/\/www.europesays.com\/lv\/99330\/","title":{"rendered":"K\u0101ds laiks gaid\u0101ms ned\u0113\u013cas nogal\u0113?"},"content":{"rendered":"<p>Piektdienas vakar\u0101 un nakt\u012b uz sestdienu Latgal\u0113 un S\u0113lij\u0101 sp\u0113c\u012bgi snigs un putin\u0101s, savuk\u0101rt sestdien un sv\u0113tdien viet\u0101m valsts rietumu pus\u0113 intens\u012bvi snigs un pute\u0146os. Palaikam snigs ar\u012b p\u0101r\u0113j\u0101 Latvij\u0101.<\/p>\n<p>Nakt\u012b uz sestdienu vis\u0101 valst\u012b saglab\u0101sies br\u0101zmains v\u0113j\u0161, dien\u0101 zieme\u013cu, zieme\u013caustrumu v\u0113ja \u0101trums br\u0101zm\u0101s pierims l\u012bdz 8-13 metriem sekund\u0113, da\u013c\u0101 piekrastes saglab\u0101sies br\u0101zmas l\u012bdz 19 metriem sekund\u0113, bet sv\u0113tdien vairs tikai viet\u0101m Kurzemes piekrast\u0113 gaid\u0101mas zieme\u013cu v\u0113ja br\u0101zmas l\u012bdz 16 metriem sekund\u0113.<\/p>\n<p>Gaisa temperat\u016bra Kurzem\u0113 galvenok\u0101rt b\u016bs -3..-8 gr\u0101di, Latvijas austrumu da\u013c\u0101 t\u0101 br\u012b\u017eiem pazemin\u0101sies l\u012bdz -12..-15 gr\u0101diem.<\/p>\n<p>N\u0101kam\u0101s ned\u0113\u013cas pirmaj\u0101 pus\u0113 gaid\u0101ms l\u0113ns v\u0113j\u0161 un bezv\u0113j\u0161, t\u0101d\u0113\u013c, izkl\u012bstot m\u0101ko\u0146iem, gaisa temperat\u016bra diennakts tum\u0161aj\u0101 laik\u0101 strauj\u0101k pazemin\u0101sies, viet\u0101m t\u0101 var nosl\u012bd\u0113t zem -20 gr\u0101diem; ned\u0113\u013cas otraj\u0101 pus\u0113 l\u012bdz\u012bgs sals iesp\u0113jams Latgal\u0113 un Vidzemes austrumos. Savuk\u0101rt, ja m\u0101ko\u0146i neizkl\u012bd\u012bs, stiprs sals nav gaid\u0101ms.<\/p>\n","protected":false},"excerpt":{"rendered":"Piektdienas vakar\u0101 un nakt\u012b uz sestdienu Latgal\u0113 un S\u0113lij\u0101 sp\u0113c\u012bgi snigs un putin\u0101s, savuk\u0101rt sestdien un sv\u0113tdien viet\u0101m&hellip;\n","protected":false},"author":2,"featured_media":99331,"comment_status":"","ping_status":"","sticky":false,"template":"","format":"standard","meta":{"footnotes":""},"categories":[12],"tags":[23,28,29,32,33,22,1811,396,397,30,31,35,39,38,36,37,34,40,20,26,27,24,25,21],"class_list":{"0":"post-99330","1":"post","2":"type-post","3":"status-publish","4":"format-standard","5":"has-post-thumbnail","7":"category-latvija","8":"tag-aktualitates","9":"tag-breaking-news","10":"tag-breakingnews","11":"tag-featured-news","12":"tag-featurednews","13":"tag-headlines","14":"tag-laika-zina","15":"tag-laika-zinas","16":"tag-laikapstakli","17":"tag-latest-news","18":"tag-latestnews","19":"tag-latvia","20":"tag-latvian","21":"tag-latviesu","22":"tag-latviesu-valoda","23":"tag-latviesuvaloda","24":"tag-latvija","25":"tag-lv","26":"tag-news","27":"tag-popularakas-zinas","28":"tag-popularakaszinas","29":"tag-top-stories","30":"tag-topstories","31":"tag-zinas"},"share_on_mastodon":{"url":"https:\/\/pubeurope.com\/@lv\/115865278447645389","error":""},"_links":{"self":[{"href":"https:\/\/www.europesays.com\/lv\/wp-json\/wp\/v2\/posts\/99330","targetHints":{"allow":["GET"]}}],"collection":[{"href":"https:\/\/www.europesays.com\/lv\/wp-json\/wp\/v2\/posts"}],"about":[{"href":"https:\/\/www.europesays.com\/lv\/wp-json\/wp\/v2\/types\/post"}],"author":[{"embeddable":true,"href":"https:\/\/www.europesays.com\/lv\/wp-json\/wp\/v2\/users\/2"}],"replies":[{"embeddable":true,"href":"https:\/\/www.europesays.com\/lv\/wp-json\/wp\/v2\/comments?post=99330"}],"version-history":[{"count":0,"href":"https:\/\/www.europesays.com\/lv\/wp-json\/wp\/v2\/posts\/99330\/revisions"}],"wp:featuredmedia":[{"embeddable":true,"href":"https:\/\/www.europesays.com\/lv\/wp-json\/wp\/v2\/media\/99331"}],"wp:attachment":[{"href":"https:\/\/www.europesays.com\/lv\/wp-json\/wp\/v2\/media?parent=99330"}],"wp:term":[{"taxonomy":"category","embeddable":true,"href":"https:\/\/www.europesays.com\/lv\/wp-json\/wp\/v2\/categories?post=99330"},{"taxonomy":"post_tag","embeddable":true,"href":"https:\/\/www.europesays.com\/lv\/wp-json\/wp\/v2\/tags?post=99330"}],"curies":[{"name":"wp","href":"https:\/\/api.w.org\/{rel}","templated":true}]}}