{"id":99349,"date":"2026-01-09T13:21:16","date_gmt":"2026-01-09T13:21:16","guid":{"rendered":"https:\/\/www.europesays.com\/lv\/99349\/"},"modified":"2026-01-09T13:21:16","modified_gmt":"2026-01-09T13:21:16","slug":"izsludinata-pieteiksanas-uz-rigas-satiksmes-padomes-locekla-amatu","status":"publish","type":"post","link":"https:\/\/www.europesays.com\/lv\/99349\/","title":{"rendered":"Izsludin\u0101ta pieteik\u0161an\u0101s uz &#8220;R\u012bgas satiksmes&#8221; padomes locek\u013ca amatu"},"content":{"rendered":"<p>Padomes locek\u013ca m\u0113ne\u0161a atl\u012bdz\u012bba paredz\u0113ta no 1968 l\u012bdz 2625 eiro pirms nodok\u013cu nomaksas. Kandid\u0101tu atlasei izveidota nomin\u0101cijas komisija, kuru vada R\u012bgas pa\u0161vald\u012bbas izpilddirektors J\u0101nis Lange.<\/p>\n<p>Jauns &#8220;R\u012bgas satiksmes&#8221; padomes loceklis nepiecie\u0161ams, jo vienam no pa\u0161reiz\u0113jiem padomes locek\u013ciem &#8211; Rolandam Pa\u0146ko &#8211; ir beidzies amata pilnvaru termi\u0146\u0161. Saska\u0146\u0101 ar &#8220;Firmas.lv&#8221; datiem vi\u0146\u0161 \u0161aj\u0101 amat\u0101 bija no 2021. gada 4. janv\u0101ra l\u012bdz 2025. gada 18. decembrim.<\/p>\n<p>Pagaid\u0101m, l\u012bdz jauna padomes locek\u013ca apstiprin\u0101\u0161anai, darba pien\u0101kumus veic divi padomes locek\u013ci &#8220;R\u012bgas satiksm\u0113&#8221; &#8211; Ain\u0101rs Ozols un Normunds Narvai\u0161s.<\/p>\n<p>&#8220;R\u012bgas satiksmes&#8221; apgroz\u012bjums 2024. gad\u0101, iek\u013caujot valsts un pa\u0161vald\u012bbu bud\u017eeta dot\u0101cijas, bija 193,315 miljoni eiro, kas ir par 5% vair\u0101k nek\u0101 2023. gad\u0101, ta\u010du komp\u0101nijas pe\u013c\u0146a samazin\u0101j\u0101s vair\u0101kk\u0101rt un bija 93 608 eiro.<\/p>\n<p>&#8220;R\u012bgas satiksme&#8221; nodro\u0161ina pasa\u017eieru p\u0101rvad\u0101jumus ar autobusiem, tramvajiem un trolejbusiem R\u012bg\u0101, k\u0101 ar\u012b apsaimnieko autost\u0101vvietas pils\u0113tas ielu mal\u0101s. Uz\u0146\u0113muma vien\u012bgais \u012bpa\u0161nieks ir R\u012bgas dome.<\/p>\n<p>&#8220;R\u012bgas satiksmei&#8221; pieder kapit\u0101lda\u013cas komp\u0101nij\u0101s SIA &#8220;R\u012bgas karte&#8221; (51%) un SIA &#8220;R\u012bgas acs&#8221; (100%). R\u012bgas dome 2024. gada mart\u0101 at\u013c\u0101va &#8220;R\u012bgas satiksmei&#8221; izbeigt l\u012bdzdal\u012bbu &#8220;R\u012bgas acs&#8221; kapit\u0101l\u0101, veicot meitaskomp\u0101nijas likvid\u0101ciju, ta\u010du pagaid\u0101m &#8220;R\u012bgas acs&#8221; v\u0113l nav likvid\u0113ta.<\/p>\n","protected":false},"excerpt":{"rendered":"Padomes locek\u013ca m\u0113ne\u0161a atl\u012bdz\u012bba paredz\u0113ta no 1968 l\u012bdz 2625 eiro pirms nodok\u013cu nomaksas. Kandid\u0101tu atlasei izveidota nomin\u0101cijas komisija,&hellip;\n","protected":false},"author":2,"featured_media":99350,"comment_status":"","ping_status":"","sticky":false,"template":"","format":"standard","meta":{"footnotes":""},"categories":[5],"tags":[23,63,65,28,29,60,32,33,59,22,70,64,30,31,35,39,38,36,37,34,40,68,20,26,27,69,66,67,24,25,62,21,61],"class_list":{"0":"post-99349","1":"post","2":"type-post","3":"status-publish","4":"format-standard","5":"has-post-thumbnail","7":"category-aktualitates","8":"tag-aktualitates","9":"tag-arvalstis","10":"tag-auto","11":"tag-breaking-news","12":"tag-breakingnews","13":"tag-egoiste","14":"tag-featured-news","15":"tag-featurednews","16":"tag-financenet","17":"tag-headlines","18":"tag-klik","19":"tag-kultura","20":"tag-latest-news","21":"tag-latestnews","22":"tag-latvia","23":"tag-latvian","24":"tag-latviesu","25":"tag-latviesu-valoda","26":"tag-latviesuvaloda","27":"tag-latvija","28":"tag-lv","29":"tag-maja","30":"tag-news","31":"tag-popularakas-zinas","32":"tag-popularakaszinas","33":"tag-receptes","34":"tag-sejas","35":"tag-sports","36":"tag-top-stories","37":"tag-topstories","38":"tag-viedokli","39":"tag-zinas","40":"tag-zinatne"},"share_on_mastodon":{"url":"https:\/\/pubeurope.com\/@lv\/115865353162417517","error":""},"_links":{"self":[{"href":"https:\/\/www.europesays.com\/lv\/wp-json\/wp\/v2\/posts\/99349","targetHints":{"allow":["GET"]}}],"collection":[{"href":"https:\/\/www.europesays.com\/lv\/wp-json\/wp\/v2\/posts"}],"about":[{"href":"https:\/\/www.europesays.com\/lv\/wp-json\/wp\/v2\/types\/post"}],"author":[{"embeddable":true,"href":"https:\/\/www.europesays.com\/lv\/wp-json\/wp\/v2\/users\/2"}],"replies":[{"embeddable":true,"href":"https:\/\/www.europesays.com\/lv\/wp-json\/wp\/v2\/comments?post=99349"}],"version-history":[{"count":0,"href":"https:\/\/www.europesays.com\/lv\/wp-json\/wp\/v2\/posts\/99349\/revisions"}],"wp:featuredmedia":[{"embeddable":true,"href":"https:\/\/www.europesays.com\/lv\/wp-json\/wp\/v2\/media\/99350"}],"wp:attachment":[{"href":"https:\/\/www.europesays.com\/lv\/wp-json\/wp\/v2\/media?parent=99349"}],"wp:term":[{"taxonomy":"category","embeddable":true,"href":"https:\/\/www.europesays.com\/lv\/wp-json\/wp\/v2\/categories?post=99349"},{"taxonomy":"post_tag","embeddable":true,"href":"https:\/\/www.europesays.com\/lv\/wp-json\/wp\/v2\/tags?post=99349"}],"curies":[{"name":"wp","href":"https:\/\/api.w.org\/{rel}","templated":true}]}}