{"id":99357,"date":"2026-01-09T13:27:15","date_gmt":"2026-01-09T13:27:15","guid":{"rendered":"https:\/\/www.europesays.com\/lv\/99357\/"},"modified":"2026-01-09T13:27:15","modified_gmt":"2026-01-09T13:27:15","slug":"foto-pasakaini-skaisti-skati-no-saulkrastiem-sodien-latvija-plosas-sniegavilksnis-la-lv","status":"publish","type":"post","link":"https:\/\/www.europesays.com\/lv\/99357\/","title":{"rendered":"FOTO. Pasakaini skaisti skati no Saulkrastiem! \u0160odien Latvij\u0101 plos\u0101s sniegavilksnis &#8211; LA.LV"},"content":{"rendered":"<ol>\n<li><a href=\"https:\/\/news.google.com\/rss\/articles\/CBMioAFBVV95cUxNY1ZNLTJSaG4tdXRmeWtidzFEU004U2hQcHVKdzZPbWJPV1FsZDFqd1JHU2V0VnZuTDdhb0RhRFpoMmFvTGsySkRsWXZoQVRpUU5VVDYwT05XYjNreFMxUUthNElqeGpFeGNlWkt4MjRYVUxUSVFod1hJbU9FbkNzUkRGVDRDU281c0hzZWVjQk92VkN6N0J4UU9rSC1TdUlG?oc=5\" target=\"_blank\" rel=\"nofollow noopener\">FOTO. Pasakaini skaisti skati no Saulkrastiem! \u0160odien Latvij\u0101 plos\u0101s sniegavilksnis<\/a>&nbsp;&nbsp;LA.LV<\/li>\n<li><a href=\"https:\/\/news.google.com\/rss\/articles\/CBMiugFBVV95cUxPZWdSSFI5Mmtyajl0Wk9oZVNRQ19vbWplakdiVkhOOXlSVUoxV29mTTB6TzU0RmNScU9TWHhfN2gtS2xVSS15Tl8xdGJyZ09MVE1YMmxXd3c4S1dhNUpFQnk3ZWNrall6SUxYY3lBLUFzZGl6N1ZaVU5pN1oteUx0UE9YSjUzTV85d01NMDBwS0R1cWZkRFhwOGo2ZWYyd193Q1hCaDhjSVpERFVXUHhMS1hSMFZ4YWw3Q1E?oc=5\" target=\"_blank\" rel=\"nofollow noopener\">Piektdien gaid\u0101ms sp\u0113c\u012bgs v\u0113j\u0161 un zemais putenis \/ Raksts<\/a>&nbsp;&nbsp;LSM<\/li>\n<li><a href=\"https:\/\/news.google.com\/rss\/articles\/CBMi3AFBVV95cUxObW5rLWhyMXZzcnJtZFJvY3hVQ0NnMkdnQUp6dmU2Z280MFA5UTkyWWR1aENIOEJSR1NTMDAwZVMyd0hWeTgxQkQzRmtSNDlTaWdJaE5WekNYZmtEUmFUU0Fhc0kxWEFzWjJoS3NIZjJzZEJOQjNXTkUtT2JISHpmdGdvRGkydVp2Q19WcVd4M2JDMGZwOWZ0TlAxWDRkN2daMy01ZFRxTTFHWWJ1YTN4eUpidHBrODYzcEtGX3NqaXpUbkhvSmFrME9OUWRyN2ZXcnZ3Q05yQk5WRjRL?oc=5\" target=\"_blank\" rel=\"nofollow noopener\">Gaid\u0101ma aukst\u0101k\u0101 diena \u0161oziem: Latviju plos\u012bs sald\u0113jo\u0161s v\u0113j\u0161 un putenis; uz ce\u013ciem veidosies b\u012bstamas kupenas<\/a>&nbsp;&nbsp;Jauns.lv<\/li>\n<li><a href=\"https:\/\/news.google.com\/rss\/articles\/CBMidkFVX3lxTE96OU5NVDlEb2toLXFVdmxaUFNKVDZvV1VHQ2Z2QnU2MXp6MjFncXhicnB2QUhZMm5NVk5nWFBKMVBIZ1I0b3BRTlBCYzBoZ1FTTk5TWXdRYUlFY3NCNlBKTzN6V2kzR3lGeG1XeVJCTjg0TlQ4SkE?oc=5\" target=\"_blank\" rel=\"nofollow noopener\">Piektdien Latvij\u0101 pastiprin\u0101sies v\u0113j\u0161<\/a>&nbsp;&nbsp;Apollo.lv<\/li>\n<li><a href=\"https:\/\/news.google.com\/rss\/articles\/CBMiggFBVV95cUxPTGxfZER4MmNtQTBHODhhWUgwdWZYTnJvUWs1Q09PZWJscEJxanZuUXJ4YlJoYThRSFU5TFJOcG8tU0oxeW5lRm4ySWNVbU0zR2NjdGpHMGtDQXk5YkpGMU9OTGJxdHJ4djdWdWpBM0xyVklwbVpkSmxjZ2Q4a0VMcDNR?oc=5\" target=\"_blank\" rel=\"nofollow noopener\">Tuv\u0101kaj\u0101 diennakt\u012b Latvij\u0101 snigs un pute\u0146os<\/a>&nbsp;&nbsp;TVNET &#8211; Laika zi\u0146as<\/li>\n<\/ol>\n","protected":false},"excerpt":{"rendered":"FOTO. Pasakaini skaisti skati no Saulkrastiem! \u0160odien Latvij\u0101 plos\u0101s sniegavilksnis&nbsp;&nbsp;LA.LV Piektdien gaid\u0101ms sp\u0113c\u012bgs v\u0113j\u0161 un zemais putenis \/&hellip;\n","protected":false},"author":2,"featured_media":99358,"comment_status":"","ping_status":"","sticky":false,"template":"","format":"standard","meta":{"footnotes":""},"categories":[5],"tags":[23,28,29,32,33,22,30,31,35,39,38,36,37,34,40,20,26,27,24,25,21],"class_list":{"0":"post-99357","1":"post","2":"type-post","3":"status-publish","4":"format-standard","5":"has-post-thumbnail","7":"category-aktualitates","8":"tag-aktualitates","9":"tag-breaking-news","10":"tag-breakingnews","11":"tag-featured-news","12":"tag-featurednews","13":"tag-headlines","14":"tag-latest-news","15":"tag-latestnews","16":"tag-latvia","17":"tag-latvian","18":"tag-latviesu","19":"tag-latviesu-valoda","20":"tag-latviesuvaloda","21":"tag-latvija","22":"tag-lv","23":"tag-news","24":"tag-popularakas-zinas","25":"tag-popularakaszinas","26":"tag-top-stories","27":"tag-topstories","28":"tag-zinas"},"share_on_mastodon":{"url":"https:\/\/pubeurope.com\/@lv\/115865376986039791","error":""},"_links":{"self":[{"href":"https:\/\/www.europesays.com\/lv\/wp-json\/wp\/v2\/posts\/99357","targetHints":{"allow":["GET"]}}],"collection":[{"href":"https:\/\/www.europesays.com\/lv\/wp-json\/wp\/v2\/posts"}],"about":[{"href":"https:\/\/www.europesays.com\/lv\/wp-json\/wp\/v2\/types\/post"}],"author":[{"embeddable":true,"href":"https:\/\/www.europesays.com\/lv\/wp-json\/wp\/v2\/users\/2"}],"replies":[{"embeddable":true,"href":"https:\/\/www.europesays.com\/lv\/wp-json\/wp\/v2\/comments?post=99357"}],"version-history":[{"count":0,"href":"https:\/\/www.europesays.com\/lv\/wp-json\/wp\/v2\/posts\/99357\/revisions"}],"wp:featuredmedia":[{"embeddable":true,"href":"https:\/\/www.europesays.com\/lv\/wp-json\/wp\/v2\/media\/99358"}],"wp:attachment":[{"href":"https:\/\/www.europesays.com\/lv\/wp-json\/wp\/v2\/media?parent=99357"}],"wp:term":[{"taxonomy":"category","embeddable":true,"href":"https:\/\/www.europesays.com\/lv\/wp-json\/wp\/v2\/categories?post=99357"},{"taxonomy":"post_tag","embeddable":true,"href":"https:\/\/www.europesays.com\/lv\/wp-json\/wp\/v2\/tags?post=99357"}],"curies":[{"name":"wp","href":"https:\/\/api.w.org\/{rel}","templated":true}]}}