{"id":99363,"date":"2026-01-09T13:31:08","date_gmt":"2026-01-09T13:31:08","guid":{"rendered":"https:\/\/www.europesays.com\/lv\/99363\/"},"modified":"2026-01-09T13:31:08","modified_gmt":"2026-01-09T13:31:08","slug":"tramps-izteicies-ka-vina-morale-ir-vienigais-ierobezojums-militara-speka-izmantosanai","status":"publish","type":"post","link":"https:\/\/www.europesays.com\/lv\/99363\/","title":{"rendered":"Tramps izteicies, ka vi\u0146a mor\u0101le ir vien\u012bgais ierobe\u017eojums milit\u0101r\u0101 sp\u0113ka izmanto\u0161anai"},"content":{"rendered":"<p>&#8220;J\u0101, ir viena lieta. Mana mor\u0101le. Mans pr\u0101ts. Tas ir vien\u012bgais, kas mani var aptur\u0113t,&#8221; intervij\u0101 sac\u012bja ASV prezidents, atbildot uz jaut\u0101jumu, vai vi\u0146a glob\u0101lajai ietekmei ir k\u0101di ierobe\u017eojumi.<\/p>\n<p>P\u0113c Trampa r\u012bkojuma 3. janv\u0101r\u012b ASV milit\u0101r\u0101 oper\u0101cij\u0101 Venecu\u0113l\u0101 tika sag\u016bst\u012bts un no valsts izvests t\u0101s re\u017e\u012bma l\u012bderis <a href=\"https:\/\/www.apollo.lv\/term\/579446\/nikolass-maduro\" class=\"topicLink\" target=\"_blank\" rel=\"nofollow noopener\">Nikolass Maduro<\/a>, kur\u0161 patlaban atrodas aiztur\u0113\u0161anas centr\u0101 \u0145ujork\u0101.<\/p>\n<p>Tramps \u0161om\u0113nes ar\u012b atk\u0101rtoti izteicies, ka v\u0113las ieg\u016bt Grenlandi ASV \u012bpa\u0161um\u0101.<\/p>\n<p>&#8220;Man nav vajadz\u012bgas starptautisk\u0101s ties\u012bbas,&#8221; intervij\u0101 sac\u012bja Tramps, piebilstot, ka vi\u0146\u0161 negrasoties nodar\u012bt p\u0101ri cilv\u0113kiem. P\u0113c tam Tramps gan nor\u0101d\u012bja, ka vi\u0146am ir j\u0101iev\u0113ro starptautisk\u0101s ties\u012bbas, bet teica, ka viss atkar\u012bgs, k\u0101 defin\u0113 starptautisk\u0101s ties\u012bbas.<\/p>\n<p>Pasludinot sevi par &#8220;miera prezidentu&#8221; un pretend\u0113jot uz Nobela Miera pr\u0113miju, Tramps sav\u0101 otraj\u0101 prezident\u016bras termi\u0146\u0101 \u012bstenojis virkni milit\u0101ru oper\u0101ciju. J\u016bnij\u0101 Tramps deva r\u012bkojumu uzbrukt Ir\u0101nas kodolprogrammai, un pag\u0101ju\u0161aj\u0101 gad\u0101 vi\u0146\u0161 \u012bstenoja uzbrukumus ar\u012b Ir\u0101kai, Nig\u0113rijai, Som\u0101lijai, S\u012brijai, Jemenai un pavisam nesen ar\u012b Venecu\u0113lai.<\/p>\n<p>Kop\u0161 Maduro sag\u016bst\u012b\u0161anas Tramps draud\u0113jis ar\u012b virknei citu valstu, tostarp Kolumbijai, k\u0101 ar\u012b Grenlandei, kas pieder <a href=\"https:\/\/www.apollo.lv\/term\/9898\/nato\" class=\"topicLink\" target=\"_blank\" rel=\"nofollow noopener\">NATO<\/a> dal\u012bbvalstij D\u0101nijai.<\/p>\n<p>Jaut\u0101ts, vai vi\u0146a priorit\u0101te ir NATO saglab\u0101\u0161ana vai kontroles ieg\u016b\u0161ana p\u0101r Grenlandi, Tramps laikrakstam &#8220;The New York Times&#8221; atbild\u0113ja, ka &#8220;t\u0101da var\u0113tu b\u016bt izv\u0113le&#8221;.<\/p>\n","protected":false},"excerpt":{"rendered":"&#8220;J\u0101, ir viena lieta. Mana mor\u0101le. Mans pr\u0101ts. Tas ir vien\u012bgais, kas mani var aptur\u0113t,&#8221; intervij\u0101 sac\u012bja ASV&hellip;\n","protected":false},"author":2,"featured_media":98049,"comment_status":"","ping_status":"","sticky":false,"template":"","format":"standard","meta":{"footnotes":""},"categories":[14],"tags":[23,57,28,29,542,32,33,22,30,31,35,39,38,36,37,34,40,71,20,5168,26,27,24,25,54,55,56,21,58],"class_list":{"0":"post-99363","1":"post","2":"type-post","3":"status-publish","4":"format-standard","5":"has-post-thumbnail","7":"category-zinas-no-arvalstim","8":"tag-aktualitates","9":"tag-arvalstim","10":"tag-breaking-news","11":"tag-breakingnews","12":"tag-donalds-tramps","13":"tag-featured-news","14":"tag-featurednews","15":"tag-headlines","16":"tag-latest-news","17":"tag-latestnews","18":"tag-latvia","19":"tag-latvian","20":"tag-latviesu","21":"tag-latviesu-valoda","22":"tag-latviesuvaloda","23":"tag-latvija","24":"tag-lv","25":"tag-nato","26":"tag-news","27":"tag-nikolass-maduro","28":"tag-popularakas-zinas","29":"tag-popularakaszinas","30":"tag-top-stories","31":"tag-topstories","32":"tag-world","33":"tag-world-news","34":"tag-worldnews","35":"tag-zinas","36":"tag-zinas-no-arvalstim"},"share_on_mastodon":{"url":"https:\/\/pubeurope.com\/@lv\/115865392487766387","error":""},"_links":{"self":[{"href":"https:\/\/www.europesays.com\/lv\/wp-json\/wp\/v2\/posts\/99363","targetHints":{"allow":["GET"]}}],"collection":[{"href":"https:\/\/www.europesays.com\/lv\/wp-json\/wp\/v2\/posts"}],"about":[{"href":"https:\/\/www.europesays.com\/lv\/wp-json\/wp\/v2\/types\/post"}],"author":[{"embeddable":true,"href":"https:\/\/www.europesays.com\/lv\/wp-json\/wp\/v2\/users\/2"}],"replies":[{"embeddable":true,"href":"https:\/\/www.europesays.com\/lv\/wp-json\/wp\/v2\/comments?post=99363"}],"version-history":[{"count":0,"href":"https:\/\/www.europesays.com\/lv\/wp-json\/wp\/v2\/posts\/99363\/revisions"}],"wp:featuredmedia":[{"embeddable":true,"href":"https:\/\/www.europesays.com\/lv\/wp-json\/wp\/v2\/media\/98049"}],"wp:attachment":[{"href":"https:\/\/www.europesays.com\/lv\/wp-json\/wp\/v2\/media?parent=99363"}],"wp:term":[{"taxonomy":"category","embeddable":true,"href":"https:\/\/www.europesays.com\/lv\/wp-json\/wp\/v2\/categories?post=99363"},{"taxonomy":"post_tag","embeddable":true,"href":"https:\/\/www.europesays.com\/lv\/wp-json\/wp\/v2\/tags?post=99363"}],"curies":[{"name":"wp","href":"https:\/\/api.w.org\/{rel}","templated":true}]}}