{"id":99364,"date":"2026-01-09T13:32:19","date_gmt":"2026-01-09T13:32:19","guid":{"rendered":"https:\/\/www.europesays.com\/lv\/99364\/"},"modified":"2026-01-09T13:32:19","modified_gmt":"2026-01-09T13:32:19","slug":"viens-no-biedribas-bez-partijam-dibinatajiem-broks-pazino-ka-iepauzes-savu-politisko-darbibu","status":"publish","type":"post","link":"https:\/\/www.europesays.com\/lv\/99364\/","title":{"rendered":"Viens no biedr\u012bbas \u201cBez partij\u0101m\u201d dibin\u0101t\u0101jiem Broks pazi\u0146o, ka \u201ciepauz\u0113s\u201d savu politisko darb\u012bbu"},"content":{"rendered":"<p>Tom\u0113r, vi\u0146apr\u0101t, \u201cmilz\u012bg\u0101 kritika un negat\u012bvais fons, kas tiek v\u0113rsts pret ikvienu, kur\u0161 uzdro\u0161in\u0101s ien\u0101kt politik\u0101 v\u0113l pirms jebk\u0101du re\u0101lu darbu paveik\u0161anas\u201d, ir viens no galvenajiem iemesliem, k\u0101p\u0113c \u201cjaud\u012bgas, profesion\u0101las un daudzsolo\u0161as person\u012bbas no politikas ir tur\u0113ju\u0161\u0101s pa gabalu\u201d.<\/p>\n<p>Broks st\u0101sta, ka vi\u0146am nav izdevies p\u0101rliecin\u0101t daudzus b\u016bt drosm\u012bg\u0101kiem, un t\u0101p\u0113c vi\u0146\u0161 ir pie\u0146\u0113mis l\u0113mumu uz laiku savu akt\u012bvo iesaisti politik\u0101 iepauz\u0113t.<\/p>\n<p>Vi\u0146\u0161 joproj\u0101m uzskata, ka v\u0113l\u0113\u0161anu sist\u0113mas mai\u0146a ir nepiecie\u0161ama, lai politik\u0101 ien\u0101ktu patst\u0101v\u012bg\u0101ki, neatkar\u012bg\u0101ki cilv\u0113ki.<\/p>\n<p>\u201cUn es neesmu padevies. Ja b\u016bs komanda ar re\u0101lu v\u0113lmi un pied\u0101v\u0101jumu str\u0101d\u0101t valsts lab\u0101, es b\u016b\u0161u gatavs atsaukties un atbalst\u012bt,\u201d vi\u0146\u0161 nor\u0101da.<\/p>\n<p>Jau zi\u0146ots, ka \u012bsi p\u0113c dibin\u0101\u0161anas biedr\u012bbu \u201cBez partij\u0101m\u201d pameta viens no t\u0101s dibin\u0101t\u0101jiem J\u0101zeps Ba\u0161ko, bet v\u0113l\u0101k ar\u012b viens no t\u0101s veidot\u0101jiem \u2013 re\u017eisors Alvis Hermanis.<\/p>\n<p class=\"ad-desc ad-desc-main\">Saturs turpin\u0101s p\u0113c rekl\u0101mas<\/p>\n<p class=\"ad-desc ad-desc-sec\">Rekl\u0101ma<\/p>\n<p>Hermanis soci\u0101lajos medijos nor\u0101d\u012bja, ka, lai realiz\u0113tu biedr\u012bbas ideju par v\u0113l\u0113\u0161anu k\u0101rt\u012bbas mai\u0146u, bija nepiecie\u0161ams sabiedr\u012bbas atbalsts, ko vi\u0146\u0161 neesot sagaid\u012bjis. Daudzi atbalstu esot izteiku\u0161i priv\u0101ti, bet, k\u0101 nor\u0101da Hermanis, praktiski gandr\u012bz neviens neesot bijis gatavs to dar\u012bt publiski. Tas, p\u0113c vi\u0146a v\u0101rdiem, visu iz\u0161\u0137\u012bris.<\/p>\n<p>Savuk\u0101rt Ba\u0161ko inform\u0113ja, ka vairs nepiedal\u0101s kust\u012bb\u0101 \u201cBez partij\u0101m\u201d un atsauc savus iepriek\u0161\u0113jos aicin\u0101jumus tur l\u012bdzdarboties ar\u012b citus. \u201cM\u016bsu ce\u013ci \u0161\u0137iras tie\u0161i manu uzskatu un manas ide\u0101listisk\u0101s pieejas d\u0113\u013c,\u201d apgalvo Ba\u0161ko.<\/p>\n<p>Vi\u0146\u0161 gan nor\u0101d\u012bja, ka turpina atbalst\u012bt un iest\u0101ties par p\u0101reju uz p\u0101rnesam\u0101s balss v\u0113l\u0113\u0161anu sist\u0113mu. Tom\u0113r vi\u0146\u0161 nekoment\u0113ja, k\u0101p\u0113c ar domubiedriem ce\u013ci \u0161\u0137\u012bru\u0161ies.<\/p>\n<p>Biedr\u012bba \u201cBez partij\u0101m\u201d tika ofici\u0101li dibin\u0101ta 11. novembr\u012b. Tika nor\u0101d\u012bts, ka t\u0101s m\u0113r\u0137is ir apvienot domubiedrus, lai izstr\u0101d\u0101tu praktisku un \u012bstenojamu valsts att\u012bst\u012bbas pl\u0101nu.<\/p>\n<p>Saska\u0146\u0101 ar stat\u016btiem biedr\u012bbas prim\u0101rais m\u0113r\u0137is ir pan\u0101kt izmai\u0146as v\u0113l\u0113\u0161anu k\u0101rt\u012bb\u0101, radot taisn\u012bg\u0101ku, caursp\u012bd\u012bg\u0101ku un cilv\u0113kam atbild\u012bg\u0101ku politisko sist\u0113mu.<\/p>\n","protected":false},"excerpt":{"rendered":"Tom\u0113r, vi\u0146apr\u0101t, \u201cmilz\u012bg\u0101 kritika un negat\u012bvais fons, kas tiek v\u0113rsts pret ikvienu, kur\u0161 uzdro\u0161in\u0101s ien\u0101kt politik\u0101 v\u0113l pirms&hellip;\n","protected":false},"author":2,"featured_media":99365,"comment_status":"","ping_status":"","sticky":false,"template":"","format":"standard","meta":{"footnotes":""},"categories":[12],"tags":[23,24301,28,29,32,33,22,30,31,35,39,38,36,37,34,40,20,26,27,24,25,21],"class_list":{"0":"post-99364","1":"post","2":"type-post","3":"status-publish","4":"format-standard","5":"has-post-thumbnail","7":"category-latvija","8":"tag-aktualitates","9":"tag-alvis-hermanisarmands-broks","10":"tag-breaking-news","11":"tag-breakingnews","12":"tag-featured-news","13":"tag-featurednews","14":"tag-headlines","15":"tag-latest-news","16":"tag-latestnews","17":"tag-latvia","18":"tag-latvian","19":"tag-latviesu","20":"tag-latviesu-valoda","21":"tag-latviesuvaloda","22":"tag-latvija","23":"tag-lv","24":"tag-news","25":"tag-popularakas-zinas","26":"tag-popularakaszinas","27":"tag-top-stories","28":"tag-topstories","29":"tag-zinas"},"share_on_mastodon":{"url":"https:\/\/pubeurope.com\/@lv\/115865396312952893","error":""},"_links":{"self":[{"href":"https:\/\/www.europesays.com\/lv\/wp-json\/wp\/v2\/posts\/99364","targetHints":{"allow":["GET"]}}],"collection":[{"href":"https:\/\/www.europesays.com\/lv\/wp-json\/wp\/v2\/posts"}],"about":[{"href":"https:\/\/www.europesays.com\/lv\/wp-json\/wp\/v2\/types\/post"}],"author":[{"embeddable":true,"href":"https:\/\/www.europesays.com\/lv\/wp-json\/wp\/v2\/users\/2"}],"replies":[{"embeddable":true,"href":"https:\/\/www.europesays.com\/lv\/wp-json\/wp\/v2\/comments?post=99364"}],"version-history":[{"count":0,"href":"https:\/\/www.europesays.com\/lv\/wp-json\/wp\/v2\/posts\/99364\/revisions"}],"wp:featuredmedia":[{"embeddable":true,"href":"https:\/\/www.europesays.com\/lv\/wp-json\/wp\/v2\/media\/99365"}],"wp:attachment":[{"href":"https:\/\/www.europesays.com\/lv\/wp-json\/wp\/v2\/media?parent=99364"}],"wp:term":[{"taxonomy":"category","embeddable":true,"href":"https:\/\/www.europesays.com\/lv\/wp-json\/wp\/v2\/categories?post=99364"},{"taxonomy":"post_tag","embeddable":true,"href":"https:\/\/www.europesays.com\/lv\/wp-json\/wp\/v2\/tags?post=99364"}],"curies":[{"name":"wp","href":"https:\/\/api.w.org\/{rel}","templated":true}]}}