{"id":99370,"date":"2026-01-09T13:38:19","date_gmt":"2026-01-09T13:38:19","guid":{"rendered":"https:\/\/www.europesays.com\/lv\/99370\/"},"modified":"2026-01-09T13:38:19","modified_gmt":"2026-01-09T13:38:19","slug":"granita-iela-negadijumos-mirusi-un-cietusi-vairaki-cilveki-tacu-rigas-domes-atbildigajiem-skiet-ir-citas-prioritates","status":"publish","type":"post","link":"https:\/\/www.europesays.com\/lv\/99370\/","title":{"rendered":"Gran\u012bta iel\u0101 negad\u012bjumos miru\u0161i un cietu\u0161i vair\u0101ki cilv\u0113ki, ta\u010du R\u012bgas domes atbild\u012bgajiem, \u0161\u0137iet, ir citas priorit\u0101tes"},"content":{"rendered":"<p>    <img decoding=\"async\" src=\"https:\/\/www.europesays.com\/lv\/wp-content\/uploads\/2026\/01\/Untitled-design-1024x640.jpg\" alt=\"&#10;\"\/><\/p>\n<p>R\u012bg\u0101 ir k\u0101da iela, kur\u0101 akt\u012bvi rit uz\u0146\u0113m\u0113jdarb\u012bba, l\u012bdz ar to ir ar\u012b intens\u012bva satiksme un g\u0101j\u0113ju pl\u016bsma, ta\u010du pa\u0161vald\u012bba jau ilgsto\u0161i nevar un nevar sak\u0101rtot \u0161o posmu, par\u016bp\u0113joties par g\u0101j\u0113ju, velosip\u0113distu un ar\u012b \u0161oferu dro\u0161\u012bbu. St\u0101sts ir par Gran\u012bta ielu.<\/p>\n<p>        Las\u012bt\u0101kie<br \/>\n        <a data-imagesrc=\"{&quot;300&quot;:&quot;https:\\\/\\\/lastatic.ams3.cdn.digitaloceanspaces.com\\\/2025\\\/12\\\/pexels-valeriya-1833336-300x200.jpg&quot;,&quot;1024&quot;:&quot;https:\\\/\\\/lastatic.ams3.cdn.digitaloceanspaces.com\\\/2025\\\/12\\\/pexels-valeriya-1833336-1024x683.jpg&quot;,&quot;1536&quot;:&quot;https:\\\/\\\/lastatic.ams3.cdn.digitaloceanspaces.com\\\/2025\\\/12\\\/pexels-valeriya-1833336-1536x1024.jpg&quot;,&quot;500&quot;:&quot;https:\\\/\\\/lastatic.ams3.cdn.digitaloceanspaces.com\\\/2025\\\/12\\\/pexels-valeriya-1833336-500x333.jpg&quot;,&quot;800&quot;:&quot;https:\\\/\\\/lastatic.ams3.cdn.digitaloceanspaces.com\\\/2025\\\/12\\\/pexels-valeriya-1833336-800x533.jpg&quot;,&quot;2560&quot;:&quot;https:\\\/\\\/lastatic.ams3.cdn.digitaloceanspaces.com\\\/2025\\\/12\\\/pexels-valeriya-1833336-scaled.jpg&quot;}\" data-focuspoint=\"&quot;&quot;\" data-p=\"2481138\" href=\"https:\/\/www.la.lv\/ko-nekada-gadijuma-nevajag-est-un-dzert-tuksa-dusa-8-partikas-produkti-kas-kaites-kungim\" class=\"content-item lazy-load\" wp_automatic_readability=\"27\" rel=\"nofollow noopener\" target=\"_blank\"><\/p>\n<p>                                <img decoding=\"async\" src=\"\" alt=\"\" style=\"\" data-imageid=\"\"\/><\/p>\n<p>                                Veselam<\/p>\n<p>\n                                                Ko nek\u0101d\u0101 gad\u012bjum\u0101 nevajag \u0113st un dzert tuk\u0161\u0101 d\u016b\u0161\u0101: 8 p\u0101rtikas produkti, kas kait\u0113s ku\u0146\u0123im\n                            <\/p>\n<p><\/a><a data-imagesrc=\"{&quot;300&quot;:&quot;https:\\\/\\\/lastatic.ams3.cdn.digitaloceanspaces.com\\\/2025\\\/08\\\/trump_putin_22681-300x200.jpg&quot;,&quot;1024&quot;:&quot;https:\\\/\\\/lastatic.ams3.cdn.digitaloceanspaces.com\\\/2025\\\/08\\\/trump_putin_22681-1024x683.jpg&quot;,&quot;768&quot;:&quot;https:\\\/\\\/lastatic.ams3.cdn.digitaloceanspaces.com\\\/2025\\\/08\\\/trump_putin_22681-768x512.jpg&quot;,&quot;1536&quot;:&quot;https:\\\/\\\/lastatic.ams3.cdn.digitaloceanspaces.com\\\/2025\\\/08\\\/trump_putin_22681-1536x1024.jpg&quot;,&quot;2048&quot;:&quot;https:\\\/\\\/lastatic.ams3.cdn.digitaloceanspaces.com\\\/2025\\\/08\\\/trump_putin_22681-2048x1366.jpg&quot;,&quot;200&quot;:&quot;https:\\\/\\\/lastatic.ams3.cdn.digitaloceanspaces.com\\\/2025\\\/08\\\/trump_putin_22681-200x133.jpg&quot;,&quot;400&quot;:&quot;https:\\\/\\\/lastatic.ams3.cdn.digitaloceanspaces.com\\\/2025\\\/08\\\/trump_putin_22681-400x267.jpg&quot;,&quot;500&quot;:&quot;https:\\\/\\\/lastatic.ams3.cdn.digitaloceanspaces.com\\\/2025\\\/08\\\/trump_putin_22681-500x333.jpg&quot;,&quot;800&quot;:&quot;https:\\\/\\\/lastatic.ams3.cdn.digitaloceanspaces.com\\\/2025\\\/08\\\/trump_putin_22681-800x533.jpg&quot;,&quot;1000&quot;:&quot;https:\\\/\\\/lastatic.ams3.cdn.digitaloceanspaces.com\\\/2025\\\/08\\\/trump_putin_22681-1000x667.jpg&quot;,&quot;2275&quot;:&quot;https:\\\/\\\/lastatic.ams3.cdn.digitaloceanspaces.com\\\/2025\\\/08\\\/trump_putin_22681.jpg&quot;}\" data-focuspoint=\"&quot;&quot;\" data-p=\"2489548\" href=\"https:\/\/www.la.lv\/tramps-tikko-aicinaja-savus-cilvekus-pamest-krieviju-tas-norada-ka-iespejams-vins-gatavojas-realam-darbibam-atklaj-slaidins\" class=\"content-item lazy-load\" wp_automatic_readability=\"29\" rel=\"nofollow noopener\" target=\"_blank\"><\/p>\n<p>                                <img decoding=\"async\" src=\"\" alt=\"\" style=\"\" data-imageid=\"\"\/><\/p>\n<p>                                TV24<\/p>\n<p>                                            \u201cTramps tikko aicin\u0101ja savus cilv\u0113kus pamest Krieviju, tas nor\u0101da, ka, iesp\u0113jams, vi\u0146\u0161 gatavojas re\u0101l\u0101m darb\u012bb\u0101m,\u201d atkl\u0101j Slaidi\u0146\u0161<\/p>\n<p><\/a><a data-imagesrc=\"{&quot;300&quot;:&quot;https:\\\/\\\/lastatic.ams3.cdn.digitaloceanspaces.com\\\/2024\\\/12\\\/2019-07-03t114445z_119102332_rc1f5665e100_rtrmadp_3_russia-putin-ambassadors-1-300x213.jpg&quot;,&quot;768&quot;:&quot;https:\\\/\\\/lastatic.ams3.cdn.digitaloceanspaces.com\\\/2024\\\/12\\\/2019-07-03t114445z_119102332_rc1f5665e100_rtrmadp_3_russia-putin-ambassadors-1-768x545.jpg&quot;,&quot;200&quot;:&quot;https:\\\/\\\/lastatic.ams3.cdn.digitaloceanspaces.com\\\/2024\\\/12\\\/2019-07-03t114445z_119102332_rc1f5665e100_rtrmadp_3_russia-putin-ambassadors-1-200x142.jpg&quot;,&quot;400&quot;:&quot;https:\\\/\\\/lastatic.ams3.cdn.digitaloceanspaces.com\\\/2024\\\/12\\\/2019-07-03t114445z_119102332_rc1f5665e100_rtrmadp_3_russia-putin-ambassadors-1-400x284.jpg&quot;,&quot;500&quot;:&quot;https:\\\/\\\/lastatic.ams3.cdn.digitaloceanspaces.com\\\/2024\\\/12\\\/2019-07-03t114445z_119102332_rc1f5665e100_rtrmadp_3_russia-putin-ambassadors-1-500x355.jpg&quot;,&quot;800&quot;:&quot;https:\\\/\\\/lastatic.ams3.cdn.digitaloceanspaces.com\\\/2024\\\/12\\\/2019-07-03t114445z_119102332_rc1f5665e100_rtrmadp_3_russia-putin-ambassadors-1-800x567.jpg&quot;,&quot;1000&quot;:&quot;https:\\\/\\\/lastatic.ams3.cdn.digitaloceanspaces.com\\\/2024\\\/12\\\/2019-07-03t114445z_119102332_rc1f5665e100_rtrmadp_3_russia-putin-ambassadors-1.jpg&quot;}\" data-focuspoint=\"{&quot;x&quot;:&quot;51.04873974407661&quot;,&quot;y&quot;:&quot;36.35388078360722&quot;}\" data-p=\"2491172\" href=\"https:\/\/www.la.lv\/tramps-ir-pamodinajis-putina-launako-murgu-vai-kremli-sobrid-valda-bailes\" class=\"content-item lazy-load\" wp_automatic_readability=\"26\" rel=\"nofollow noopener\" target=\"_blank\"><\/p>\n<p>                                <img decoding=\"async\" src=\"\" alt=\"\" style=\"object-position: 51.04873974407661% 36.35388078360722%\" data-imageid=\"\"\/><\/p>\n<p>\n                                                \u201cTramps ir pamodin\u0101jis Putina \u013caun\u0101ko murgu.\u201d Vai Kreml\u012b \u0161obr\u012bd valda bailes?\n                            <\/p>\n<p><\/a><br \/>\n        <a class=\"read-more\" href=\"https:\/\/www.la.lv\/top\" rel=\"nofollow noopener\" target=\"_blank\">Las\u012bt citas zi\u0146as<\/a><\/p>\n<p>LA.LV redakcij\u0101 v\u0113rs\u0101s Katr\u012bna Rabkevi\u010da, kura ir uz\u0146\u0113mumu iniciat\u012bvas \u201cDro\u0161a Gran\u012bta iela\u201d p\u0101rst\u0101ve. Vi\u0146a iez\u012bm\u0113 skaudro ainu: \u201cV\u0113l divi cilv\u0113ki \u0161oruden ir cietu\u0161i ce\u013cu satiksmes negad\u012bjumos Gran\u012bta iel\u0101 R\u012bgas posm\u0101, \u0161oreiz diem\u017e\u0113l ir let\u0101li izn\u0101kumi, bet pils\u0113ta gadu no gada turpina atlikt g\u0101j\u0113jiem un velosip\u0113distiem dro\u0161as infrastrukt\u016bras izb\u016bvi Gran\u012bta iel\u0101, kaut tehniskais projekts ir jau izstr\u0101d\u0101ts.\u201d<\/p>\n<p>Vair\u0101kas cilv\u0113ku n\u0101ves seko viena otrai<\/p>\n<p>Pag\u0101ju\u0161\u0101 ruden\u012b 11. oktobr\u012b Gran\u012bta iel\u0101 13A no ce\u013cu satiksmes negad\u012bjum\u0101 g\u016btaj\u0101m traum\u0101m mira rite\u0146brauc\u0113ja. Novembr\u012b net\u0101lu no \u201cVir\u0161i-A\u201d degvielas uzpildes stacijas smagi tika traum\u0113ts g\u0101j\u0113js, kur\u0161 ar\u012b nomira, bet pirms vair\u0101kiem gadiem \u0161aj\u0101 posm\u0101 smagas traumas ieguva k\u0101da uz\u0146\u0113muma darbiniece, kas \u0161\u0137\u0113rsoja ielu, lai nok\u013c\u016btu pieturviet\u0101. <\/p>\n<p>    CITI \u0160OBR\u012aD LASA<\/p>\n<p>Vis\u0101 Gran\u012bta ielas R\u012bgas posm\u0101 nav g\u0101j\u0113ju p\u0101reju vai luksoforu, nav trotu\u0101ra g\u0101j\u0113jiem un nav apgaismojuma, bet braucam\u0101 ce\u013ca mala ir nep\u0101rredzama kr\u016bm\u0101ju d\u0113\u013c. Tas ik dienu apdraud g\u0101j\u0113jus un velosip\u0113distus, \u0146emot v\u0113r\u0101 augsto satiksmes intensit\u0101ti. It \u012bpa\u0161i dz\u012bv\u012bbas draudi pieaug rudens, ziemas, agr\u0101 pavasara period\u0101, kad do\u0161an\u0101s uz darbu notiek tums\u0101.<\/p>\n<blockquote><p>Diem\u017e\u0113l ar\u012b visi \u0161ie gad\u012bjumi nav biju\u0161i pietiekami R\u012bgas vad\u012bt\u0101jiem, lai pie\u0146emtu l\u0113mumu sak\u0101rtot \u0161o ielu. \u013baudis, kas ik dienu p\u0101rvietojas pa \u0161o ielu, vaic\u0101, cik dz\u012bv\u012bbu v\u0113l esam gatavi apdraud\u0113t, lai beidzot pie\u0146emtu tik svar\u012bgo l\u0113mumu s\u0101kt rekonstrukciju?<\/p><\/blockquote>\n<p>\u201cDomei un R\u012bgas m\u0113ram Viesturam Kleinbergam ir j\u0101izv\u0113rt\u0113 priorit\u0101tes 2026.gada bud\u017eet\u0101 \u2013 vai tie\u0161\u0101m tie b\u016bs miljonus eiro v\u0113rti koci\u0146i un apst\u0101d\u012bjumi R\u012bgas centr\u0101, jaunas g\u0101j\u0113ju p\u0101rejas un p\u0101rb\u016bv\u0113ti krustojumi viet\u0101s, kur jau ir dro\u0161a \u0161\u0137\u0113r\u0161o\u0161ana, vai tom\u0113r infrastrukt\u016bras Gran\u012bta iel\u0101 sak\u0101rto\u0161ana, lai neciestu vair\u0101k cilv\u0113ku un \u0123ime\u0146u,\u201d nor\u0101da Katr\u012bna Rabkevi\u010da.<\/p>\n<p>Uz\u0146\u0113mumi Gran\u012bta iel\u0101 p\u0113rn izveidoja pilsonisku iniciat\u012bvu \u201cDro\u0161a Gran\u012bta iela\u201d ar m\u0113r\u0137i pan\u0101kt, lai R\u012bgas dome nodro\u0161ina dz\u012bv\u012bbai dro\u0161u infrastrukt\u016bru r\u012bdzinieku nok\u013c\u016b\u0161anai uz un no darba viet\u0101m Gran\u012bta iel\u0101. <\/p>\n<p>\u0160obr\u012bd \u0161aj\u0101 r\u016bpnieciskaj\u0101 un biroju rajon\u0101 darbinieki ir spiesti katru dienu risk\u0113t ar sav\u0101m dz\u012bv\u012bb\u0101m. Par \u0161iem jaut\u0101jumiem uz\u0146\u0113mumi jau daudzus  gadus ce\u013c trauksmi R\u012bgas domes vad\u012bbai, deput\u0101tiem, atbild\u012bgajam \u0100rtelpas un mobilit\u0101tes departamentam un Satiksmes un transporta lietu komitejai. Diem\u017e\u0113l \u0161aj\u0101 laik\u0101 nav paveikts neviens re\u0101ls uzlabojums infrastrukt\u016br\u0101, lai r\u012bdziniekiem b\u016btu dro\u0161a brauktuvju \u0161\u0137\u0113rso\u0161ana un nok\u013c\u016b\u0161ana l\u012bdz pieturviet\u0101m, k\u0101 ar\u012b p\u0101rvieto\u0161an\u0101s ar riteni, lai nok\u013c\u016btu uz darbu vai m\u0101j\u0101m.<\/p>\n<p>R\u012bgas domes tipiska atbilde \u2013 \u201cprojekts ir, naudas nav\u201d<\/p>\n<p>Visupirms jau p\u0113rn\u0101 gada nogal\u0113 sazin\u0101jos ar R\u012bgas pa\u0161vald\u012bbas Komunik\u0101cijas p\u0101rvaldi. T\u0101s p\u0101rst\u0101vju sniegt\u0101 atbilde it k\u0101 izklaus\u0101s labi.<br \/>Vispirms tiek nor\u0101d\u012bts, ka vien p\u0113rn tika pabeigta \u0161\u012bs ielas b\u016bvprojekta izstr\u0101de, l\u012bdz ar to neesot korekti apgalvot, ka projekta realiz\u0101cija tiek atlikta. Visiem procesiem esot j\u0101notiek pak\u0101peniski.<\/p>\n<p>P\u0113rn sniegtaj\u0101 atbild\u0113 tika nor\u0101d\u012bts, ka, \u201c\u0146emot v\u0113r\u0101, ka projekta izstr\u0101de nosl\u0113dz\u0101s \u0161ogad, tad \u0161\u012b gada bud\u017eet\u0101 Gran\u012bta ielas projekta realiz\u0101cija netika paredz\u0113ta, bet t\u0101 tiek virz\u012bta uz 2026. gada bud\u017eetu. Aptuven\u0101s projekta izmaksas ir 2,2 miljoni eiro\u201d.<\/p>\n<p>Saska\u0146\u0101 ar izstr\u0101d\u0101to projektu ir paredz\u0113ts izb\u016bv\u0113t \u0161\u0101das lietas: <\/p>\n<p>\u2022 jaunu g\u0101j\u0113ju un velobrauc\u0113ju infrastrukt\u016bru Gran\u012bta iel\u0101 un Krustpils ielas posm\u0101 no Gran\u012bta ielas l\u012bdz mobilit\u0101tes punktam \u201c\u0160\u0137irotava\u201d;<br \/>\u2022 regul\u0113jamu g\u0101j\u0113ju p\u0101reju pie Gran\u012bta un Rad\u017eu ielas krustojuma;<br \/>\u2022 g\u0101j\u0113ju \u0161\u0137\u0113rso\u0161anas vietas;<br \/>\u2022 jaunu apgaismojumu gan g\u0101j\u0113ju ietves zonai, gan brauktuves zonai;<br \/>\u2022 k\u0101 ar\u012b veikt satiksmes organiz\u0101cijas izmai\u0146as, atjaunot\/p\u0101rb\u016bv\u0113t pieturvietas un atjaunot ielas segumu.<\/p>\n<p>Gran\u012bta ielas sak\u0101rto\u0161ana ir pils\u0113tas m\u0113ra un vi\u0146a partijas p\u0101rzi\u0146\u0101<\/p>\n<p>Lai gan prec\u012bz\u0101ks apstiprin\u0101to projektu saraksts tiks defin\u0113ts 21.janv\u0101r\u012b, kad notiks domes bud\u017eeta apstiprin\u0101\u0161anas s\u0113de, kulu\u0101ros dzird run\u0101jam, ka ar\u012b \u0161ogad Gran\u012bta iel\u0101 izmai\u0146u neb\u016bs. Satiksmes infrastrukt\u016bra ir R\u012bgas m\u0113ra Viestura Kleinberga partijas atbild\u012bba \u2013 ja tie iek\u013caus bud\u017eeta paket\u0113, tad b\u016bs \u2013 ja n\u0113, tad diem\u017e\u0113l visticam\u0101k ieguls atvilktn\u0113 un Gran\u012bta ielas str\u0101d\u0101jo\u0161ajiem b\u016bs j\u0101turpina risk\u0113t ar sav\u0101m dz\u012bv\u012bb\u0101m.<br \/>Vai tie\u0161\u0101m t\u0101 var\u0113tu b\u016bt? Nol\u0113mu sazin\u0101ties ar \u010detru vado\u0161o domes frakciju p\u0101rst\u0101vjiem, lai katram atsevi\u0161\u0137i pajaut\u0101tu, vai vi\u0146i atbalsta \u0161\u012b projekta iesp\u0113jami dr\u012bzu realiz\u0113\u0161anu.<\/p>\n<p>Visupirms sazin\u0101jos ar m\u0113ra p\u0101rst\u0101v\u0113to frakciju \u201cPROGRES\u012aVIE\u201d, jo tie\u0161i vi\u0146iem pieder gala v\u0101rds. Jaut\u0101jumus uzdevu \u0161\u012bs frakcijas p\u0101rst\u0101vei Martai Kotello, kura ir Satiksmes un transporta lietu komitejas vad\u012bt\u0101ja.<\/p>\n<p>M.Kotello ir atsauc\u012bga un s\u0101kotn\u0113ji atbild t\u0101, k\u0101 Gran\u012bta ielas brauc\u0113jiem un g\u0101j\u0113jiem patiktu: \u201cPrec\u012bzus l\u0113mumus var\u0113\u0161u teikt p\u0113c 21.janv\u0101ra, kad b\u016bs notikusi bud\u017eeta apstiprin\u0101\u0161anas s\u0113de, ta\u010du \u0161obr\u012bd varu apstiprin\u0101t, ka projekts ir gatavs, un tam ir pie\u0161\u0137irta \u013coti augsta priorit\u0101te.\u201d<br \/>T\u0101l\u0101k gan vi\u0146a nor\u0101da, ka situ\u0101cija nav tik vienk\u0101r\u0161a \u2013 vairs neesot iesp\u0113ju infrastrukt\u016bras projektiem aiz\u0146emties no valsts, l\u012bdz ar to domes r\u012bc\u012bb\u0101 esot nesal\u012bdzin\u0101mi maz\u0101k finans\u0113juma nek\u0101 citus gadus.<\/p>\n<p>Un te ar\u012b M.Kotello atbilde, kas pagaid\u0101m neiepriecina: <\/p>\n<blockquote><p>\u201cEs \u013coti ceru, ka v\u0113l\u0101kais n\u0101kamaj\u0101 gad\u0101 \u0161is projekts tiks realiz\u0113ts. Protams, \u201cPROGRES\u012aVIE\u201d to atbalsta, zin\u0101m, ka \u0161aj\u0101 liet\u0101 ir daudz uz\u0146\u0113mumu. Cilv\u0113ki sagaida, lai viss b\u016btu jau r\u012bt, bet vajadz\u012bbu saraksti ir gari un izmaksas \u2013 augstas. <\/p><\/blockquote>\n<p>Jebkur\u0101 gad\u012bjum\u0101 prec\u012bz\u0101ka atbilde b\u016bs iesp\u0113jama p\u0113c 21.janv\u0101ra.\u201d<\/p>\n<p>Vai tie\u0161\u0101m tas noz\u012bm\u0113, ka v\u0113l vismaz gadu \u0161\u012b iela b\u016bs b\u012bstama?<\/p>\n<p>Atliek noskaidrot, ko par to dom\u0101 p\u0101r\u0113jo vado\u0161o domes frakciju p\u0101rst\u0101vji. Sazinos ar biju\u0161o R\u012bgas m\u0113ru un pa\u0161reiz\u0113jo R\u012bgas vicem\u0113ru Vilni \u0136irsi, kura vad\u012b\u0161anas laik\u0101 Gran\u012bta ielas sak\u0101rto\u0161anai tika piev\u0113rsta uzman\u012bba.<\/p>\n<p>V.\u0136irsis saka: \u201cM\u0113s m\u0113r\u0137tiec\u012bgi g\u0101j\u0101m uz to, lai tiktu sak\u0101rtota g\u0101j\u0113ju dro\u0161\u012bba \u2013 \u0161obr\u012bd vi\u0146iem tur j\u0101iet pa braucamo da\u013cu, ar\u012b pieturvietas un ielas \u0161\u0137\u0113rso\u0161anas vietas ir j\u0101sak\u0101rto. \u0160obr\u012bd projekts ir gatavs, es \u013coti ceru, ka mani \u201cp\u0113cn\u0101c\u0113ji\u201d to virz\u012bs t\u0101l\u0101k un jau \u0161ogad realiz\u0113s, es noteikti atbalstu un atbalst\u012b\u0161u \u0161o projektu. <\/p>\n<blockquote><p>Es jau vairs pat neatceros, cik ilgi m\u0113s par Gran\u012bta ielu run\u0101jam, tagad vairs nevar atlikt \u2013 projekts j\u0101realiz\u0113 p\u0113c iesp\u0113jas \u0101tr\u0101k. Man ir gr\u016bti koment\u0113t, k\u0101 kol\u0113\u0123i izraug\u0101s priorit\u0101tes, bet \u0161\u012b noteikti ir starp t\u0101d\u0101m.\u201d<\/p><\/blockquote>\n<p>R\u012bgas vicem\u0113rs Edvards Ratnieks rakstiski ar\u012b pauda atbalstu projektam: \u201cM\u016bsu frakcija jau pirms gada pauda atbalstu g\u0101j\u0113ju infrastrukt\u016bras sak\u0101rto\u0161an\u0101 Gran\u012bta iel\u0101, jo \u0161\u012b ir noz\u012bm\u012bga industri\u0101l\u0101 zona R\u012bg\u0101, kur koncentr\u0113jas daudz investoru, ra\u017eo\u0161anas un lo\u0123istikas uz\u0146\u0113mumu. T\u0101p\u0113c, ja m\u016bsu koal\u012bcijas partneri, kuru atbild\u012bb\u0101 ir \u0161\u012b joma, virz\u012bs \u0161\u012b projekta \u012bsteno\u0161anu bud\u017eeta paket\u0113, m\u0113s to noteikti atbalst\u012bsim.\u201d<\/p>\n<p>Aiz\u0146emt\u0101 br\u012bd\u012b izdodas \u201cno\u0137ert\u201d ar\u012b Edgaru Bergholcu, kur\u0161 p\u0101rst\u0101v Apvienoto sarakstu un ir Pils\u0113tas att\u012bst\u012bbas komitejas vad\u012bt\u0101js. Vi\u0146\u0161 vien \u012bsi nor\u0101da, ka atbalsta \u0161\u012bs ielas sak\u0101rto\u0161anu.<\/p>\n<p>LA.LV turpin\u0101s sekot l\u012bdzi \u0161\u012b jaut\u0101juma att\u012bst\u012bbai ar\u012b p\u0113c 21.janv\u0101ra, zi\u0146osim par pie\u0146emtajiem l\u0113mumiem, tikm\u0113r \u013caudis, kuru ikdienas mar\u0161rut\u0101 ir Gran\u012bta iela, no visas sirds cer, ka darbi var\u0113tu tikt uzs\u0101kti jau \u0161ogad, jo cilv\u0113ku dro\u0161\u012bbai ir j\u0101b\u016bt pils\u0113tas priorit\u0101tei.<\/p>\n<p>    Zi\u0146o!<\/p>\n<p>\n        Ja ar\u012b Tu v\u0113lies padal\u012bties ar savu st\u0101stu\n    <\/p>\n<p>    <a class=\"zino-calltoaction__button\" href=\"https:\/\/zino.la.lv\" rel=\"nofollow noopener\" target=\"_blank\">Zi\u0146o!<\/a><\/p>\n<p>                                \u0160is raksts ir port\u0101la LA.LV \u012bpa\u0161ums. Jebk\u0101da veida satura p\u0101rpublic\u0113\u0161ana, kop\u0113\u0161ana, izplat\u012b\u0161ana vai cit\u0101da veida izmanto\u0161ana bez iepriek\u0161\u0113jas rakstiskas at\u013caujas no LA.LV redakcijas ir aizliegta. Lai sa\u0146emtu at\u013cauju p\u0101rpublic\u0113t \u0161o rakstu, l\u016bdzu, sazinieties ar  redakciju, rakstot uz <a href=\"https:\/\/www.la.lv\/cdn-cgi\/l\/email-protection\" class=\"__cf_email__\" data-cfemail=\"cbb8bdaab9a2aca28ba7aae5a7bd\" rel=\"nofollow noopener\" target=\"_blank\">[email\u00a0protected]<\/a><\/p>\n<p>T\u0113mas<\/p>\n<p>    SAIST\u012aTIE RAKSTI<\/p>\n","protected":false},"excerpt":{"rendered":"R\u012bg\u0101 ir k\u0101da iela, kur\u0101 akt\u012bvi rit uz\u0146\u0113m\u0113jdarb\u012bba, l\u012bdz ar to ir ar\u012b intens\u012bva satiksme un g\u0101j\u0113ju pl\u016bsma,&hellip;\n","protected":false},"author":2,"featured_media":99371,"comment_status":"","ping_status":"","sticky":false,"template":"","format":"standard","meta":{"footnotes":""},"categories":[12],"tags":[23,28,29,32,33,22,30,31,35,39,38,36,37,34,40,20,26,27,24,25,21],"class_list":{"0":"post-99370","1":"post","2":"type-post","3":"status-publish","4":"format-standard","5":"has-post-thumbnail","7":"category-latvija","8":"tag-aktualitates","9":"tag-breaking-news","10":"tag-breakingnews","11":"tag-featured-news","12":"tag-featurednews","13":"tag-headlines","14":"tag-latest-news","15":"tag-latestnews","16":"tag-latvia","17":"tag-latvian","18":"tag-latviesu","19":"tag-latviesu-valoda","20":"tag-latviesuvaloda","21":"tag-latvija","22":"tag-lv","23":"tag-news","24":"tag-popularakas-zinas","25":"tag-popularakaszinas","26":"tag-top-stories","27":"tag-topstories","28":"tag-zinas"},"share_on_mastodon":{"url":"https:\/\/pubeurope.com\/@lv\/115865419959196910","error":""},"_links":{"self":[{"href":"https:\/\/www.europesays.com\/lv\/wp-json\/wp\/v2\/posts\/99370","targetHints":{"allow":["GET"]}}],"collection":[{"href":"https:\/\/www.europesays.com\/lv\/wp-json\/wp\/v2\/posts"}],"about":[{"href":"https:\/\/www.europesays.com\/lv\/wp-json\/wp\/v2\/types\/post"}],"author":[{"embeddable":true,"href":"https:\/\/www.europesays.com\/lv\/wp-json\/wp\/v2\/users\/2"}],"replies":[{"embeddable":true,"href":"https:\/\/www.europesays.com\/lv\/wp-json\/wp\/v2\/comments?post=99370"}],"version-history":[{"count":0,"href":"https:\/\/www.europesays.com\/lv\/wp-json\/wp\/v2\/posts\/99370\/revisions"}],"wp:featuredmedia":[{"embeddable":true,"href":"https:\/\/www.europesays.com\/lv\/wp-json\/wp\/v2\/media\/99371"}],"wp:attachment":[{"href":"https:\/\/www.europesays.com\/lv\/wp-json\/wp\/v2\/media?parent=99370"}],"wp:term":[{"taxonomy":"category","embeddable":true,"href":"https:\/\/www.europesays.com\/lv\/wp-json\/wp\/v2\/categories?post=99370"},{"taxonomy":"post_tag","embeddable":true,"href":"https:\/\/www.europesays.com\/lv\/wp-json\/wp\/v2\/tags?post=99370"}],"curies":[{"name":"wp","href":"https:\/\/api.w.org\/{rel}","templated":true}]}}