{"id":99382,"date":"2026-01-09T13:50:16","date_gmt":"2026-01-09T13:50:16","guid":{"rendered":"https:\/\/www.europesays.com\/lv\/99382\/"},"modified":"2026-01-09T13:50:16","modified_gmt":"2026-01-09T13:50:16","slug":"krizes-pabalsts-izmaksats-61-spradziena-cietusas-bauskas-ielas-majas-majsaimniecibai","status":"publish","type":"post","link":"https:\/\/www.europesays.com\/lv\/99382\/","title":{"rendered":"Kr\u012bzes pabalsts izmaks\u0101ts 61 spr\u0101dzien\u0101 cietu\u0161\u0101s Bauskas ielas m\u0101jas m\u0101jsaimniec\u012bbai"},"content":{"rendered":"<p>Kop\u0113j\u0101 izmaks\u0101t\u0101 summa sasniedz 67 860 eiro, kopum\u0101 pal\u012bdzot 104 cilv\u0113kiem.<\/p>\n<p>Ir ar\u012b tr\u012bs atteikumi izmaks\u0101t kr\u012bzes pabalstu, piem\u0113ram, iesniegumu iesniedza \u012bpa\u0161nieks un \u012brnieks. T\u0101d\u0101 gad\u012bjum\u0101 pabalsts samaks\u0101ts \u012brniekam, kur\u0161 faktiski dz\u012bvoja Bauskas iel\u0101 15.<\/p>\n<p>Savuk\u0101rt par \u010detriem iesniegumiem nepiecie\u0161ama papildu inform\u0101cija l\u0113mumu pie\u0146em\u0161anai.<\/p>\n<p>R\u012bgas Soci\u0101lais dienests turpina apzin\u0101t iedz\u012bvot\u0101jus, kuri dz\u012bvoja spr\u0101dzien\u0101 cietu\u0161aj\u0101 \u0113k\u0101, ta\u010du l\u012bdz \u0161im nav v\u0113rsu\u0161ies p\u0113c pal\u012bdz\u012bbas. Dienests aicina l\u012bdzcilv\u0113kus inform\u0113t min\u0113t\u0101s m\u0101jas iem\u012btniekus, ja t\u0101di paz\u012bstami, par iesp\u0113ju sa\u0146emt soci\u0101lo pal\u012bdz\u012bbu.<\/p>\n<p>Evaku\u0113tajiem iedz\u012bvot\u0101jiem ir ties\u012bbas sa\u0146emt kr\u012bzes pabalstu divu m\u0113ne\u0161u laik\u0101 no kr\u012bzes situ\u0101cijas ra\u0161an\u0101s dienas.<\/p>\n<p>Iedz\u012bvot\u0101ji aicin\u0101ti v\u0113rsties R\u012bgas Soci\u0101laj\u0101 dienest\u0101 ar\u012b tad, ja nepiecie\u0161ama cita veida pal\u012bdz\u012bba &#8211; dokumentu atjauno\u0161ana vai cits soci\u0101lais atbalsts. Pla\u0161\u0101ka inform\u0101cija par iesp\u0113jamo pal\u012bdz\u012bbu pieejama pa informat\u012bvo t\u0101lruni 1201.<\/p>\n<p>S\u0101kot ar n\u0101kamo ned\u0113\u013cu, individu\u0101li tiks v\u0113rt\u0113ta katra cilv\u0113ka vai m\u0101jsaimniec\u012bbas situ\u0101cija, lai lemtu par turpm\u0101ko soci\u0101lo pal\u012bdz\u012bbu vai atbalstu.<\/p>\n","protected":false},"excerpt":{"rendered":"Kop\u0113j\u0101 izmaks\u0101t\u0101 summa sasniedz 67 860 eiro, kopum\u0101 pal\u012bdzot 104 cilv\u0113kiem. Ir ar\u012b tr\u012bs atteikumi izmaks\u0101t kr\u012bzes pabalstu,&hellip;\n","protected":false},"author":2,"featured_media":99383,"comment_status":"","ping_status":"","sticky":false,"template":"","format":"standard","meta":{"footnotes":""},"categories":[12],"tags":[23,28,29,32,33,23521,22,30,31,35,39,38,36,37,34,40,20,26,27,24,25,21],"class_list":{"0":"post-99382","1":"post","2":"type-post","3":"status-publish","4":"format-standard","5":"has-post-thumbnail","7":"category-latvija","8":"tag-aktualitates","9":"tag-breaking-news","10":"tag-breakingnews","11":"tag-featured-news","12":"tag-featurednews","13":"tag-gazes-spradziens-tornakalna","14":"tag-headlines","15":"tag-latest-news","16":"tag-latestnews","17":"tag-latvia","18":"tag-latvian","19":"tag-latviesu","20":"tag-latviesu-valoda","21":"tag-latviesuvaloda","22":"tag-latvija","23":"tag-lv","24":"tag-news","25":"tag-popularakas-zinas","26":"tag-popularakaszinas","27":"tag-top-stories","28":"tag-topstories","29":"tag-zinas"},"share_on_mastodon":{"url":"https:\/\/pubeurope.com\/@lv\/115865467158792630","error":""},"_links":{"self":[{"href":"https:\/\/www.europesays.com\/lv\/wp-json\/wp\/v2\/posts\/99382","targetHints":{"allow":["GET"]}}],"collection":[{"href":"https:\/\/www.europesays.com\/lv\/wp-json\/wp\/v2\/posts"}],"about":[{"href":"https:\/\/www.europesays.com\/lv\/wp-json\/wp\/v2\/types\/post"}],"author":[{"embeddable":true,"href":"https:\/\/www.europesays.com\/lv\/wp-json\/wp\/v2\/users\/2"}],"replies":[{"embeddable":true,"href":"https:\/\/www.europesays.com\/lv\/wp-json\/wp\/v2\/comments?post=99382"}],"version-history":[{"count":0,"href":"https:\/\/www.europesays.com\/lv\/wp-json\/wp\/v2\/posts\/99382\/revisions"}],"wp:featuredmedia":[{"embeddable":true,"href":"https:\/\/www.europesays.com\/lv\/wp-json\/wp\/v2\/media\/99383"}],"wp:attachment":[{"href":"https:\/\/www.europesays.com\/lv\/wp-json\/wp\/v2\/media?parent=99382"}],"wp:term":[{"taxonomy":"category","embeddable":true,"href":"https:\/\/www.europesays.com\/lv\/wp-json\/wp\/v2\/categories?post=99382"},{"taxonomy":"post_tag","embeddable":true,"href":"https:\/\/www.europesays.com\/lv\/wp-json\/wp\/v2\/tags?post=99382"}],"curies":[{"name":"wp","href":"https:\/\/api.w.org\/{rel}","templated":true}]}}