{"id":99394,"date":"2026-01-09T13:58:06","date_gmt":"2026-01-09T13:58:06","guid":{"rendered":"https:\/\/www.europesays.com\/lv\/99394\/"},"modified":"2026-01-09T13:58:06","modified_gmt":"2026-01-09T13:58:06","slug":"dotacija-samazinata-ari-jrt-tacu-darbinieku-atlaisanas-nav-planotas","status":"publish","type":"post","link":"https:\/\/www.europesays.com\/lv\/99394\/","title":{"rendered":"Dot\u0101cija samazin\u0101ta ar\u012b JRT, ta\u010du darbinieku atlai\u0161anas nav pl\u0101notas"},"content":{"rendered":"<p>Vi\u0146a atz\u012bm\u0113ja, ka jaunais finans\u0113\u0161anas l\u012bgums <a href=\"https:\/\/sejas.tvnet.lv\/term\/557329\/jrt\" class=\"topicLink\" target=\"_blank\" rel=\"nofollow noopener\">JRT<\/a> 2026. gadam v\u0113l nav nosl\u0113gts, tom\u0113r p\u0113c patlaban pieejam\u0101s inform\u0101cijas valsts dot\u0101cijas samazin\u0101jums var\u0113tu b\u016bt ap 200 000 eiro, kas veidotu aptuveni 3% no JRT kop\u0113j\u0101 bud\u017eeta. Valsts dot\u0101cija te\u0101trim kopum\u0101 veido tikai aptuveni tre\u0161da\u013cu no t\u0101 bud\u017eeta.<\/p>\n<p>JRT p\u0101rst\u0101ve uzsv\u0113ra, ka ietaup\u012bjumu <a href=\"https:\/\/sejas.tvnet.lv\/term\/563040\/teatris\" class=\"topicLink\" target=\"_blank\" rel=\"nofollow noopener\">te\u0101tris<\/a> pl\u0101no rast ikdienas operat\u012bvaj\u0101s izmaks\u0101s, iesp\u0113jams, samazinot jauniestud\u0113jumu sagatavo\u0161anas bud\u017eetus vai p\u0101rce\u013cot k\u0101da jauniestud\u0113juma iestud\u0113\u0161anu uz n\u0101kamo sezonu.<\/p>\n<p>Te\u0101tris pl\u0101no saglab\u0101t visas bi\u013ce\u0161u atlaides skol\u0113niem, studentiem, pension\u0101riem un person\u0101m ar invalidit\u0101ti, un skat\u012bt\u0101ji b\u016btiskas izmai\u0146as neizjut\u012bs, akcent\u0113ja Liepi\u0146a.<\/p>\n<p>Jau rakst\u012bts, ka, \u0146emot v\u0113r\u0101 valsts dot\u0101cijas samazin\u0101jumu, Dailes te\u0101tris \u012bsteno struktur\u0101las p\u0101rmai\u0146as, kas paredz \u0161tata samazin\u0101\u0161anu vair\u0101k\u0101s strukt\u016brvien\u012bb\u0101s, tostarp m\u0101kslinieciskaj\u0101 da\u013c\u0101. Te\u0101tr\u012b nor\u0101da, ka 2024. gada septembr\u012b sa\u0146emtas Kult\u016bras ministrijas nor\u0101des par valsts dot\u0101cijas samazin\u0101jumu 276 205 eiro apm\u0113r\u0101, aicinot rast risin\u0101jumus izmaksu samazin\u0101\u0161anai un ie\u0146\u0113mumu palielin\u0101\u0161anai.<\/p>\n<p>Sa\u0146emot inform\u0101ciju par dot\u0101cijas samazin\u0101jumu, te\u0101tris izstr\u0101d\u0101ja pas\u0101kumu pl\u0101nu, tostarp samazinot jauniestud\u0113jumu skaitu un izv\u0113rt\u0113jot darbinieku noslodzi un efektivit\u0101ti. Dailes te\u0101tra valde 2025. gada 29. oktobr\u012b pie\u0146\u0113ma l\u0113mumu par struktur\u0101laj\u0101m izmai\u0146\u0101m, paredzot m\u0101ksliniecisk\u0101s da\u013cas \u0161tata darbinieku skaita samazin\u0101jumu, k\u0101 ar\u012b vair\u0101ku tehnisko un saimniecisko amatu likvid\u0113\u0161anu.<\/p>\n","protected":false},"excerpt":{"rendered":"Vi\u0146a atz\u012bm\u0113ja, ka jaunais finans\u0113\u0161anas l\u012bgums JRT 2026. gadam v\u0113l nav nosl\u0113gts, tom\u0113r p\u0113c patlaban pieejam\u0101s inform\u0101cijas valsts&hellip;\n","protected":false},"author":2,"featured_media":99395,"comment_status":"","ping_status":"","sticky":false,"template":"","format":"standard","meta":{"footnotes":""},"categories":[19],"tags":[89,90,5847,64,35,39,38,36,37,34,40,1176],"class_list":{"0":"post-99394","1":"post","2":"type-post","3":"status-publish","4":"format-standard","5":"has-post-thumbnail","7":"category-izklaide","8":"tag-entertainment","9":"tag-izklaide","10":"tag-jrt","11":"tag-kultura","12":"tag-latvia","13":"tag-latvian","14":"tag-latviesu","15":"tag-latviesu-valoda","16":"tag-latviesuvaloda","17":"tag-latvija","18":"tag-lv","19":"tag-teatris"},"share_on_mastodon":{"url":"https:\/\/pubeurope.com\/@lv\/115865498651476972","error":""},"_links":{"self":[{"href":"https:\/\/www.europesays.com\/lv\/wp-json\/wp\/v2\/posts\/99394","targetHints":{"allow":["GET"]}}],"collection":[{"href":"https:\/\/www.europesays.com\/lv\/wp-json\/wp\/v2\/posts"}],"about":[{"href":"https:\/\/www.europesays.com\/lv\/wp-json\/wp\/v2\/types\/post"}],"author":[{"embeddable":true,"href":"https:\/\/www.europesays.com\/lv\/wp-json\/wp\/v2\/users\/2"}],"replies":[{"embeddable":true,"href":"https:\/\/www.europesays.com\/lv\/wp-json\/wp\/v2\/comments?post=99394"}],"version-history":[{"count":0,"href":"https:\/\/www.europesays.com\/lv\/wp-json\/wp\/v2\/posts\/99394\/revisions"}],"wp:featuredmedia":[{"embeddable":true,"href":"https:\/\/www.europesays.com\/lv\/wp-json\/wp\/v2\/media\/99395"}],"wp:attachment":[{"href":"https:\/\/www.europesays.com\/lv\/wp-json\/wp\/v2\/media?parent=99394"}],"wp:term":[{"taxonomy":"category","embeddable":true,"href":"https:\/\/www.europesays.com\/lv\/wp-json\/wp\/v2\/categories?post=99394"},{"taxonomy":"post_tag","embeddable":true,"href":"https:\/\/www.europesays.com\/lv\/wp-json\/wp\/v2\/tags?post=99394"}],"curies":[{"name":"wp","href":"https:\/\/api.w.org\/{rel}","templated":true}]}}