{"id":99398,"date":"2026-01-09T14:01:12","date_gmt":"2026-01-09T14:01:12","guid":{"rendered":"https:\/\/www.europesays.com\/lv\/99398\/"},"modified":"2026-01-09T14:01:12","modified_gmt":"2026-01-09T14:01:12","slug":"asv-plano-maksat-grenlandes-iedzivotajiem-par-atdalisanos-no-danijas","status":"publish","type":"post","link":"https:\/\/www.europesays.com\/lv\/99398\/","title":{"rendered":"ASV pl\u0101no maks\u0101t Grenlandes iedz\u012bvot\u0101jiem par atdal\u012b\u0161anos no D\u0101nijas"},"content":{"rendered":"<p class=\"descr\">ASV amatpersonas ir apsv\u0113ru\u0161as iesp\u0113ju par vienreiz\u0113ju maks\u0101jumu Grenlandes iedz\u012bvot\u0101jiem, lai p\u0101rliecin\u0101tu vi\u0146us atdal\u012bties no D\u0101nijas un pievienoties ASV, zi\u0146o a\u0123ent\u016bra &#8220;Reuters&#8221;, atsaucoties uz \u010detriem avotiem.<\/p>\n<p>Apspriest\u0101 maks\u0101juma summa ir no 10 000 l\u012bdz 100 000 dol\u0101ru (8565 l\u012bdz 85 650 eiro) katram grenlandietim, sac\u012bju\u0161i divi no avotiem, kas v\u0113l\u0113ju\u0161ies palikt anon\u012bmi.<\/p>\n<p>Ideja par tie\u0161u maks\u0101jumu <a href=\"https:\/\/nra.lv\/pasaule\/510905-tramps-aktivi-apspriez-grenlandes-iegadi.htm\" data-item-link=\"true\" data-item-id=\"510905\" rel=\"nofollow noopener\" target=\"_blank\">Grenlandes<\/a> iedz\u012bvot\u0101jiem ir viens no skaidrojumiem, k\u0101 ASV var\u0113tu m\u0113\u0123in\u0101t &#8220;nopirkt&#8221; salu, kur\u0101 dz\u012bvo apm\u0113ram 57 000 cilv\u0113ku, neraugoties uz D\u0101nijas un Grenlandes amatpersonu pazi\u0146ojumiem, ka Grenlande netiek p\u0101rdota, nor\u0101da &#8220;Reuters&#8221;.<\/p>\n<p>\u0160\u012b taktika ir viens no da\u017e\u0101diem pl\u0101niem, ko apsprie\u017e Baltais nams, lai ieg\u016btu Grenlandi, un ASV amatpersonas nav izsl\u0113gu\u0161as iesp\u0113ju, ka kontroles p\u0101r\u0146em\u0161anai p\u0101r Grenlandi var\u0113tu tikt izmantots bru\u0146ots sp\u0113ks. Ta\u010du past\u0101v risks, ka Grenlandes iedz\u012bvot\u0101ji pied\u0101v\u0101jumu vi\u0146iem maks\u0101t par atbalstu var\u0113tu uzskat\u012bt par degrad\u0113jo\u0161u, raksta &#8220;Reuters&#8221;.<\/p>\n<p>Tramps ne reizi vien teicis, ka ASV b\u016btu j\u0101kontrol\u0113 <a href=\"https:\/\/nra.lv\/politika\/510886-dzons-mierina-ka-asv-nav-planu-militari-uzbrukt-grenlandei.htm\" data-item-link=\"true\" data-item-id=\"510886\" rel=\"nofollow noopener\" target=\"_blank\">Grenlande<\/a> nacion\u0101l\u0101s <a href=\"https:\/\/nra.lv\/pasaule\/510807-asv-plani-grenlande-tramps-un-militara-riciba.htm\" data-item-link=\"true\" data-item-id=\"510807\" rel=\"nofollow noopener\" target=\"_blank\">dro\u0161\u012bbas apsv\u0113rumu d\u0113\u013c.<\/a><\/p>\n<p>Grenlande ir D\u0101nijas Karalistes da\u013ca, ta\u010du t\u0101 ir liel\u0101 m\u0113r\u0101 autonoma un nav Eiropas Savien\u012bbas sast\u0101v\u0101.<\/p>\n<p>Laikraksts &#8220;Wall Street Journal&#8221; v\u0113st\u012bja, ka ASV valsts sekret\u0101rs Marko Rubio likumdev\u0113jiem sac\u012bjis, ka Tramps dod priek\u0161roku Grenlandes nopirk\u0161anai no D\u0101nijas.<\/p>\n<p>Kopenh\u0101gena br\u012bdin\u0101jusi, ka jebkur\u0161 m\u0113\u0123in\u0101jums ieg\u016bt Grenlandi ar sp\u0113ku faktiski noz\u012bm\u0113tu NATO beigas.<\/p>\n<p>Sabiedrotie ir paudu\u0161i atbalstu D\u0101nijai un Grenlandei, bet vienlaikus cen\u0161as nesadusmot Savienot\u0101s Valstis.<\/p>\n<p>\t\t\t\t\t\tinfo<\/p>\n<p>Uzzini pirmais<br \/>kas interesants noticis Latvij\u0101 un pasaul\u0113,<br \/>pievienojoties mums <a href=\"https:\/\/t.me\/neatkariga\" rel=\"nofollow\">Telegram<\/a> vai <a href=\"https:\/\/whatsapp.com\/channel\/0029VaMLFUH5K3zLU5s4wm3y\" rel=\"nofollow noopener\" target=\"_blank\">Whatsapp<\/a> kan\u0101l\u0101<\/p>\n","protected":false},"excerpt":{"rendered":"ASV amatpersonas ir apsv\u0113ru\u0161as iesp\u0113ju par vienreiz\u0113ju maks\u0101jumu Grenlandes iedz\u012bvot\u0101jiem, lai p\u0101rliecin\u0101tu vi\u0146us atdal\u012bties no D\u0101nijas un pievienoties&hellip;\n","protected":false},"author":2,"featured_media":99399,"comment_status":"","ping_status":"","sticky":false,"template":"","format":"standard","meta":{"footnotes":""},"categories":[14],"tags":[23,57,28,29,32,33,22,30,31,35,39,38,36,37,34,40,20,26,27,24,25,54,55,56,21,58],"class_list":{"0":"post-99398","1":"post","2":"type-post","3":"status-publish","4":"format-standard","5":"has-post-thumbnail","7":"category-zinas-no-arvalstim","8":"tag-aktualitates","9":"tag-arvalstim","10":"tag-breaking-news","11":"tag-breakingnews","12":"tag-featured-news","13":"tag-featurednews","14":"tag-headlines","15":"tag-latest-news","16":"tag-latestnews","17":"tag-latvia","18":"tag-latvian","19":"tag-latviesu","20":"tag-latviesu-valoda","21":"tag-latviesuvaloda","22":"tag-latvija","23":"tag-lv","24":"tag-news","25":"tag-popularakas-zinas","26":"tag-popularakaszinas","27":"tag-top-stories","28":"tag-topstories","29":"tag-world","30":"tag-world-news","31":"tag-worldnews","32":"tag-zinas","33":"tag-zinas-no-arvalstim"},"share_on_mastodon":{"url":"https:\/\/pubeurope.com\/@lv\/115865510463815213","error":""},"_links":{"self":[{"href":"https:\/\/www.europesays.com\/lv\/wp-json\/wp\/v2\/posts\/99398","targetHints":{"allow":["GET"]}}],"collection":[{"href":"https:\/\/www.europesays.com\/lv\/wp-json\/wp\/v2\/posts"}],"about":[{"href":"https:\/\/www.europesays.com\/lv\/wp-json\/wp\/v2\/types\/post"}],"author":[{"embeddable":true,"href":"https:\/\/www.europesays.com\/lv\/wp-json\/wp\/v2\/users\/2"}],"replies":[{"embeddable":true,"href":"https:\/\/www.europesays.com\/lv\/wp-json\/wp\/v2\/comments?post=99398"}],"version-history":[{"count":0,"href":"https:\/\/www.europesays.com\/lv\/wp-json\/wp\/v2\/posts\/99398\/revisions"}],"wp:featuredmedia":[{"embeddable":true,"href":"https:\/\/www.europesays.com\/lv\/wp-json\/wp\/v2\/media\/99399"}],"wp:attachment":[{"href":"https:\/\/www.europesays.com\/lv\/wp-json\/wp\/v2\/media?parent=99398"}],"wp:term":[{"taxonomy":"category","embeddable":true,"href":"https:\/\/www.europesays.com\/lv\/wp-json\/wp\/v2\/categories?post=99398"},{"taxonomy":"post_tag","embeddable":true,"href":"https:\/\/www.europesays.com\/lv\/wp-json\/wp\/v2\/tags?post=99398"}],"curies":[{"name":"wp","href":"https:\/\/api.w.org\/{rel}","templated":true}]}}