{"id":9940,"date":"2025-10-01T18:24:13","date_gmt":"2025-10-01T18:24:13","guid":{"rendered":"https:\/\/www.europesays.com\/lv\/9940\/"},"modified":"2025-10-01T18:24:13","modified_gmt":"2025-10-01T18:24:13","slug":"bez-nato-rotacijas-sistemas-lietuvai-trukst-speju-gaisa-telpas-aizsardzibai","status":"publish","type":"post","link":"https:\/\/www.europesays.com\/lv\/9940\/","title":{"rendered":"Bez NATO rot\u0101cijas sist\u0113mas Lietuvai tr\u016bkst sp\u0113ju gaisa telpas aizsardz\u012bbai"},"content":{"rendered":"<p>&#8220;P\u0113c nesenajiem gaisa telpas p\u0101rk\u0101pumiem D\u0101nij\u0101, Polij\u0101, Rum\u0101nij\u0101 un cit\u0101s valst\u012bs Lietuvai ir \u013coti svar\u012bgi aizpild\u012bt \u0161\u012bs sp\u0113ju nepiln\u012bbas,&#8221; Naus\u0113da sac\u012bja \u017eurn\u0101listiem pirms tik\u0161an\u0101s ar Eiropas l\u012bderiem, kur\u0101 galven\u0101 uzman\u012bba tika piev\u0113rsta dro\u0161\u012bbai un aizsardz\u012bbai.<\/p>\n<p>&#8220;Es grib\u0113tu piemin\u0113t sp\u0113jas atkl\u0101t un sp\u0113jas izn\u012bcin\u0101t. Ab\u0101m ir iev\u0113rojams defic\u012bts,&#8221; vi\u0146\u0161 teica. &#8220;Diem\u017e\u0113l man j\u0101saka, ka <a href=\"https:\/\/www.apollo.lv\/term\/9898\/nato\" class=\"topicLink\" target=\"_blank\" rel=\"nofollow noopener\">NATO<\/a> dokumentos iek\u013caut\u0101 \u013coti lab\u0101 ideja par rot\u0101cijas pretgaisa aizsardz\u012bbas sist\u0113m\u0101m nedarbojas,&#8221; atzina Lietuvas prezidents.<\/p>\n<p>NATO samit\u0101 Vi\u013c\u0146\u0101 2023.gad\u0101 saska\u0146otais rot\u0101cijas pretgaisa aizsardz\u012bbas modelis paredz gandr\u012bz past\u0101v\u012bgu sabiedroto pretgaisa aizsardz\u012bbas sist\u0113mu kl\u0101tb\u016btni Baltijas valst\u012bs rot\u0101cijas k\u0101rt\u012bb\u0101.<\/p>\n<p>L\u012bdz \u0161im Lietuv\u0101 \u0161\u0101 mode\u013ca \u012bsteno\u0161an\u0101 ir piedal\u012bju\u0161\u0101s divas valstis. N\u012bderlande 2024.gada j\u016blij\u0101 uz valsti nos\u016bt\u012bja t\u0101l\u0101s darb\u012bbas r\u0101diusa pretgaisa aizsardz\u012bbas sist\u0113mas &#8220;Patriot&#8221;, bet It\u0101lija \u0161\u0101 gada febru\u0101r\u012b m\u0101c\u012bbu vingrin\u0101jumos izvietoja t\u0101l\u0101s darb\u012bbas virszemes pretgaisa aizsardz\u012bbas sist\u0113mas SAMP\/T.<\/p>\n<p>Naus\u0113da sac\u012bja, ka tas nav pietiekami, lai nov\u0113rstu tr\u016bkumus.<\/p>\n<p>Gaisa <a href=\"https:\/\/www.apollo.lv\/term\/555800\/aizsardziba\" class=\"topicLink\" target=\"_blank\" rel=\"nofollow noopener\">aizsardz\u012bba<\/a> k\u013cuva aktu\u0101ls jaut\u0101jums \u0161ovasar p\u0113c tam, kad Lietuvas gaisa telp\u0101 ielidoja divi Krievijas bezpilota lidapar\u0101ti &#8220;Gerbera&#8221;, no kuriem viens nesa spr\u0101gstvielas.<\/p>\n<p>Septembr\u012b Polijas gaisa telpu p\u0101rk\u0101pa aptuveni 20 Krievijas bezpilota lidapar\u0101ti, savuk\u0101rt Igaunijas gaisa telp\u0101 ielidoja Krievijas izn\u012bcin\u0101t\u0101ji.<\/p>\n<p>P\u0113c \u0161\u0101 incidenta NATO pazi\u0146oja, ka t\u0101 pastiprin\u0101s savu austrumu flangu, lai pal\u012bdz\u0113tu nov\u0113rst Maskavas draudus, un s\u0101ka oper\u0101ciju &#8220;Eastern Sentry&#8221; (&#8220;Austrumu sargs&#8221;).<\/p>\n<p>Tre\u0161dien Naus\u0113da apmekl\u0113 neofici\u0101lu Eiropadomes san\u0101ksmi Kopenh\u0101gen\u0101. Divu dienu viz\u012btes laik\u0101 D\u0101nij\u0101 vi\u0146\u0161 piedal\u012bsies ar\u012b Eiropas Politisk\u0101s kopienas samit\u0101.<\/p>\n","protected":false},"excerpt":{"rendered":"&#8220;P\u0113c nesenajiem gaisa telpas p\u0101rk\u0101pumiem D\u0101nij\u0101, Polij\u0101, Rum\u0101nij\u0101 un cit\u0101s valst\u012bs Lietuvai ir \u013coti svar\u012bgi aizpild\u012bt \u0161\u012bs sp\u0113ju&hellip;\n","protected":false},"author":2,"featured_media":9941,"comment_status":"","ping_status":"","sticky":false,"template":"","format":"standard","meta":{"footnotes":""},"categories":[14],"tags":[1546,23,57,28,29,32,33,2277,2129,22,30,31,35,39,38,36,37,34,1464,40,71,20,26,27,24,25,54,55,56,21,58],"class_list":{"0":"post-9940","1":"post","2":"type-post","3":"status-publish","4":"format-standard","5":"has-post-thumbnail","7":"category-zinas-no-arvalstim","8":"tag-aizsardziba","9":"tag-aktualitates","10":"tag-arvalstim","11":"tag-breaking-news","12":"tag-breakingnews","13":"tag-featured-news","14":"tag-featurednews","15":"tag-gaisa-telpa","16":"tag-gitans-nauseda","17":"tag-headlines","18":"tag-latest-news","19":"tag-latestnews","20":"tag-latvia","21":"tag-latvian","22":"tag-latviesu","23":"tag-latviesu-valoda","24":"tag-latviesuvaloda","25":"tag-latvija","26":"tag-lietuva","27":"tag-lv","28":"tag-nato","29":"tag-news","30":"tag-popularakas-zinas","31":"tag-popularakaszinas","32":"tag-top-stories","33":"tag-topstories","34":"tag-world","35":"tag-world-news","36":"tag-worldnews","37":"tag-zinas","38":"tag-zinas-no-arvalstim"},"share_on_mastodon":{"url":"","error":""},"_links":{"self":[{"href":"https:\/\/www.europesays.com\/lv\/wp-json\/wp\/v2\/posts\/9940","targetHints":{"allow":["GET"]}}],"collection":[{"href":"https:\/\/www.europesays.com\/lv\/wp-json\/wp\/v2\/posts"}],"about":[{"href":"https:\/\/www.europesays.com\/lv\/wp-json\/wp\/v2\/types\/post"}],"author":[{"embeddable":true,"href":"https:\/\/www.europesays.com\/lv\/wp-json\/wp\/v2\/users\/2"}],"replies":[{"embeddable":true,"href":"https:\/\/www.europesays.com\/lv\/wp-json\/wp\/v2\/comments?post=9940"}],"version-history":[{"count":0,"href":"https:\/\/www.europesays.com\/lv\/wp-json\/wp\/v2\/posts\/9940\/revisions"}],"wp:featuredmedia":[{"embeddable":true,"href":"https:\/\/www.europesays.com\/lv\/wp-json\/wp\/v2\/media\/9941"}],"wp:attachment":[{"href":"https:\/\/www.europesays.com\/lv\/wp-json\/wp\/v2\/media?parent=9940"}],"wp:term":[{"taxonomy":"category","embeddable":true,"href":"https:\/\/www.europesays.com\/lv\/wp-json\/wp\/v2\/categories?post=9940"},{"taxonomy":"post_tag","embeddable":true,"href":"https:\/\/www.europesays.com\/lv\/wp-json\/wp\/v2\/tags?post=9940"}],"curies":[{"name":"wp","href":"https:\/\/api.w.org\/{rel}","templated":true}]}}