{"id":99400,"date":"2026-01-09T14:02:09","date_gmt":"2026-01-09T14:02:09","guid":{"rendered":"https:\/\/www.europesays.com\/lv\/99400\/"},"modified":"2026-01-09T14:02:09","modified_gmt":"2026-01-09T14:02:09","slug":"satversmes-tiesa-kopa-ar-jelgavas-jauniesiem-atklaj-jauno-macibu-semestri-projekta-aptver-satversmi","status":"publish","type":"post","link":"https:\/\/www.europesays.com\/lv\/99400\/","title":{"rendered":"Satversmes tiesa kop\u0101 ar Jelgavas jaunie\u0161iem atkl\u0101j jauno m\u0101c\u012bbu semestri projekt\u0101 \u201cApTver Satversmi\u201d"},"content":{"rendered":"<p>Piektdien, 9. janv\u0101r\u012b, Satversmes tiesas priek\u0161s\u0113d\u0113t\u0101ja Ir\u0113na Kucina, Juridisk\u0101 departamenta vad\u012bt\u0101js Kristaps Tamu\u017es un tiesne\u0161a pal\u012bdze Anete Suhar\u017eevska tik\u0101s ar Jelgavas Tehnolo\u0123iju vidusskolas un Jelgavas Sp\u012bdolas Valsts \u0123imn\u0101zijas vidusskol\u0113niem, uzs\u0101kot projekta \u201cApTver Satversmi\u201d nodarb\u012bbas otraj\u0101 semestr\u012b.<\/p>\n<p>\u201cSarun\u0101s ar jaunie\u0161iem redzam, ka vi\u0146i dom\u0101 kritiski, uzdod b\u016btiskus jaut\u0101jumus un apzin\u0101s savu sp\u0113ju ietekm\u0113t procesus valst\u012b. Valsts att\u012bst\u012bbu vi\u0146i uztver k\u0101 kop\u0113ju atbild\u012bbu un v\u0113las taj\u0101 akt\u012bvi l\u012bdzdarboties. Tas apliecina, ka demokr\u0101tijas izpratne ir dz\u012bva un att\u012bst\u0101s,\u201d uzsv\u0113ra priek\u0161s\u0113d\u0113t\u0101ja.<\/p>\n<p>Projekt\u0101 sa\u0146emti 80 skolu pieteikumi un aptvertas jau 40 skolas R\u012bg\u0101, Latgal\u0113, Vidzem\u0113, Kurzem\u0113 un Zemgal\u0113.<\/p>\n<p>Projekta \u201cApTver Satversmi\u201d m\u0113r\u0137is ir veicin\u0101t skol\u0113nu izpratni par Latvijas valsts darb\u012bbas pamatprincipiem un demokr\u0101tiskas tiesiskas valsts v\u0113rt\u012bb\u0101m, att\u012bstot sp\u0113ju atpaz\u012bt \u0161\u012bs v\u0113rt\u012bbas ikdienas situ\u0101cij\u0101s.<\/p>\n<p>Nodarb\u012bb\u0101s Satversmes tiesas tiesne\u0161i un darbinieki interakt\u012bv\u0101 veid\u0101 st\u0101sta par pamatties\u012bb\u0101m un to aizsardz\u012bbas iesp\u0113j\u0101m Satversmes ties\u0101. Nodarb\u012bbas ir piem\u0113rotas vidusskol\u0113niem un veicina izpratni par jaut\u0101jumiem, kas saist\u012bti ar soci\u0101laj\u0101m zin\u012bb\u0101m, politiku un ties\u012bb\u0101m, k\u0101 ar\u012b v\u0113sturi.<\/p>\n<p>Satversmes tiesas izgl\u012btojo\u0161ais projekts \u201cApTver Satversmi\u201d ir aizs\u0101kts 2025. gad\u0101.<\/p>\n<p><img decoding=\"async\" src=\"https:\/\/www.europesays.com\/lv\/wp-content\/uploads\/2026\/01\/76JD5W1UM.JPEG\" alt=\"\"\/><\/p>\n<p>Att\u0113l\u0101: tik\u0161an\u0101s ar Jelgavas Tehnolo\u0123iju vidusskolas audz\u0113k\u0146iem.<\/p>\n<p>Publicit\u0101tes foto.<\/p>\n<p>          <img decoding=\"async\" src=\"https:\/\/www.europesays.com\/lv\/wp-content\/uploads\/2026\/01\/1767645852_487_logo-lv.png\" alt=\"\"\/><\/p>\n<p>                  \u0160\u012b inform\u0101cija ir publisks pazi\u0146ojums un neatspogu\u013co LV port\u0101la viedokli. Par t\u0101s saturu atbild ies\u016bt\u012bt\u0101js. <a data-popup=\"rules\">Public\u0113\u0161anas noteikumi<\/a><\/p>\n","protected":false},"excerpt":{"rendered":"Piektdien, 9. janv\u0101r\u012b, Satversmes tiesas priek\u0161s\u0113d\u0113t\u0101ja Ir\u0113na Kucina, Juridisk\u0101 departamenta vad\u012bt\u0101js Kristaps Tamu\u017es un tiesne\u0161a pal\u012bdze Anete Suhar\u017eevska&hellip;\n","protected":false},"author":2,"featured_media":99401,"comment_status":"","ping_status":"","sticky":false,"template":"","format":"standard","meta":{"footnotes":""},"categories":[12],"tags":[23,28,29,32,33,22,30,31,35,39,38,36,37,34,40,20,26,27,24,25,21],"class_list":{"0":"post-99400","1":"post","2":"type-post","3":"status-publish","4":"format-standard","5":"has-post-thumbnail","7":"category-latvija","8":"tag-aktualitates","9":"tag-breaking-news","10":"tag-breakingnews","11":"tag-featured-news","12":"tag-featurednews","13":"tag-headlines","14":"tag-latest-news","15":"tag-latestnews","16":"tag-latvia","17":"tag-latvian","18":"tag-latviesu","19":"tag-latviesu-valoda","20":"tag-latviesuvaloda","21":"tag-latvija","22":"tag-lv","23":"tag-news","24":"tag-popularakas-zinas","25":"tag-popularakaszinas","26":"tag-top-stories","27":"tag-topstories","28":"tag-zinas"},"share_on_mastodon":{"url":"https:\/\/pubeurope.com\/@lv\/115865514337914325","error":""},"_links":{"self":[{"href":"https:\/\/www.europesays.com\/lv\/wp-json\/wp\/v2\/posts\/99400","targetHints":{"allow":["GET"]}}],"collection":[{"href":"https:\/\/www.europesays.com\/lv\/wp-json\/wp\/v2\/posts"}],"about":[{"href":"https:\/\/www.europesays.com\/lv\/wp-json\/wp\/v2\/types\/post"}],"author":[{"embeddable":true,"href":"https:\/\/www.europesays.com\/lv\/wp-json\/wp\/v2\/users\/2"}],"replies":[{"embeddable":true,"href":"https:\/\/www.europesays.com\/lv\/wp-json\/wp\/v2\/comments?post=99400"}],"version-history":[{"count":0,"href":"https:\/\/www.europesays.com\/lv\/wp-json\/wp\/v2\/posts\/99400\/revisions"}],"wp:featuredmedia":[{"embeddable":true,"href":"https:\/\/www.europesays.com\/lv\/wp-json\/wp\/v2\/media\/99401"}],"wp:attachment":[{"href":"https:\/\/www.europesays.com\/lv\/wp-json\/wp\/v2\/media?parent=99400"}],"wp:term":[{"taxonomy":"category","embeddable":true,"href":"https:\/\/www.europesays.com\/lv\/wp-json\/wp\/v2\/categories?post=99400"},{"taxonomy":"post_tag","embeddable":true,"href":"https:\/\/www.europesays.com\/lv\/wp-json\/wp\/v2\/tags?post=99400"}],"curies":[{"name":"wp","href":"https:\/\/api.w.org\/{rel}","templated":true}]}}