{"id":99406,"date":"2026-01-09T14:07:07","date_gmt":"2026-01-09T14:07:07","guid":{"rendered":"https:\/\/www.europesays.com\/lv\/99406\/"},"modified":"2026-01-09T14:07:07","modified_gmt":"2026-01-09T14:07:07","slug":"krievijas-karaviri-fronte-spiesti-kerties-pie-kanibalisma","status":"publish","type":"post","link":"https:\/\/www.europesays.com\/lv\/99406\/","title":{"rendered":"Krievijas karav\u012bri front\u0113 spiesti \u0137erties pie kanib\u0101lisma"},"content":{"rendered":"<p class=\"descr\">Ukrainas Galven\u0101 izl\u016bko\u0161anas p\u0101rvalde ir publiskojusi audioierakstu, kur\u0101 Zaporo\u017e\u017ej\u0101 disloc\u0113ts Krievijas karav\u012brs pau\u017e gatav\u012bbu \u0137erties pie kanib\u0101lisma nopietna p\u0101rtikas tr\u016bkuma d\u0113\u013c, v\u0113sta &#8220;Front News Georgia&#8221;.<\/p>\n<p>\u201cJauna \u0161ausmu filma no Krievijas poz\u012bcij\u0101m <a href=\"https:\/\/nra.lv\/birka\/zaporizja\/\" target=\"_blank\" rel=\"noopener nofollow\">Zapori\u017ej\u0101<\/a>. P\u0101rtikas tr\u016bkuma d\u0113\u013c okupanti asina na\u017eus un gatavojas ap\u0113st savus \u201cjaun\u0101kos\u201d biedrus,\u201d teikts pazi\u0146ojum\u0101, kas pievienots audioierakstam.<\/p>\n<p>Ierakst\u0101 dzirdams, k\u0101 <a href=\"https:\/\/nra.lv\/birka\/krievijas-karaviri\/\" target=\"_blank\" rel=\"noopener nofollow\">Krievijas karav\u012brs<\/a> saka, ka ir gatavs nogalin\u0101t dienesta biedru, nor\u0101dot, ka vi\u0146i mekl\u0113 jaun\u0101ku karav\u012bru.<\/p>\n<blockquote><p>Es uzasin\u0101ju na\u017eus, man vienalga, ko es grie\u017eu &#8211; es gribu \u0113st,\u201d saka balss.<\/p><\/blockquote>\n<p>Ukrainas izl\u016bkdienests apgalvo, ka <a href=\"https:\/\/nra.lv\/birka\/kanibalisms\/\" target=\"_blank\" rel=\"noopener nofollow\">kanib\u0101lisms<\/a> k\u013c\u016bst par arvien izplat\u012bt\u0101ku par\u0101d\u012bbu Krievijas karav\u012bru vid\u016b. Piem\u0113ram, j\u016bnij\u0101 k\u013cuva zin\u0101ms, ka Krievijas 68. gvardes str\u0113lnieku div\u012bzijas karav\u012brs it k\u0101 izdz\u012bvoja divas ned\u0113\u013cas, ap\u0113dot savu biedru.<\/p>\n<p>Iepriek\u0161 <a href=\"https:\/\/nra.lv\/birka\/ukrainas-izlukdienesti\/\" target=\"_blank\" rel=\"noopener nofollow\">Ukrainas izl\u016bkdienests<\/a> ir public\u0113jis ar\u012b citas p\u0101rtvertas sarunas, kas it k\u0101 apstiprina kanib\u0101lisma gad\u012bjumus Krievijas armij\u0101. Vien\u0101 no \u0161\u0101diem ierakstiem k\u0101ds Krievijas pilsonis apgalvoja, ka karav\u012bru, kur\u0161 bija atz\u012bts par pazudu\u0161u, paties\u012bb\u0101 ap\u0113dis k\u0101ds dienesta biedrs.<\/p>\n<p>Galven\u0101 izl\u016bko\u0161anas p\u0101rvalde atg\u0101din\u0101ja Krievijas karav\u012briem, ka Ukrainas g\u016bst\u0101 eso\u0161ajiem <a href=\"https:\/\/nra.lv\/birka\/karagustekni\/\" target=\"_blank\" rel=\"noopener nofollow\">karag\u016bstek\u0146iem<\/a> tiek nodro\u0161in\u0101ta p\u0101rtika tr\u012bs reizes dien\u0101. T\u0101 ar\u012b mudin\u0101ja br\u012bvpr\u0101t\u012bgi padoties, izmantojot projektu \u201cEs gribu dz\u012bvot\u201d.<\/p>\n<p>Ukrainas Bru\u0146oto sp\u0113ku \u0122ener\u0101l\u0161t\u0101bs sv\u0113tdien zi\u0146oja, ka Krievijas sp\u0113ki p\u0113d\u0113jo 24 stundu laik\u0101 zaud\u0113ju\u0161i v\u0113l 1130 karav\u012bru.<\/p>\n<p>\t\t\t\t\t\tinfo<\/p>\n<p>Uzzini pirmais<br \/>kas interesants noticis Latvij\u0101 un pasaul\u0113,<br \/>pievienojoties mums <a href=\"https:\/\/t.me\/neatkariga\" rel=\"nofollow\">Telegram<\/a> vai <a href=\"https:\/\/whatsapp.com\/channel\/0029VaMLFUH5K3zLU5s4wm3y\" rel=\"nofollow noopener\" target=\"_blank\">Whatsapp<\/a> kan\u0101l\u0101<\/p>\n","protected":false},"excerpt":{"rendered":"Ukrainas Galven\u0101 izl\u016bko\u0161anas p\u0101rvalde ir publiskojusi audioierakstu, kur\u0101 Zaporo\u017e\u017ej\u0101 disloc\u0113ts Krievijas karav\u012brs pau\u017e gatav\u012bbu \u0137erties pie kanib\u0101lisma nopietna&hellip;\n","protected":false},"author":2,"featured_media":99407,"comment_status":"","ping_status":"","sticky":false,"template":"","format":"standard","meta":{"footnotes":""},"categories":[14],"tags":[23,57,28,29,32,33,22,30,31,35,39,38,36,37,34,40,20,26,27,24,25,54,55,56,21,58],"class_list":{"0":"post-99406","1":"post","2":"type-post","3":"status-publish","4":"format-standard","5":"has-post-thumbnail","7":"category-zinas-no-arvalstim","8":"tag-aktualitates","9":"tag-arvalstim","10":"tag-breaking-news","11":"tag-breakingnews","12":"tag-featured-news","13":"tag-featurednews","14":"tag-headlines","15":"tag-latest-news","16":"tag-latestnews","17":"tag-latvia","18":"tag-latvian","19":"tag-latviesu","20":"tag-latviesu-valoda","21":"tag-latviesuvaloda","22":"tag-latvija","23":"tag-lv","24":"tag-news","25":"tag-popularakas-zinas","26":"tag-popularakaszinas","27":"tag-top-stories","28":"tag-topstories","29":"tag-world","30":"tag-world-news","31":"tag-worldnews","32":"tag-zinas","33":"tag-zinas-no-arvalstim"},"share_on_mastodon":{"url":"https:\/\/pubeurope.com\/@lv\/115865534075492975","error":""},"_links":{"self":[{"href":"https:\/\/www.europesays.com\/lv\/wp-json\/wp\/v2\/posts\/99406","targetHints":{"allow":["GET"]}}],"collection":[{"href":"https:\/\/www.europesays.com\/lv\/wp-json\/wp\/v2\/posts"}],"about":[{"href":"https:\/\/www.europesays.com\/lv\/wp-json\/wp\/v2\/types\/post"}],"author":[{"embeddable":true,"href":"https:\/\/www.europesays.com\/lv\/wp-json\/wp\/v2\/users\/2"}],"replies":[{"embeddable":true,"href":"https:\/\/www.europesays.com\/lv\/wp-json\/wp\/v2\/comments?post=99406"}],"version-history":[{"count":0,"href":"https:\/\/www.europesays.com\/lv\/wp-json\/wp\/v2\/posts\/99406\/revisions"}],"wp:featuredmedia":[{"embeddable":true,"href":"https:\/\/www.europesays.com\/lv\/wp-json\/wp\/v2\/media\/99407"}],"wp:attachment":[{"href":"https:\/\/www.europesays.com\/lv\/wp-json\/wp\/v2\/media?parent=99406"}],"wp:term":[{"taxonomy":"category","embeddable":true,"href":"https:\/\/www.europesays.com\/lv\/wp-json\/wp\/v2\/categories?post=99406"},{"taxonomy":"post_tag","embeddable":true,"href":"https:\/\/www.europesays.com\/lv\/wp-json\/wp\/v2\/tags?post=99406"}],"curies":[{"name":"wp","href":"https:\/\/api.w.org\/{rel}","templated":true}]}}