{"id":99408,"date":"2026-01-09T14:08:31","date_gmt":"2026-01-09T14:08:31","guid":{"rendered":"https:\/\/www.europesays.com\/lv\/99408\/"},"modified":"2026-01-09T14:08:31","modified_gmt":"2026-01-09T14:08:31","slug":"tresais-profesiju-gadatirgus-daugavpili-vienuviet-pulce-18-darba-devejus-un-vairak-neka-1000-jauniesu","status":"publish","type":"post","link":"https:\/\/www.europesays.com\/lv\/99408\/","title":{"rendered":"Tre\u0161ais \u201cProfesiju gadatirgus\u201d Daugavpil\u012b vienuviet pulc\u0113 18 darba dev\u0113jus un vair\u0101k nek\u0101 1000 jaunie\u0161u"},"content":{"rendered":"<p>Ceturtdien, 8. janv\u0101r\u012b, Daugavpils Kult\u016bras pil\u012b jau tre\u0161o reizi norisin\u0101j\u0101s karjeras izgl\u012bt\u012bbas pas\u0101kums \u201cProfesiju gadatirgus\u201d, kur\u0101 7.\u201312. kla\u0161u skol\u0113ni var\u0113ja uzzin\u0101t par karjeras iesp\u0113j\u0101m, ko pied\u0101v\u0101 valsts un pa\u0161vald\u012bbas iest\u0101des, operat\u012bvie dienesti, pils\u0113tas un re\u0123iona uz\u0146\u0113m\u0113ji \u2013 kopum\u0101 18 darba dev\u0113ji.<\/p>\n<p>Pas\u0101kumu organiz\u0113ja Daugavpils pils\u0113tas Izgl\u012bt\u012bbas, jaunatnes un sporta p\u0101rvalde. T\u0101 m\u0113r\u0137is bija sniegt ieskatu jaunie\u0161iem tautsaimniec\u012bbas nozaru un darba tirgus att\u012bst\u012bb\u0101 Daugavpil\u012b un Latgal\u0113, k\u0101 ar\u012b veicin\u0101t savstarp\u0113jo dialogu starp darba dev\u0113jiem un jaunie\u0161iem, lai izprastu, k\u0101du profesiju un jomu speci\u0101listi ir nepiecie\u0161ami tuv\u0101kaj\u0101 un t\u0101l\u0101kaj\u0101 n\u0101kotn\u0113 m\u016bsu pils\u0113t\u0101 un ar\u012b re\u0123ion\u0101, ko darba dev\u0113js sagaida no jaun\u0101 profesion\u0101\u013ca, k\u0101das prasmes, iema\u0146as un zin\u0101\u0161anas b\u016bs k\u0101 v\u0113rt\u012bba un nepiecie\u0161am\u012bba, pl\u0101nojot savu turpm\u0101ko karjeras ce\u013cu.<\/p>\n<p>Pas\u0101kum\u0101 piedal\u012bj\u0101s 18 da\u017e\u0101di uz\u0146\u0113mumi, iest\u0101des un organiz\u0101cijas, pie kuru p\u0101rst\u0101vjiem skol\u0113ni var\u0113ja noskaidrot sev svar\u012bgus jaut\u0101jumus, piem\u0113ram, k\u0101di darbinieki b\u016bs piepras\u012bti uz\u0146\u0113mumos, k\u0101d\u0101m iema\u0146\u0101m un prasm\u0113m j\u0101piem\u012bt topo\u0161ajiem darbiniekiem un k\u0101das darba vietas un izaugsmes iesp\u0113jas tiks pied\u0101v\u0101tas. Jaunie\u0161i ar lielu interesi un aizraut\u012bbu izvaic\u0101ja speci\u0101listus, kas p\u0101rst\u0101v\u0113ja valsts aizsardz\u012bbas un milit\u0101ro, elektronikas un ener\u0123\u0113tikas, IT, p\u0101rtikas r\u016bpniec\u012bbas, viesm\u012bl\u012bbas un t\u016brisma, \u017eurn\u0101listikas un mediju, kult\u016bras, medic\u012bnas, finan\u0161u un uz\u0146\u0113m\u0113jdarb\u012bbas jomu.<\/p>\n<p>Pas\u0101kumu Daugavpils Kult\u016bras pil\u012b apmekl\u0113ja vair\u0101k nek\u0101 1050 visp\u0101r\u0113jas un profesion\u0101l\u0101s izgl\u012bt\u012bbas iest\u0101\u017eu jaunie\u0161u. Profesiju gadatirgus laik\u0101 jaunie\u0161i guva inform\u0101ciju par prakses un darba iesp\u0113j\u0101m vasaras br\u012bvlaik\u0101. Gan jaunie\u0161i, gan darba dev\u0113ji atzina, ka \u0161\u0101da veida pas\u0101kumi ir lieliska iesp\u0113ja veicin\u0101t savstarp\u0113jo dialogu un g\u016bt priek\u0161statu par aktualit\u0101t\u0113m un iesp\u0113j\u0101m darba tirg\u016b.<\/p>\n<p>Daugavpils pils\u0113tas Izgl\u012bt\u012bbas, jaunatnes un sporta p\u0101rvalde pateicas par atsauc\u012bbu un velt\u012bto laiku uz\u0146\u0113mumiem un iest\u0101d\u0113m: Valsts Ugunsdz\u0113s\u012bbas un gl\u0101b\u0161anas dienestam, Valsts policijai, Robe\u017esardzei, Zemessardzes 34. k\u0101jnieku bataljonam, \u201cAxon Cable\u201d, \u201cSadales t\u012bkli\u201d, \u201cNexis Fiber\u201d, \u201cLatvijas Valsts me\u017ei\u201d, \u201cPark Hotel Latgola\u201d, \u201cDaugavpils Kult\u016bras pils\u201d, Nodarbin\u0101t\u012bbas Valsts a\u0123ent\u016brai, Daugavpils Psihoneirolo\u0123iskajai slimn\u012bcai, \u201cLatvijas maiznieks\u201d, Chayka.lv, \u201cSwedbank\u201d, \u201cSMD Baltic\u201d, Daugavpils valstspils\u0113tas pa\u0161vald\u012bbas Att\u012bst\u012bbas departamentam un \u201cLight Guide Optics International\u201d.<\/p>\n<p>          <img decoding=\"async\" src=\"https:\/\/www.europesays.com\/lv\/wp-content\/uploads\/2026\/01\/1767645852_487_logo-lv.png\" alt=\"\"\/><\/p>\n<p>                  \u0160\u012b inform\u0101cija ir publisks pazi\u0146ojums un neatspogu\u013co LV port\u0101la viedokli. Par t\u0101s saturu atbild ies\u016bt\u012bt\u0101js. <a data-popup=\"rules\">Public\u0113\u0161anas noteikumi<\/a><\/p>\n","protected":false},"excerpt":{"rendered":"Ceturtdien, 8. janv\u0101r\u012b, Daugavpils Kult\u016bras pil\u012b jau tre\u0161o reizi norisin\u0101j\u0101s karjeras izgl\u012bt\u012bbas pas\u0101kums \u201cProfesiju gadatirgus\u201d, kur\u0101 7.\u201312. kla\u0161u&hellip;\n","protected":false},"author":2,"featured_media":99409,"comment_status":"","ping_status":"","sticky":false,"template":"","format":"standard","meta":{"footnotes":""},"categories":[12],"tags":[23,28,29,32,33,22,30,31,35,39,38,36,37,34,40,20,26,27,24,25,21],"class_list":{"0":"post-99408","1":"post","2":"type-post","3":"status-publish","4":"format-standard","5":"has-post-thumbnail","7":"category-latvija","8":"tag-aktualitates","9":"tag-breaking-news","10":"tag-breakingnews","11":"tag-featured-news","12":"tag-featurednews","13":"tag-headlines","14":"tag-latest-news","15":"tag-latestnews","16":"tag-latvia","17":"tag-latvian","18":"tag-latviesu","19":"tag-latviesu-valoda","20":"tag-latviesuvaloda","21":"tag-latvija","22":"tag-lv","23":"tag-news","24":"tag-popularakas-zinas","25":"tag-popularakaszinas","26":"tag-top-stories","27":"tag-topstories","28":"tag-zinas"},"share_on_mastodon":{"url":"https:\/\/pubeurope.com\/@lv\/115865538017473868","error":""},"_links":{"self":[{"href":"https:\/\/www.europesays.com\/lv\/wp-json\/wp\/v2\/posts\/99408","targetHints":{"allow":["GET"]}}],"collection":[{"href":"https:\/\/www.europesays.com\/lv\/wp-json\/wp\/v2\/posts"}],"about":[{"href":"https:\/\/www.europesays.com\/lv\/wp-json\/wp\/v2\/types\/post"}],"author":[{"embeddable":true,"href":"https:\/\/www.europesays.com\/lv\/wp-json\/wp\/v2\/users\/2"}],"replies":[{"embeddable":true,"href":"https:\/\/www.europesays.com\/lv\/wp-json\/wp\/v2\/comments?post=99408"}],"version-history":[{"count":0,"href":"https:\/\/www.europesays.com\/lv\/wp-json\/wp\/v2\/posts\/99408\/revisions"}],"wp:featuredmedia":[{"embeddable":true,"href":"https:\/\/www.europesays.com\/lv\/wp-json\/wp\/v2\/media\/99409"}],"wp:attachment":[{"href":"https:\/\/www.europesays.com\/lv\/wp-json\/wp\/v2\/media?parent=99408"}],"wp:term":[{"taxonomy":"category","embeddable":true,"href":"https:\/\/www.europesays.com\/lv\/wp-json\/wp\/v2\/categories?post=99408"},{"taxonomy":"post_tag","embeddable":true,"href":"https:\/\/www.europesays.com\/lv\/wp-json\/wp\/v2\/tags?post=99408"}],"curies":[{"name":"wp","href":"https:\/\/api.w.org\/{rel}","templated":true}]}}