{"id":99410,"date":"2026-01-09T14:09:07","date_gmt":"2026-01-09T14:09:07","guid":{"rendered":"https:\/\/www.europesays.com\/lv\/99410\/"},"modified":"2026-01-09T14:09:07","modified_gmt":"2026-01-09T14:09:07","slug":"par-izmainam-socialas-palidzibas-joma-2026-gada","status":"publish","type":"post","link":"https:\/\/www.europesays.com\/lv\/99410\/","title":{"rendered":"Par izmai\u0146\u0101m soci\u0101l\u0101s pal\u012bdz\u012bbas jom\u0101 2026.gad\u0101"},"content":{"rendered":"<p>\u00a0 \u00a0 \u00a0 \u00a0 \u00a0 \u00a0Palielinoties Centr\u0101l\u0101s statistikas p\u0101rvaldes t\u012bmek\u013cvietn\u0113 public\u0113tajai minim\u0101lo ien\u0101kumu\u00a0 medi\u0101nai uz vienu ekvivalento pat\u0113r\u0113t\u0101ju m\u0113nes\u012b (850,02 euro), 2026.gad\u0101 palielin\u0101sies ar\u012b m\u0101jsaimniec\u012bbu ien\u0101kumu sliek\u0161\u0146i:<\/p>\n<ul>\n<li>Garant\u0113t\u0101 minim\u0101l\u0101 ien\u0101kuma (GMI) slieksnis pirmajai vai vien\u012bgajai personai m\u0101jsaimniec\u012bb\u0101 b\u016bs 187 euro (l\u012bdz \u0161im bija 166 euro), p\u0101r\u0113j\u0101m person\u0101m m\u0101jsaimniec\u012bb\u0101 \u2013 131 euro (l\u012bdz \u0161im \u2013 116 euro);<\/li>\n<li>Tr\u016bc\u012bgas m\u0101jsaimniec\u012bbas ien\u0101kumu slieksnis pirmajai vai vien\u012bgajai personai m\u0101jsaimniec\u012bb\u0101 b\u016bs 425 euro (l\u012bdz \u0161im \u2013 377 euro), p\u0101r\u0113j\u0101m person\u0101m m\u0101jsaimniec\u012bb\u0101 \u2013298 euro (l\u012bdz \u0161im \u2013 264 euro);<\/li>\n<li>Maznodro\u0161in\u0101tas m\u0101jsaimniec\u012bbas ien\u0101kumu slieksnis J\u0113kabpils novada pa\u0161vald\u012bb\u0101 pirmajai vai vien\u012bgajai personai m\u0101jsaimniec\u012bb\u0101 b\u016bs 561 euro (iepriek\u0161 \u2013 498 euro), p\u0101r\u0113j\u0101m person\u0101m m\u0101jsaimniec\u012bb\u0101 \u2013 393 euro (iepriek\u0161 \u2013 349 euro).<\/li>\n<\/ul>\n<p>L\u012bdz ar to, soci\u0101lo pal\u012bdz\u012bbu sa\u0146emt b\u016bs ties\u012bgas m\u0101jsaimniec\u012bbas ar liel\u0101kiem ien\u0101kumiem nek\u0101 iepriek\u0161\u0113j\u0101 gad\u0101.<\/p>\n<p>\u00a0\u00a0\u00a0\u00a0\u00a0\u00a0\u00a0\u00a0\u00a0\u00a0\u00a0 J\u0101piez\u012bm\u0113, ka GMI pabalsta slieksnis un tr\u016bc\u012bgas m\u0101jsaimniec\u012bbas ien\u0101kumu slieksnis vis\u0101 valst\u012b ir vien\u0101ds. Maznodro\u0161in\u0101tas m\u0101jsaimniec\u012bbas ien\u0101kumu slieksni katra pa\u0161vald\u012bba nosaka ar saviem saisto\u0161ajiem noteikumiem. J\u0113kabpils novada pa\u0161vald\u012bbas saisto\u0161ajos noteikumos ir noteikti 66 % no ien\u0101kumu medi\u0101nas.<\/p>\n","protected":false},"excerpt":{"rendered":"\u00a0 \u00a0 \u00a0 \u00a0 \u00a0 \u00a0Palielinoties Centr\u0101l\u0101s statistikas p\u0101rvaldes t\u012bmek\u013cvietn\u0113 public\u0113tajai minim\u0101lo ien\u0101kumu\u00a0 medi\u0101nai uz vienu ekvivalento pat\u0113r\u0113t\u0101ju&hellip;\n","protected":false},"author":2,"featured_media":99411,"comment_status":"","ping_status":"","sticky":false,"template":"","format":"standard","meta":{"footnotes":""},"categories":[5],"tags":[23,28,29,32,33,22,30,31,35,39,38,36,37,34,40,20,26,27,24,25,21],"class_list":{"0":"post-99410","1":"post","2":"type-post","3":"status-publish","4":"format-standard","5":"has-post-thumbnail","7":"category-aktualitates","8":"tag-aktualitates","9":"tag-breaking-news","10":"tag-breakingnews","11":"tag-featured-news","12":"tag-featurednews","13":"tag-headlines","14":"tag-latest-news","15":"tag-latestnews","16":"tag-latvia","17":"tag-latvian","18":"tag-latviesu","19":"tag-latviesu-valoda","20":"tag-latviesuvaloda","21":"tag-latvija","22":"tag-lv","23":"tag-news","24":"tag-popularakas-zinas","25":"tag-popularakaszinas","26":"tag-top-stories","27":"tag-topstories","28":"tag-zinas"},"share_on_mastodon":{"url":"https:\/\/pubeurope.com\/@lv\/115865541872855496","error":""},"_links":{"self":[{"href":"https:\/\/www.europesays.com\/lv\/wp-json\/wp\/v2\/posts\/99410","targetHints":{"allow":["GET"]}}],"collection":[{"href":"https:\/\/www.europesays.com\/lv\/wp-json\/wp\/v2\/posts"}],"about":[{"href":"https:\/\/www.europesays.com\/lv\/wp-json\/wp\/v2\/types\/post"}],"author":[{"embeddable":true,"href":"https:\/\/www.europesays.com\/lv\/wp-json\/wp\/v2\/users\/2"}],"replies":[{"embeddable":true,"href":"https:\/\/www.europesays.com\/lv\/wp-json\/wp\/v2\/comments?post=99410"}],"version-history":[{"count":0,"href":"https:\/\/www.europesays.com\/lv\/wp-json\/wp\/v2\/posts\/99410\/revisions"}],"wp:featuredmedia":[{"embeddable":true,"href":"https:\/\/www.europesays.com\/lv\/wp-json\/wp\/v2\/media\/99411"}],"wp:attachment":[{"href":"https:\/\/www.europesays.com\/lv\/wp-json\/wp\/v2\/media?parent=99410"}],"wp:term":[{"taxonomy":"category","embeddable":true,"href":"https:\/\/www.europesays.com\/lv\/wp-json\/wp\/v2\/categories?post=99410"},{"taxonomy":"post_tag","embeddable":true,"href":"https:\/\/www.europesays.com\/lv\/wp-json\/wp\/v2\/tags?post=99410"}],"curies":[{"name":"wp","href":"https:\/\/api.w.org\/{rel}","templated":true}]}}