{"id":99414,"date":"2026-01-09T14:11:28","date_gmt":"2026-01-09T14:11:28","guid":{"rendered":"https:\/\/www.europesays.com\/lv\/99414\/"},"modified":"2026-01-09T14:11:28","modified_gmt":"2026-01-09T14:11:28","slug":"ilggadejais-%e2%80%b3grobinas%e2%80%b3-sturmanis-dobrecovs-pievienojies-%e2%80%b3leevon-ppk%e2%80%b3-futbols-sportacentrs-com","status":"publish","type":"post","link":"https:\/\/www.europesays.com\/lv\/99414\/","title":{"rendered":"Ilggad\u0113jais \u2033Grobi\u0146as\u2033 st\u016brmanis Dobrecovs pievienojies \u2033Leevon PPK\u2033 \u2013 Futbols \u2013 Sportacentrs.com"},"content":{"rendered":"<p>Dobrecovs aizvad\u012bt\u0101 gada septembr\u012b tika atbr\u012bvots no \u2033Grobi\u0146as\u2033 galven\u0101 trenera amata, kur\u0101 pavad\u012bja vair\u0101k nek\u0101 piecus sec\u012bgus gadus. Vi\u0146\u0161 \u0161o amatu iepriek\u0161 ie\u0146\u0113ma ar\u012b no 2017. l\u012bdz 2019. gadam.<\/p>\n<p>Tagad k\u013cuvis zin\u0101ms, ka 48 gadus vecais speci\u0101lists pild\u012bs \u2033Leevon PPK\u2033 sporta direktora pien\u0101kumus.<\/p>\n<blockquote class=\"twitter-tweet\">\n<p lang=\"lv\" dir=\"ltr\">Lapni l\u016bgts \u0123imen\u0113! Viktors Dobrecovs &#8211; Leevon PPK jaunais sporta direktors. <a href=\"https:\/\/t.co\/cFZDg8BBoh\" rel=\"nofollow\">pic.twitter.com\/cFZDg8BBoh<\/a><\/p>\n<p>\u2014 LeevonPPK (@LeevonPPK) <a href=\"https:\/\/twitter.com\/LeevonPPK\/status\/2008870991976620195?ref_src=twsrc%5Etfw\" rel=\"nofollow noopener\" target=\"_blank\">January 7, 2026<\/a><\/p><\/blockquote>\n<p>Starp abiem pieg\u0101jieniem \u2033Grobi\u0146as\u2033 st\u016brma\u0146a kr\u0113sl\u0101 Dobrecovs izm\u0113\u0123in\u0101ja sp\u0113kus pie Lietuvas kluba Klaip\u0113das \u2033Atlants\u2033 st\u016bres, tur aizvadot 2019. gada sezonu.<\/p>\n<p>No 2014. l\u012bdz 2016. gadam Dobrecovs pild\u012bja ar\u012b \u2033Liep\u0101jas\u2033 galven\u0101 trenera pien\u0101kumus.<\/p>\n<p>Paral\u0113li darbam klub\u0101 Dobrecovs ie\u0146em ar\u012b Latvijas U19 izlases galven\u0101 strat\u0113\u0123a amatu.<\/p>\n<p>                    <script async src=\"https:\/\/platform.twitter.com\/widgets.js\" charset=\"utf-8\"><\/script><\/p>\n","protected":false},"excerpt":{"rendered":"Dobrecovs aizvad\u012bt\u0101 gada septembr\u012b tika atbr\u012bvots no \u2033Grobi\u0146as\u2033 galven\u0101 trenera amata, kur\u0101 pavad\u012bja vair\u0101k nek\u0101 piecus sec\u012bgus gadus.&hellip;\n","protected":false},"author":2,"featured_media":99415,"comment_status":"","ping_status":"","sticky":false,"template":"","format":"standard","meta":{"footnotes":""},"categories":[17],"tags":[676,35,39,38,36,37,34,40,67],"class_list":{"0":"post-99414","1":"post","2":"type-post","3":"status-publish","4":"format-standard","5":"has-post-thumbnail","7":"category-sports","8":"tag-futbols","9":"tag-latvia","10":"tag-latvian","11":"tag-latviesu","12":"tag-latviesu-valoda","13":"tag-latviesuvaloda","14":"tag-latvija","15":"tag-lv","16":"tag-sports"},"share_on_mastodon":{"url":"https:\/\/pubeurope.com\/@lv\/115865549882053740","error":""},"_links":{"self":[{"href":"https:\/\/www.europesays.com\/lv\/wp-json\/wp\/v2\/posts\/99414","targetHints":{"allow":["GET"]}}],"collection":[{"href":"https:\/\/www.europesays.com\/lv\/wp-json\/wp\/v2\/posts"}],"about":[{"href":"https:\/\/www.europesays.com\/lv\/wp-json\/wp\/v2\/types\/post"}],"author":[{"embeddable":true,"href":"https:\/\/www.europesays.com\/lv\/wp-json\/wp\/v2\/users\/2"}],"replies":[{"embeddable":true,"href":"https:\/\/www.europesays.com\/lv\/wp-json\/wp\/v2\/comments?post=99414"}],"version-history":[{"count":0,"href":"https:\/\/www.europesays.com\/lv\/wp-json\/wp\/v2\/posts\/99414\/revisions"}],"wp:featuredmedia":[{"embeddable":true,"href":"https:\/\/www.europesays.com\/lv\/wp-json\/wp\/v2\/media\/99415"}],"wp:attachment":[{"href":"https:\/\/www.europesays.com\/lv\/wp-json\/wp\/v2\/media?parent=99414"}],"wp:term":[{"taxonomy":"category","embeddable":true,"href":"https:\/\/www.europesays.com\/lv\/wp-json\/wp\/v2\/categories?post=99414"},{"taxonomy":"post_tag","embeddable":true,"href":"https:\/\/www.europesays.com\/lv\/wp-json\/wp\/v2\/tags?post=99414"}],"curies":[{"name":"wp","href":"https:\/\/api.w.org\/{rel}","templated":true}]}}