{"id":99416,"date":"2026-01-09T14:12:09","date_gmt":"2026-01-09T14:12:09","guid":{"rendered":"https:\/\/www.europesays.com\/lv\/99416\/"},"modified":"2026-01-09T14:12:09","modified_gmt":"2026-01-09T14:12:09","slug":"kas-mainijies-tarifu-planos-un-ka-tas-ietekmes-tavu-nakamo-rekinu","status":"publish","type":"post","link":"https:\/\/www.europesays.com\/lv\/99416\/","title":{"rendered":"kas main\u012bjies tarifu pl\u0101nos un k\u0101 tas ietekm\u0113s tavu n\u0101kamo r\u0113\u0137inu"},"content":{"rendered":"<p><img loading=\"lazy\" decoding=\"async\" class=\"lazy lazy-hidden alignnone size-full wp-image-238812\" src=\"data:image\/gif;base64,R0lGODlhAQABAIAAAAAAAP\/\/\/yH5BAEAAAAALAAAAAABAAEAAAIBRAA7\" data-lazy-type=\"image\" data-lazy-src=\"https:\/\/www.europesays.com\/lv\/wp-content\/uploads\/2026\/01\/laiks.jpg\" alt=\"\" width=\"920\" height=\"573\" data-lazy- data-lazy-\/><\/p>\n<p>Telekomunik\u0101ciju operators \u201cTele2\u201d ir uzs\u0101cis klientu inform\u0113\u0161anu par izmai\u0146\u0101m pakalpojumu cenr\u0101d\u012b, kas st\u0101sies sp\u0113k\u0101 tuv\u0101kaj\u0101 laik\u0101. Jaun\u0101 k\u0101rt\u012bba visvair\u0101k ietekm\u0113s tos lietot\u0101jus, kuri ieradu\u0161i ikdienas jaut\u0101jumus risin\u0101t ar informat\u012bvo dienestu starpniec\u012bbu, jo turpm\u0101k par \u0161o sazi\u0146u tiks piem\u0113rota fiks\u0113ta maksa.<\/p>\n<p>Uz\u0146\u0113mums \u0161o soli pamato ar nepiecie\u0161am\u012bbu standartiz\u0113t maksas sist\u0113mu un nodro\u0161in\u0101t piln\u012bgu caurskat\u0101m\u012bbu. Jaun\u0101 pieeja \u013cau\u0161ot klientiem prec\u012bz\u0101k pl\u0101not savus izdevumus, skaidri zinot izmaksas v\u0113l pirms savienojuma izveides, vienlaikus mudinot pirc\u0113jus bie\u017e\u0101k izmantot modernos digit\u0101l\u0101s pa\u0161apkalpo\u0161an\u0101s r\u012bkus.<\/p>\n<p><a href=\"https:\/\/dzentlmenis.lv\/kapec-ziema-zem-majas-jumta-uzkrajas-mitrums-un-ka-to-atri-noverst-pirms-sakas-bojajumi\/238200\/\" rel=\"nofollow noopener\" target=\"_blank\"><img class=\"lazy lazy-hidden\" decoding=\"async\" src=\"data:image\/gif;base64,R0lGODlhAQABAIAAAAAAAP\/\/\/yH5BAEAAAAALAAAAAABAAEAAAIBRAA7\" data-lazy-type=\"image\" data-lazy-src=\"https:\/\/www.europesays.com\/lv\/wp-content\/uploads\/2026\/01\/lodzins2.jpg\" data-lazy- alt=\"K\u0101p\u0113c ziem\u0101 zem m\u0101jas jumta uzkr\u0101jas mitrums un k\u0101 to \u0101tri nov\u0113rst,  pirms s\u0101kas boj\u0101jumi\"\/><\/a>\u0160obr\u012bd citi lasa<a class=\"monsterinsights-inline-popular-posts-title\" href=\"https:\/\/dzentlmenis.lv\/kapec-ziema-zem-majas-jumta-uzkrajas-mitrums-un-ka-to-atri-noverst-pirms-sakas-bojajumi\/238200\/\" rel=\"nofollow noopener\" target=\"_blank\">K\u0101p\u0113c ziem\u0101 zem m\u0101jas jumta uzkr\u0101jas mitrums un k\u0101 to \u0101tri nov\u0113rst,  pirms s\u0101kas boj\u0101jumi<\/a><br \/>\nSvar\u012bg\u0101kie datumi: kad st\u0101jas sp\u0113k\u0101 jaunie tarifi?<\/p>\n<p>Saska\u0146\u0101 ar Sabiedrisko pakalpojumu regul\u0113\u0161anas komisijas (SPRK) noteikumiem un labas p\u0101rvald\u012bbas praksi, klienti par b\u016btisk\u0101m izmai\u0146\u0101m tiek br\u012bdin\u0101ti vismaz m\u0113nesi iepriek\u0161. \u0160obr\u012bd \u201cTele2\u201d klienti savos person\u012bgajos pazi\u0146ojumos un r\u0113\u0137inu pielikumos sa\u0146em inform\u0101ciju, ka jaunie noteikumi st\u0101sies sp\u0113k\u0101 no 2026. gada 1. marta.<\/p>\n<p>Izmai\u0146as attiecas uz zvaniem uz \u0161\u0101diem informat\u012bv\u0101 dienesta numuriem:<\/p>\n<p>1600 un 29560600 (\u201cTele2\u201d priv\u0101tpersonu klientiem)<\/p>\n<p>1676 un 29560676 (\u201cZelta Zivti\u0146as\u201d lietot\u0101jiem)<\/p>\n<p>Turpm\u0101k par katru \u0161\u0101du savienojumu tiks piem\u0113rota fiks\u0113ta maksa 0,29 eiro apm\u0113r\u0101 (ieskaitot PVN). Tas noz\u012bm\u0113, ka maksa b\u016bs nemain\u012bga neatkar\u012bgi no t\u0101, cik ilgu laiku aiz\u0146ems saruna ar operatoru.<\/p>\n<p><img loading=\"lazy\" decoding=\"async\" class=\"lazy lazy-hidden alignnone size-full wp-image-238813\" src=\"data:image\/gif;base64,R0lGODlhAQABAIAAAAAAAP\/\/\/yH5BAEAAAAALAAAAAABAAEAAAIBRAA7\" data-lazy-type=\"image\" data-lazy-src=\"https:\/\/www.europesays.com\/lv\/wp-content\/uploads\/2026\/01\/202937.jpg\" alt=\"\" width=\"900\" height=\"600\" data-lazy- data-lazy-\/><br \/>Kurus klientus izmai\u0146as neskars?<\/p>\n<p>Operators ir paredz\u0113jis vair\u0101kus iz\u0146\u0113mumus, lai pasarg\u0101tu soci\u0101li jut\u012bg\u0101k\u0101s sabiedr\u012bbas grupas un saglab\u0101tu stabilus nosac\u012bjumus specifisku tarifu pl\u0101nu lietot\u0101jiem. Pakalpojuma maksa saglab\u0101sies nemain\u012bga \u0161\u0101diem klientiem:<\/p>\n<p>Senioru tarifu pl\u0101ni: \u201cZelta Zivti\u0146a Seniori Bezlimits\u201d, \u201cZelta Zivti\u0146a Seniori 4 GB\u201d un \u201cZelta Zivti\u0146a Seniori 1 GB\u201d.<\/p>\n<p>\u012apa\u0161ie pied\u0101v\u0101jumi: Tarifu pl\u0101ns \u201c4 GB senioriem\u201d un \u201cNr. 3\u201d lietot\u0101ji.<\/p>\n<p><a href=\"https:\/\/dzentlmenis.lv\/sniega-tirisana-bez-liekas-piepules-ar-ko-asptradat-lapstu-lai-sniegs-pie-tas-nepieliptu-pat-pie-nulles\/163044\/\" rel=\"nofollow noopener\" target=\"_blank\"><img class=\"lazy lazy-hidden\" decoding=\"async\" src=\"data:image\/gif;base64,R0lGODlhAQABAIAAAAAAAP\/\/\/yH5BAEAAAAALAAAAAABAAEAAAIBRAA7\" data-lazy-type=\"image\" data-lazy-src=\"https:\/\/www.europesays.com\/lv\/wp-content\/uploads\/2026\/01\/lapsta.jpg\" data-lazy- alt=\"Sniega t\u012br\u012b\u0161ana bez liekas piep\u016bles: ar ko apstr\u0101d\u0101t l\u0101pstu, lai sniegs pie t\u0101s nepieliptu pat pie nulles gr\u0101diem\"\/><\/a>\u0160obr\u012bd citi lasa<a class=\"monsterinsights-inline-popular-posts-title\" href=\"https:\/\/dzentlmenis.lv\/sniega-tirisana-bez-liekas-piepules-ar-ko-asptradat-lapstu-lai-sniegs-pie-tas-nepieliptu-pat-pie-nulles\/163044\/\" rel=\"nofollow noopener\" target=\"_blank\">Sniega t\u012br\u012b\u0161ana bez liekas piep\u016bles: ar ko apstr\u0101d\u0101t l\u0101pstu, lai sniegs pie t\u0101s nepieliptu pat pie nulles gr\u0101diem<\/a><\/p>\n<p>Priek\u0161apmaksa: Ar\u012b daudziem citiem \u201cZelta Zivti\u0146as\u201d priek\u0161apmaksas klientiem pakalpojuma izmaksas paliks eso\u0161aj\u0101 l\u012bmen\u012b, nodro\u0161inot prognoz\u0113jamu t\u0113ri\u0146u sist\u0113mu.<\/p>\n<p>K\u0101p\u0113c operatori ievie\u0161 \u0161\u0101das izmai\u0146as?<\/p>\n<p>Nozares eksperti skaidro, ka fiks\u0113tas savienojuma maksas ievie\u0161ana ir strat\u0113\u0123isks solis, lai mazin\u0101tu slodzi uz zvanu centriem. Zvans operatoram ir viens no d\u0101rg\u0101kajiem klientu servisa veidiem, t\u0101p\u0113c uz\u0146\u0113mumi motiv\u0113 klientus prim\u0101ri izmantot m\u0101ksl\u012bg\u0101 intelekta \u010datbotus vai pa\u0161apkalpo\u0161an\u0101s lietotnes, kas ir pieejamas bez maksas jebkur\u0101 diennakts laik\u0101.<\/p>\n<p>Turkl\u0101t fiks\u0113ta maksa par savienojumu (nevis par min\u016bti) noz\u012bm\u0113, ka klients prec\u012bzi zina summu jau pirms numura sast\u0101d\u012b\u0161anas, un r\u0113\u0137inu neietekm\u0113s sarunas garums.<\/p>\n<p style=\"text-align: justify;\"><img loading=\"lazy\" decoding=\"async\" class=\"lazy lazy-hidden alignnone size-full wp-image-238814\" src=\"data:image\/gif;base64,R0lGODlhAQABAIAAAAAAAP\/\/\/yH5BAEAAAAALAAAAAABAAEAAAIBRAA7\" data-lazy-type=\"image\" data-lazy-src=\"https:\/\/www.europesays.com\/lv\/wp-content\/uploads\/2026\/01\/2149031727.jpg\" alt=\"\" width=\"900\" height=\"600\" data-lazy- data-lazy-\/><\/p>\n<p>Praktiski padomi: K\u0101 r\u012bkoties, lai nezaud\u0113tu naudu?<\/p>\n<p>Lai izvair\u012btos no papildu maksas sav\u0101 n\u0101kamaj\u0101 r\u0113\u0137in\u0101 un r\u012bkotos finansi\u0101li gudri, ieteicams ieviest da\u017eas izmai\u0146as ikdienas paradumos:<\/p>\n<p><a href=\"https:\/\/dzentlmenis.lv\/es-vienmer-ielieku-pogu-ledusskapi-radi-smejas-bet-tad-vini-saka-darit-to-pasu-stastu-kapec-to-darit\/238357\/\" rel=\"nofollow noopener\" target=\"_blank\"><img class=\"lazy lazy-hidden\" decoding=\"async\" src=\"data:image\/gif;base64,R0lGODlhAQABAIAAAAAAAP\/\/\/yH5BAEAAAAALAAAAAABAAEAAAIBRAA7\" data-lazy-type=\"image\" data-lazy-src=\"https:\/\/www.europesays.com\/lv\/wp-content\/uploads\/2026\/01\/Ekranuznemums-2026-01-08-075026.jpg\" data-lazy- alt=\"Es vienm\u0113r ielieku pogu ledusskap\u012b; radi sm\u0113j\u0101s, bet tad vi\u0146i s\u0101ka dar\u012bt to pa\u0161u \u2013 st\u0101stu k\u0101p\u0113c to dar\u012bt\"\/><\/a>\u0160obr\u012bd citi lasa<a class=\"monsterinsights-inline-popular-posts-title\" href=\"https:\/\/dzentlmenis.lv\/es-vienmer-ielieku-pogu-ledusskapi-radi-smejas-bet-tad-vini-saka-darit-to-pasu-stastu-kapec-to-darit\/238357\/\" rel=\"nofollow noopener\" target=\"_blank\">Es vienm\u0113r ielieku pogu ledusskap\u012b; radi sm\u0113j\u0101s, bet tad vi\u0146i s\u0101ka dar\u012bt to pa\u0161u \u2013 st\u0101stu k\u0101p\u0113c to dar\u012bt<\/a><\/p>\n<p>P\u0101rbaudiet savu r\u0113\u0137inu: Ofici\u0101lo inform\u0101ciju par izmai\u0146\u0101m tie\u0161i j\u016bsu tarifu pl\u0101nam mekl\u0113jiet p\u0113d\u0113j\u0101 sa\u0146emtaj\u0101 r\u0113\u0137in\u0101 vai pa\u0161apkalpo\u0161an\u0101s port\u0101l\u0101 \u201cMana Tele2\u201d.<\/p>\n<p>Izmantojiet pa\u0161apkalpo\u0161an\u0101s lietotni: Liel\u0101ko da\u013cu jaut\u0101jumu (r\u0113\u0137inu apmaksa, datu papildin\u0101\u0161ana) lietotn\u0113 var atrisin\u0101t bez maksas.<\/p>\n<p>\u010cats un digit\u0101lie asistenti: Pirms zvan\u012b\u0161anas m\u0113\u0123iniet sazin\u0101ties ar operatoru m\u0101jaslapas \u010dat\u0101 \u2013 m\u0101ksl\u012bgais intelekts sniedz atbildes acumirkl\u012b un bez maksas.<\/p>\n<p>Ziniet savas ties\u012bbas: Ja operators veic izmai\u0146as tarifos, kas palielina j\u016bsu izdevumus, jums ir ties\u012bbas viena m\u0113ne\u0161a laik\u0101 no pazi\u0146ojuma sa\u0146em\u0161anas dienas lauzt l\u012bgumu bez l\u012bgumsoda samaksas.<\/p>\n<p>Pirms katra zvana veik\u0161anas izv\u0113rt\u0113jiet t\u0101 lietder\u012bbu un p\u0101rliecinieties, vai atbildi uz savu jaut\u0101jumu nevarat atrast digit\u0101lajos kan\u0101los. Tas pal\u012bdz\u0113s saglab\u0101t j\u016bsu r\u0113\u0137inu nemain\u012bgu un ietaup\u012bs laiku.<\/p>\n<p>Vai j\u016bs ikdien\u0101 izmantojat operatoru lietotnes, vai tom\u0113r dodat priek\u0161roku sazi\u0146ai ar \u201c\u012bstu\u201d cilv\u0113ku, pat ja par to ir j\u0101maks\u0101? Dalieties ar savu pieredzi koment\u0101ros!<\/p>\n","protected":false},"excerpt":{"rendered":"Telekomunik\u0101ciju operators \u201cTele2\u201d ir uzs\u0101cis klientu inform\u0113\u0161anu par izmai\u0146\u0101m pakalpojumu cenr\u0101d\u012b, kas st\u0101sies sp\u0113k\u0101 tuv\u0101kaj\u0101 laik\u0101. Jaun\u0101 k\u0101rt\u012bba&hellip;\n","protected":false},"author":2,"featured_media":99417,"comment_status":"","ping_status":"","sticky":false,"template":"","format":"standard","meta":{"footnotes":""},"categories":[16],"tags":[77,76,35,39,38,36,37,34,40],"class_list":{"0":"post-99416","1":"post","2":"type-post","3":"status-publish","4":"format-standard","5":"has-post-thumbnail","7":"category-bizness","8":"tag-bizness","9":"tag-business","10":"tag-latvia","11":"tag-latvian","12":"tag-latviesu","13":"tag-latviesu-valoda","14":"tag-latviesuvaloda","15":"tag-latvija","16":"tag-lv"},"share_on_mastodon":{"url":"https:\/\/pubeurope.com\/@lv\/115865553735589649","error":""},"_links":{"self":[{"href":"https:\/\/www.europesays.com\/lv\/wp-json\/wp\/v2\/posts\/99416","targetHints":{"allow":["GET"]}}],"collection":[{"href":"https:\/\/www.europesays.com\/lv\/wp-json\/wp\/v2\/posts"}],"about":[{"href":"https:\/\/www.europesays.com\/lv\/wp-json\/wp\/v2\/types\/post"}],"author":[{"embeddable":true,"href":"https:\/\/www.europesays.com\/lv\/wp-json\/wp\/v2\/users\/2"}],"replies":[{"embeddable":true,"href":"https:\/\/www.europesays.com\/lv\/wp-json\/wp\/v2\/comments?post=99416"}],"version-history":[{"count":0,"href":"https:\/\/www.europesays.com\/lv\/wp-json\/wp\/v2\/posts\/99416\/revisions"}],"wp:featuredmedia":[{"embeddable":true,"href":"https:\/\/www.europesays.com\/lv\/wp-json\/wp\/v2\/media\/99417"}],"wp:attachment":[{"href":"https:\/\/www.europesays.com\/lv\/wp-json\/wp\/v2\/media?parent=99416"}],"wp:term":[{"taxonomy":"category","embeddable":true,"href":"https:\/\/www.europesays.com\/lv\/wp-json\/wp\/v2\/categories?post=99416"},{"taxonomy":"post_tag","embeddable":true,"href":"https:\/\/www.europesays.com\/lv\/wp-json\/wp\/v2\/tags?post=99416"}],"curies":[{"name":"wp","href":"https:\/\/api.w.org\/{rel}","templated":true}]}}