{"id":99418,"date":"2026-01-09T14:13:08","date_gmt":"2026-01-09T14:13:08","guid":{"rendered":"https:\/\/www.europesays.com\/lv\/99418\/"},"modified":"2026-01-09T14:13:08","modified_gmt":"2026-01-09T14:13:08","slug":"novembri-butiski-samazinajas-eksports-uz-nvs-un-citam-valstim","status":"publish","type":"post","link":"https:\/\/www.europesays.com\/lv\/99418\/","title":{"rendered":"Novembr\u012b b\u016btiski samazin\u0101j\u0101s eksports uz NVS un cit\u0101m valst\u012bm"},"content":{"rendered":"<p>Novembr\u012b pre\u010du eksporta samazin\u0101jumu par 5,6% b\u016btiski ietekm\u0113ja eksporta kritums uz NVS valst\u012bm, k\u0101 ar\u012b graudaugu un koksnes un t\u0101s izstr\u0101d\u0101jumu eksporta samazin\u0101jums uz cit\u0101m valst\u012bm \u0101rpus ES. Savuk\u0101rt uz galveno eksporta partneri \u2013 ES valst\u012bm \u2013, kas veido 80% no kop\u0113j\u0101 Latvijas eksporta tirgus, eksporta apjomi novembr\u012b turpin\u0101ja stabili augt.<\/p>\n<p>NVS valstu grup\u0101 b\u016btiski samazin\u0101j\u0101s dz\u0113rienu, farm\u0101cijas produktu, ap\u0123\u0113rbu un citu pre\u010du eksports uz Krieviju. Kopum\u0101 eksports uz Krieviju samazin\u0101j\u0101s par 33%. \u0160\u0101da tendence liecina par pieaugo\u0161\u0101m probl\u0113m\u0101m Krievijas ekonomik\u0101, kas atspogu\u013cojas arvien v\u0101j\u0101k\u0101 iedz\u012bvot\u0101ju pirktsp\u0113j\u0101 un kop\u0113j\u0101 \u0101r\u0113j\u0101 piepras\u012bjum\u0101. \u0160\u0101da tendence b\u016bs v\u0113rojama ar\u012b n\u0101kamos m\u0113ne\u0161os.<\/p>\n<p>T\u0101pat b\u016btiski eksporta apjomi samazin\u0101j\u0101s uz cit\u0101m valst\u012bm \u0101rpus ES. Tas galvenok\u0101rt ir saist\u012bts ar v\u0101ju koksnes un to izstr\u0101d\u0101jumu eksportu (Norv\u0113\u0123ija, ASV, Apvienot\u0101 Karaliste), k\u0101 ar\u012b b\u016btisku graudaugu eksporta apjomu kritumu (Angola, Apvienot\u0101 Karaliste) \u0161aj\u0101 m\u0113nes\u012b. J\u0101\u0146em v\u0113r\u0101, ka sal\u012bdzino\u0161i slikt\u0101s graudaugu ra\u017eas d\u0113\u013c graudaugu eksporta apjomi ar\u012b n\u0101kam\u0101 gada pirmaj\u0101 pus\u0113 b\u016bs zem\u0101ki nek\u0101 pirms gada.<\/p>\n<p>Savuk\u0101rt eksporta apjomi uz ES valst\u012bm pieauga par 7,4%, ko b\u016btiski veicin\u0101ja eksporta pieaugums uz V\u0101ciju, Lietuvu, It\u0101liju, Sp\u0101niju un cit\u0101m ES valst\u012bm. Tas liecina par stabilu \u0101r\u0113jo piepras\u012bjumu galvenaj\u0101s tirdzniec\u012bbas partnervalst\u012bs un uz\u0146\u0113m\u0113ju sp\u0113ju \u0101tri un elast\u012bgi piel\u0101goties sv\u0101rst\u012bgajiem apst\u0101k\u013ciem.<\/p>\n<p>Glob\u0101l\u0101s ekonomikas nenoteikt\u012bba, \u0123eopolitiskie riski un pieg\u0101des \u0137\u0113\u017eu trauc\u0113jumi prasa \u012bpa\u0161u mobilit\u0101ti un r\u012bc\u012bbsp\u0113ju, kas ir svar\u012bga Latvijas uz\u0146\u0113mumiem, lai saglab\u0101tu konkur\u0113tsp\u0113ju situ\u0101cij\u0101s, kad kop\u0113jie eksporta apjomi \u012bslaic\u012bgi samazin\u0101s.<\/p>\n<p>Kopum\u0101 2025. gada janv\u0101r\u012b\u2013novembr\u012b pre\u010du eksporta apjomi par 3,7% p\u0101rsniedza iepriek\u0161\u0113j\u0101 gada l\u012bmeni. To b\u016btiski ietekm\u0113ja miner\u0101lo produktu, elektroier\u012b\u010du un iek\u0101rtu, k\u0101 ar\u012b meh\u0101nismu eksporta v\u0113rt\u012bbas palielin\u0101jums. Paredzams, ka ar\u012b 2025. gad\u0101 kopum\u0101 pre\u010du eksporta izaugsme b\u016bs aptuveni 4%.<\/p>\n<p>Novembr\u012b gada griezum\u0101 \u2013 par 7,4% \u2013 turpin\u0101ja augt importa v\u0113rt\u012bba. \u0160o pieaugumu pozit\u012bvi ietekm\u0113ja elektroier\u012b\u010du un iek\u0101rtu, meh\u0101nismu, sauszemes transportl\u012bdzek\u013cu un miner\u0101lo produktu importa izaugsme. B\u016btiski pieauga imports no ES un cit\u0101m valst\u012bm, iz\u0146emot NVS valstis. Imports no NVS valst\u012bm novembr\u012b turpin\u0101ja strauji sarukt \u2013 par 55% \u2013, sal\u012bdzinot ar 2024. gada novembri. Kopum\u0101 2025. gada vienpadsmit m\u0113ne\u0161os pre\u010du importa apjomi bija par 7,4% liel\u0101ki nek\u0101 pirms gada. \u0160o pieaugumu b\u016btisk\u0101k ietekm\u0113ja meh\u0101nismu un ier\u012b\u010du, miner\u0101lo produktu un \u0137\u012bmisk\u0101s r\u016bpniec\u012bbas pre\u010du importa pieaugums.<\/p>\n<p>          <img decoding=\"async\" src=\"https:\/\/www.europesays.com\/lv\/wp-content\/uploads\/2026\/01\/1767645852_487_logo-lv.png\" alt=\"\"\/><\/p>\n<p>                  \u0160\u012b inform\u0101cija ir publisks pazi\u0146ojums un neatspogu\u013co LV port\u0101la viedokli. Par t\u0101s saturu atbild ies\u016bt\u012bt\u0101js. <a data-popup=\"rules\">Public\u0113\u0161anas noteikumi<\/a><\/p>\n","protected":false},"excerpt":{"rendered":"Novembr\u012b pre\u010du eksporta samazin\u0101jumu par 5,6% b\u016btiski ietekm\u0113ja eksporta kritums uz NVS valst\u012bm, k\u0101 ar\u012b graudaugu un koksnes&hellip;\n","protected":false},"author":2,"featured_media":99419,"comment_status":"","ping_status":"","sticky":false,"template":"","format":"standard","meta":{"footnotes":""},"categories":[14],"tags":[23,57,28,29,32,33,22,30,31,35,39,38,36,37,34,40,20,26,27,24,25,54,55,56,21,58],"class_list":{"0":"post-99418","1":"post","2":"type-post","3":"status-publish","4":"format-standard","5":"has-post-thumbnail","7":"category-zinas-no-arvalstim","8":"tag-aktualitates","9":"tag-arvalstim","10":"tag-breaking-news","11":"tag-breakingnews","12":"tag-featured-news","13":"tag-featurednews","14":"tag-headlines","15":"tag-latest-news","16":"tag-latestnews","17":"tag-latvia","18":"tag-latvian","19":"tag-latviesu","20":"tag-latviesu-valoda","21":"tag-latviesuvaloda","22":"tag-latvija","23":"tag-lv","24":"tag-news","25":"tag-popularakas-zinas","26":"tag-popularakaszinas","27":"tag-top-stories","28":"tag-topstories","29":"tag-world","30":"tag-world-news","31":"tag-worldnews","32":"tag-zinas","33":"tag-zinas-no-arvalstim"},"share_on_mastodon":{"url":"https:\/\/pubeurope.com\/@lv\/115865557847092018","error":""},"_links":{"self":[{"href":"https:\/\/www.europesays.com\/lv\/wp-json\/wp\/v2\/posts\/99418","targetHints":{"allow":["GET"]}}],"collection":[{"href":"https:\/\/www.europesays.com\/lv\/wp-json\/wp\/v2\/posts"}],"about":[{"href":"https:\/\/www.europesays.com\/lv\/wp-json\/wp\/v2\/types\/post"}],"author":[{"embeddable":true,"href":"https:\/\/www.europesays.com\/lv\/wp-json\/wp\/v2\/users\/2"}],"replies":[{"embeddable":true,"href":"https:\/\/www.europesays.com\/lv\/wp-json\/wp\/v2\/comments?post=99418"}],"version-history":[{"count":0,"href":"https:\/\/www.europesays.com\/lv\/wp-json\/wp\/v2\/posts\/99418\/revisions"}],"wp:featuredmedia":[{"embeddable":true,"href":"https:\/\/www.europesays.com\/lv\/wp-json\/wp\/v2\/media\/99419"}],"wp:attachment":[{"href":"https:\/\/www.europesays.com\/lv\/wp-json\/wp\/v2\/media?parent=99418"}],"wp:term":[{"taxonomy":"category","embeddable":true,"href":"https:\/\/www.europesays.com\/lv\/wp-json\/wp\/v2\/categories?post=99418"},{"taxonomy":"post_tag","embeddable":true,"href":"https:\/\/www.europesays.com\/lv\/wp-json\/wp\/v2\/tags?post=99418"}],"curies":[{"name":"wp","href":"https:\/\/api.w.org\/{rel}","templated":true}]}}