{"id":99420,"date":"2026-01-09T14:14:07","date_gmt":"2026-01-09T14:14:07","guid":{"rendered":"https:\/\/www.europesays.com\/lv\/99420\/"},"modified":"2026-01-09T14:14:07","modified_gmt":"2026-01-09T14:14:07","slug":"rosina-ministra-atceltiem-meriem-uz-vairakiem-sasaukumiem-liegt-atkartoti-pretendet-uz-amatu-raksts","status":"publish","type":"post","link":"https:\/\/www.europesays.com\/lv\/99420\/","title":{"rendered":"Rosina ministra atceltiem m\u0113riem uz vair\u0101kiem sasaukumiem liegt atk\u0101rtoti pretend\u0113t uz amatu \/ Raksts"},"content":{"rendered":"<p>Bijus\u012b vides aizsardz\u012bbas un re\u0123ion\u0101l\u0101s att\u012bst\u012bbas ministre un Kuld\u012bgas domes priek\u0161\u0113d\u0113t\u0101ja, eso\u0161\u0101 Saeimas deput\u0101te Inga B\u0113rzi\u0146a (&#8220;Jaun\u0101 Vienot\u012bba&#8221;) aicina groz\u012bt Pa\u0161vald\u012bbu likumu, lai liegtu par p\u0101rk\u0101pumiem atceltiem pa\u0161vald\u012bbu domju priek\u0161s\u0113d\u0113t\u0101jiem vair\u0101kus sasaukumus atk\u0101rtoti pretend\u0113t uz \u0161o amatu.<\/p>\n<p>                Ko paredz priek\u0161likums<\/p>\n<p>B\u0113rzi\u0146a aicina jaun\u0101 redakcij\u0101 izteikt Pa\u0161vald\u012bbu likuma 69. panta sesto da\u013cu, nosakot, ka persona, kura saska\u0146\u0101 ar panta piekto da\u013cu ir atlaista no pa\u0161vald\u012bbas domes priek\u0161s\u0113d\u0113t\u0101ja amata, atk\u0101rtoti nevar tikt izvirz\u012bta par domes priek\u0161s\u0113d\u0113t\u0101ju ne t\u0101 pa\u0161a\u00a0domes sasaukuma laik\u0101, ne ar\u012b n\u0101kamajos divos sasaukumos.<\/p>\n<p>Jaunais ierobe\u017eojums<\/p>\n<blockquote>\n<p>attiektos uz tiem m\u0113riem, kurus no amata p\u0101rk\u0101pumu d\u0113\u013c atc\u0113lis nozari uzraugo\u0161ais ministrs.<\/p>\n<\/blockquote>\n<p>B\u0113rzi\u0146as piesaukt\u0101 Pa\u0161vald\u012bbu likuma 69. panta piekt\u0101 da\u013ca nosaka \u2013\u00a0ja tiesa noraida domes priek\u0161s\u0113d\u0113t\u0101ja pieteikumu par re\u0123ion\u0101l\u0101s att\u012bst\u012bbas ministra r\u012bkojuma atcel\u0161anu, uzskat\u0101ms, ka domes priek\u0161s\u0113d\u0113t\u0101js ir atlaists ar dienu, kad st\u0101jas sp\u0113k\u0101 tiesas spriedums, attiec\u012bgi iecer\u0113tais liegums attiektos tikai uz \u0161\u0101diem atlai\u0161anas gad\u012bjumiem.<\/p>\n<p>Groz\u012bjumi Barta\u0161evi\u010da d\u0113\u013c<\/p>\n<p>B\u0113rzi\u0146a\u00a0a\u0123ent\u016brai LETA pauda, ka \u0161\u012b ir vi\u0146as iniciat\u012bva, kas v\u0113l nav p\u0101rrun\u0101ta &#8220;Jaun\u0101s Vienot\u012bbas&#8221; Saeimas frakcij\u0101.<\/p>\n<p>&#8220;Manis atst\u0101din\u0101tais R\u0113zeknes m\u0113rs [Aleksandrs Barta\u0161evi\u010ds] jau <a href=\"https:\/\/www.lsm.lv\/raksts\/zinas\/latvija\/19.12.2025-ari-otra-instance-bartasevica-atstadinasanu-no-rezeknes-mera-amata-atzist-par-tiesisku.a627205\/\" class=\"lsm-link\" data-type=\"article\" data-id=\"627205\" rel=\"nofollow noopener\" target=\"_blank\">ir zaud\u0113jis divas tiesas<\/a>. Beidzamais laiks groz\u012bt likumu, lai pamatoti atst\u0101din\u0101ts m\u0113rs nevar b\u016bt m\u0113rs ar\u012b n\u0101kamaj\u0101 sasaukum\u0101,&#8221; uzskata B\u0113rzi\u0146a.<\/p>\n<p>KONTEKSTS:<\/p>\n<p>B\u0113rzi\u0146a 2023. gada 2. novembr\u012b par p\u0101rk\u0101pumiem pa\u0161vald\u012bbas finans\u0113s <a href=\"https:\/\/www.lsm.lv\/raksts\/zinas\/latvija\/02.11.2023-ministre-atstadina-rezeknes-meru-bartasevicu.a530116\/\" class=\"lsm-link\" data-type=\"article\" data-id=\"530116\" rel=\"nofollow noopener\" target=\"_blank\">izdeva r\u012bkojumu<\/a> par R\u0113zeknes m\u0113ra Aleksandra Barta\u0161evi\u010da (&#8220;Kop\u0101 Latvijai&#8221;\/LPV) atst\u0101din\u0101\u0161anu. Savu atst\u0101din\u0101\u0161anu no amata Barta\u0161evi\u010ds v\u0113rt\u0113ja k\u0101 politiskas kampa\u0146as da\u013cu, kas v\u0113rsta pret R\u0113zeknes pa\u0161vald\u012bbu un vi\u0146u person\u012bgi, un apstr\u012bd\u0113ja to ties\u0101.<\/p>\n<p>Pirm\u0101s instances tiesa politi\u0137a pras\u012bbu noraid\u012bja, bet spriedums tika p\u0101rs\u016bdz\u0113ts. Pirm\u0101s instances tiesa, piem\u0113ram, atzina, ka pamatoti konstat\u0113ts ties\u012bbu normu p\u0101rk\u0101pums, pieteic\u0113jam vienpersoniski bez pa\u0161vald\u012bbas domes un Finan\u0161u p\u0101rvaldes iesaistes 2022. gada septembr\u012b parakstot l\u012bgumu ar SIA &#8220;Ar\u010ders&#8221; par b\u016bvdarbu turpin\u0101\u0161anu un uz\u0146emoties saist\u012bbas, lai \u012bstenotu projektu &#8220;R\u0113zeknes rekre\u0101cijas centra izveide t\u016brisma att\u012bst\u012bbai&#8221;.<\/p>\n<p>Barta\u0161evi\u010ds p\u0113c p\u0113rn notiku\u0161aj\u0101m pa\u0161vald\u012bbu v\u0113l\u0113\u0161an\u0101m atk\u0101rtoti nok\u013cuva m\u0113ra amat\u0101.<\/p>\n<p>                    Valodas k\u013c\u016bda rakst\u0101?<\/p>\n<p class=\"d-none d-md-block\">Iez\u012bm\u0113jiet tekstu un spiediet Ctrl+Enter, lai nos\u016bt\u012btu labojamo teksta fragmentu redaktoram! Par faktu k\u013c\u016bd\u0101m l\u016bdzam zi\u0146ot e-past\u0101 <a href=\"https:\/\/www.lsm.lv\/cdn-cgi\/l\/email-protection\" class=\"__cf_email__\" data-cfemail=\"9deff8f9fcf6fef4f7fcddf1eef0b3f1eb\" rel=\"nofollow noopener\" target=\"_blank\">[email\u00a0protected]<\/a>.<\/p>\n<p class=\"d-md-none\">Iez\u012bm\u0113jiet tekstu un spiediet uz Zi\u0146ot par k\u013c\u016bdu pogas, lai nos\u016bt\u012btu labojamo teksta fragmentu redaktoram!<\/p>\n<p>\n                    Zi\u0146ot par k\u013c\u016bdu\n                <\/p>\n","protected":false},"excerpt":{"rendered":"Bijus\u012b vides aizsardz\u012bbas un re\u0123ion\u0101l\u0101s att\u012bst\u012bbas ministre un Kuld\u012bgas domes priek\u0161\u0113d\u0113t\u0101ja, eso\u0161\u0101 Saeimas deput\u0101te Inga B\u0113rzi\u0146a (&#8220;Jaun\u0101 Vienot\u012bba&#8221;)&hellip;\n","protected":false},"author":2,"featured_media":99421,"comment_status":"","ping_status":"","sticky":false,"template":"","format":"standard","meta":{"footnotes":""},"categories":[12],"tags":[23,28,29,32,33,22,30,31,35,39,38,36,37,34,40,20,26,27,24,25,21],"class_list":{"0":"post-99420","1":"post","2":"type-post","3":"status-publish","4":"format-standard","5":"has-post-thumbnail","7":"category-latvija","8":"tag-aktualitates","9":"tag-breaking-news","10":"tag-breakingnews","11":"tag-featured-news","12":"tag-featurednews","13":"tag-headlines","14":"tag-latest-news","15":"tag-latestnews","16":"tag-latvia","17":"tag-latvian","18":"tag-latviesu","19":"tag-latviesu-valoda","20":"tag-latviesuvaloda","21":"tag-latvija","22":"tag-lv","23":"tag-news","24":"tag-popularakas-zinas","25":"tag-popularakaszinas","26":"tag-top-stories","27":"tag-topstories","28":"tag-zinas"},"share_on_mastodon":{"url":"https:\/\/pubeurope.com\/@lv\/115865561701124660","error":""},"_links":{"self":[{"href":"https:\/\/www.europesays.com\/lv\/wp-json\/wp\/v2\/posts\/99420","targetHints":{"allow":["GET"]}}],"collection":[{"href":"https:\/\/www.europesays.com\/lv\/wp-json\/wp\/v2\/posts"}],"about":[{"href":"https:\/\/www.europesays.com\/lv\/wp-json\/wp\/v2\/types\/post"}],"author":[{"embeddable":true,"href":"https:\/\/www.europesays.com\/lv\/wp-json\/wp\/v2\/users\/2"}],"replies":[{"embeddable":true,"href":"https:\/\/www.europesays.com\/lv\/wp-json\/wp\/v2\/comments?post=99420"}],"version-history":[{"count":0,"href":"https:\/\/www.europesays.com\/lv\/wp-json\/wp\/v2\/posts\/99420\/revisions"}],"wp:featuredmedia":[{"embeddable":true,"href":"https:\/\/www.europesays.com\/lv\/wp-json\/wp\/v2\/media\/99421"}],"wp:attachment":[{"href":"https:\/\/www.europesays.com\/lv\/wp-json\/wp\/v2\/media?parent=99420"}],"wp:term":[{"taxonomy":"category","embeddable":true,"href":"https:\/\/www.europesays.com\/lv\/wp-json\/wp\/v2\/categories?post=99420"},{"taxonomy":"post_tag","embeddable":true,"href":"https:\/\/www.europesays.com\/lv\/wp-json\/wp\/v2\/tags?post=99420"}],"curies":[{"name":"wp","href":"https:\/\/api.w.org\/{rel}","templated":true}]}}