{"id":99424,"date":"2026-01-09T14:16:08","date_gmt":"2026-01-09T14:16:08","guid":{"rendered":"https:\/\/www.europesays.com\/lv\/99424\/"},"modified":"2026-01-09T14:16:08","modified_gmt":"2026-01-09T14:16:08","slug":"pasakumi-atputai-un-izklaidei-jurmala-9-18-janvari","status":"publish","type":"post","link":"https:\/\/www.europesays.com\/lv\/99424\/","title":{"rendered":"Pas\u0101kumi atp\u016btai un izklaidei J\u016brmal\u0101 9.\u201318. janv\u0101r\u012b"},"content":{"rendered":"<p>Ned\u0113\u013cas pied\u0101v\u0101jum\u0101 ir kult\u016bras, izzino\u0161i un izklaides pas\u0101kumi \u2013 koncerti, kino, te\u0101tra izr\u0101de, m\u0101kslas izst\u0101des, tik\u0161an\u0101s ar m\u0101ksliniekiem un rado\u0161i pas\u0101kumi \u0123imen\u0113m ar b\u0113rniem.<\/p>\n<p>L\u012bdz 11.\u00a0janv\u0101rim Jomas iel\u0101 v\u0113l ir apl\u016bkojama \u201cEgl\u012b\u0161u promen\u0101de\u201d \u2013 131\u00a0egl\u012bte, ko sv\u0113tku rot\u0101jumos iet\u0113rpu\u0161i j\u016brmalnieki\u00a0\u2013 izgl\u012bt\u012bbas iest\u0101\u017eu audz\u0113k\u0146i, skolot\u0101ji un vec\u0101ki, J\u016brmalas iest\u0101des un uz\u0146\u0113mumi, rado\u0161ie kolekt\u012bvi, biedr\u012bbas un nevalstisk\u0101s organiz\u0101cijas. \u00a0G\u0101j\u0113ju iel\u0101, iepretim Majoru st\u0101vlaukumam, priec\u0113 ar\u012b gaismi\u0146u virten\u0113m un dekoriem \u2013 \u0123eometrisk\u0101m bumb\u0101m main\u012bgos kr\u0101su to\u0146os \u2013 rot\u0101t\u0101 Ziemassv\u0113tku egle, ko papildina interakt\u012bvi vides objekti \u2013 zaigojo\u0161as gaismas bumbas Jomas ielas garum\u0101.<\/p>\n<p>J\u016brmalas muzej\u0101\u00a0(Tirgo\u0146u iel\u0101 29) 11.\u00a0decembr\u012b plkst.\u00a013.00 norisin\u0101sies ekskursija izst\u0101d\u0113 \u201cMans ce\u013c\u0161\u201d, bet plkst.\u00a014.00 tiks demonstr\u0113ta R\u012bgas kinostudijas sp\u0113lfilma \u201cPuika\u201d (1977) p\u0113c J\u0101\u0146a Jaunsudrabi\u0146a b\u0113rn\u012bbas st\u0101stu kr\u0101juma \u201cBalt\u0101 gr\u0101mata\u201d mot\u012bviem. 16.\u00a0janv\u0101r\u012b plkst.\u00a017.00 notiks Talsu m\u0101kslinieku grupas izst\u0101des \u201cKr\u016bmu zvaigzn\u0101js\u201d atkl\u0101\u0161ana.<\/p>\n<p>Bulduru Izst\u0101\u017eu nam\u0101\u00a0(Mui\u017eas iel\u0101 6) 15.\u00a0janv\u0101r\u012b plkst.\u00a017.00 notiks tik\u0161an\u0101s ar m\u0101ksliniekiem m\u0101kslas akad\u0113mijas studentu darbu izst\u0101d\u0113 \u201cCilv\u0113ka trajektorijas\u201d.<\/p>\n<p>Pie Kauguru Kult\u016bras nama\u00a0(Rai\u0146a iel\u0101 110) 17.\u00a0janv\u0101r\u012b plkst.\u00a017.00 notiks 1991.\u00a0gada barik\u0101\u017eu aizst\u0101vju atceres pas\u0101kums \u201cTikai kop\u0101\u201d, kur\u0101 piedal\u012bsies dziesminiece Anta E\u0146\u0123ele un aktieris Raimonds Celms.<\/p>\n<p>J\u016brmalas Kult\u016bras centr\u0101 (Jomas iel\u0101 35) 17.\u00a0janv\u0101r\u012b plkst.\u00a019.00 \u2013 D(z)eju koncerts, kur\u0101 piedal\u012bsies J\u016brmalas deju kolekt\u012bvi \u201cZ\u0101l\u012bte\u201d, \u201cZ\u012btari\u0146i\u201d, \u201cKaugurs\u201d,\u00a0 \u201cPumpuri\u201d, \u201cV\u0113lreiz\u201d, \u201cJ\u016brmaldancis\u201d, \u201c\u0100bel\u012bte\u201d un izskan\u0113s Eduarda Aivara dzejo\u013ci.<\/p>\n<p>J\u016brmalas te\u0101tr\u012b (Mui\u017eas iel\u0101 7) 18.\u00a0janv\u0101r\u012b plkst.\u00a016.00 \u2013 izr\u0101de \u201cSve\u0161inieka atn\u0101k\u0161ana\u201d p\u0113c Lu\u012bzes Pastores darba \u201cM\u0101kslas detekt\u012bvi\u201d mot\u012bviem, re\u017eisors Juris Jonelis. Bi\u013cetes \u2013 <a href=\"http:\/\/www.bilesuparadize.lv\" rel=\"nofollow noopener\" target=\"_blank\">www.bilesuparadize.lv<\/a> vai Dzintaru koncertz\u0101les kas\u0113.<\/p>\n<p>Dzintaru koncertz\u0101l\u0113\u00a0(Turaidas iel\u0101 29) 18.\u00a0janv\u0101r\u012b plkst.\u00a017.00 uz koncertprogrammu \u201cTautasdziesmas d\u017eeza noska\u0146\u0101s\u201d aicina Ilona Bagele un draugi. Bi\u013cetes uz koncertiem \u2013 \u201cBi\u013ce\u0161u parad\u012bzes\u201d tirdzniec\u012bbas viet\u0101s, ar J\u016brmalas iedz\u012bvot\u0101ja karti bi\u013cet\u0113m atlaide \u2013 20%.<\/p>\n<p>J\u016brmalas Centr\u0101laj\u0101 bibliot\u0113k\u0101 (Str\u0113lnieku prospekt\u0101 30) 15.\u00a0janv\u0101r\u012b plkst.\u00a013.30 notiks rado\u0161\u0101 darbn\u012bca s\u0101kumskolas vecuma b\u0113rniem \u201cSap\u0146u kol\u0101\u017ea\u201d.<\/p>\n<p>Kauguru bibliot\u0113k\u0101\u00a0(Engures iel\u0101 4A)\u00a014.\u00a0janv\u0101r\u012b plkst.\u00a010.00 \u2013 nodarb\u012bba b\u0113rniem par profesij\u0101m \u201cKad es izaug\u0161u\u2026\u201d.<\/p>\n<p>Bulduru bibliot\u0113k\u0101 (Mui\u017eas iel\u0101 7) 10.\u00a0janv\u0101r\u012b plkst.\u00a011.00 norisin\u0101sies rado\u0161a nodarb\u012bba \u0123imen\u0113m ar pirmsskolas un s\u0101kumskolas b\u0113rniem \u201cM\u0101ko\u0146u darbn\u012bca\u201d. 14.\u00a0janv\u0101r\u012b plkst.\u00a016.00 las\u012bt\u0101ju klubi\u0146a tik\u0161an\u0101s \u2013 saruna par Dinas Zoldneres gr\u0101matu \u201cSnieg\u0101\u201d.<\/p>\n<p>Uz Dumbr\u0101ju laipas pie Me\u017ea m\u0101jas \u0136emeros plkst.\u00a017.00\u201324.00 \u2013 \u201cIzzino\u0161a Gaismas taka jaunas dz\u012bv\u012bbas noska\u0146\u0101s\u201d \u2013 turpin\u0101jums gaismas st\u0101stam, \u00a0kas ar gaismas akcentiem izce\u013c jaunas dz\u012bv\u012bbas ra\u0161anos.<\/p>\n<p>Mar\u0161ruts \u201cNo\u0137er Ziedoni\u201d \u2013 iesp\u0113ja iepaz\u012bt dzejnieka Imanta Ziedo\u0146a dz\u012bves g\u0101jumu kult\u016bras t\u016brisma mar\u0161rut\u0101 \u201cNo\u0137er Ziedoni\u201d.\u00a0<a href=\"https:\/\/visitjurmala.lv\/lv\/redzi-un-dari\/marsruti-un-ekskursijas\/digitalas-tures\/noker-ziedoni\/\" rel=\"nofollow noopener\" target=\"_blank\">Mar\u0161ruta karte<\/a><\/p>\n<p>Izst\u0101des kult\u016brtelp\u0101s<\/p>\n<p>J\u016brmalas muzej\u0101\u00a0(Tirgo\u0146u iel\u0101 29) l\u012bdz 11.\u00a0janv\u0101rim 2.\u00a0st\u0101va z\u0101l\u0113s skat\u0101ma kult\u016bras person\u012bb\u0101m \u2013 J\u0101nim Jaunsudrabi\u0146am, Albertam Kronenbergam, Indri\u0137im Zeberi\u0146am un Oto Skulmem \u2013 velt\u012bta izst\u0101de \u201cMans ce\u013c\u0161. No Rozent\u0101la studijas l\u012bdz profesijai\u201d, savuk\u0101rt no 14.\u00a0janv\u0101ra b\u016bs skat\u0101ma Talsu m\u0101kslinieku grupas izst\u0101de \u201cKr\u016bmu zvaigzn\u0101js\u201d. Kam\u012bnz\u0101l\u0113 turpin\u0101s izst\u0101de \u201c\u0100rsts k\u016brort\u0101 19.\u00a0gadsimt\u0101\u201d, kas atkl\u0101j laikmetu, kad medic\u012bna un sabiedr\u012bba piedz\u012bvoja straujas p\u0101rmai\u0146as un k\u016brorti k\u013cuva par noz\u012bm\u012bgu dz\u012bvesstila sast\u0101vda\u013cu.<\/p>\n<p>Bulduru Izst\u0101\u017eu nam\u0101\u00a0(Mui\u017eas iel\u0101 6) apskat\u0101ma Latvijas M\u0101kslas akad\u0113mijas Tekstila katedras studentu darbu izst\u0101de \u201cCilv\u0113ka trajektorijas\u201d, skat\u0101ma ar\u012b m\u0101ksliniekam Valdim Bu\u0161am velt\u012bta ekspoz\u012bcija \u201c\u2026manas kr\u0101sas ir spilgtas, mazliet trakas\u2026\u201d un v\u0113sturiska izst\u0101de \u201cBilderingshof\u2013Bilderli\u0146i\u2013Bulduri\u201d.<\/p>\n<p>Aspazijas m\u0101j\u0101\u00a0(Z. Meierovica prospekt\u0101 18\/20) l\u012bdz 10.\u00a0janv\u0101rim apl\u016bkojama Aspazijas 160.\u00a0jubilejai velt\u012bta konkursizst\u0101de \u201cAspazija. Sp\u0113c\u012bga sieviete. Portrets\u201d, savuk\u0101rt no <\/p>\n<p>M\u0101kslas stacij\u0101 \u201cDubulti\u201d (Z.\u00a0Meierovica prospekt\u0101 4) \u2013 Vidvuda Zviedra person\u0101lizst\u0101de \u201cReiz bija zila z\u0101le un za\u013cas debesis\u201d.<\/p>\n<p>J\u016brmalas Kult\u016brtelpas un vides dizaina centr\u0101 (Pils iel\u0101 1) \u2013 latvie\u0161u gleznot\u0101jam J\u0101nim Pau\u013cukam (1906\u20131984) velt\u012bta izst\u0101de no Rietumu Bankas m\u0101kslas kolekcijas. <\/p>\n<p>Rai\u0146a un Aspazijas vasarn\u012bc\u0101 (Pliek\u0161\u0101na iel\u0101 5\/7) skat\u0101ma Gitas Sprinces fotoizst\u0101de \u201cSapl\u016bsme\u201d. Ieejas maksa.<\/p>\n<p>J\u016brmalas Kult\u016bras centr\u0101\u00a0(Jomas iel\u0101 35) apskat\u0101ma Signes \u0160trauss un Jekaterinas Grjazevas gleznu izst\u0101de \u201cGadu mijas noska\u0146\u0101\u201d.<\/p>\n<p>Kauguru Kult\u016bras nam\u0101\u00a0(Rai\u0146a iel\u0101 110) l\u012bdz 10.\u00a0janv\u0101rim skat\u0101mi Krist\u012bnes Beltes glezniec\u012bbas un grafikas darbi izst\u0101d\u0113 \u201cStarp gaismu \u2013 \u0113nu\u201d. No 16.\u00a0janv\u0101ra b\u016bs atv\u0113rta Dainas Burves fotogr\u0101fiju izst\u0101de \u201cAcis pla\u0161i atv\u0113rtas\u201d.<\/p>\n<p>J\u016brmalas M\u0101kslas skolas\u00a0izst\u0101\u017eu z\u0101l\u0113 (Str\u0113lnieku prospekt\u0101 30) \u2013 Latvijas m\u0101kslas skolu audz\u0113k\u0146u Valsts konkursa darbu izst\u0101de \u201cRestaur\u0101cija\u201d.<\/p>\n<p>J\u016brmalas Centr\u0101laj\u0101 bibliot\u0113k\u0101\u00a0(Str\u0113lnieku prospekt\u0101 30) \u2013 J\u016brmalas M\u0101kslinieku biedr\u012bbas gada izst\u0101de \u201cVasaras moza\u012bka\u201d, Alises Jur\u0113vicas fotoizst\u0101de \u201cP\u0113c\u201d.<\/p>\n<p>Kauguru bibliot\u0113k\u0101\u00a0(Engures iel\u0101 4A)\u00a0\u2013 izst\u0101de \u201cNo skices l\u012bdz anim\u0101cijai \u201cEz\u012b\u0161a ce\u013cojums Slokas v\u0113stur\u0113\u201d\u201d.<\/p>\n<p>Imanta Ziedo\u0146a \u0136emeru bibliot\u0113k\u0101\u00a0(Tukuma iel\u0101 20) m\u0101kslinieces Annas Zandbergas-\u0160enkes gleznu izst\u0101de \u201c\u0136emeri\u201d.<\/p>\n<p>Alberta Kronenberga Slokas bibliot\u0113k\u0101\u00a0(Rai\u0146a iel\u0101 3) \u2013 J\u0101\u0146a Saul\u012btes novadp\u0113tniec\u012bbas kolekcijas izst\u0101de \u201cD\u0101rgumi ar st\u0101stu\u201d.<\/p>\n<p>Inform\u0101ciju par sporta sacens\u012bb\u0101m aicin\u0101m skat\u012bt <a href=\"https:\/\/www.jurmala.lv\/lv\/notikumu-kalendars\" rel=\"nofollow noopener\" target=\"_blank\">Notikumu kalend\u0101rs<\/a><\/p>\n<p>\u00a0<\/p>\n<p>Dal\u012bba pas\u0101kumos ir bez maksas, iz\u0146emot gad\u012bjumus, ja ir nor\u0101d\u012bts cit\u0101di.<\/p>\n<p>Pas\u0101kumu laik\u0101 tiks fotograf\u0113ts un film\u0113ts. Materi\u0101li var tikt izmantoti publicit\u0101tei, sabiedr\u012bbas inform\u0113\u0161anai.<\/p>\n<p>Visus notikumus un iest\u0101\u017eu darba laikus, l\u016bdzu, skat\u012bt <a href=\"https:\/\/www.jurmala.lv\/lv\/notikumu-kalendars\" rel=\"nofollow noopener\" target=\"_blank\">Notikumu kalend\u0101rs<\/a><\/p>\n<p>\u00a0<\/p>\n","protected":false},"excerpt":{"rendered":"Ned\u0113\u013cas pied\u0101v\u0101jum\u0101 ir kult\u016bras, izzino\u0161i un izklaides pas\u0101kumi \u2013 koncerti, kino, te\u0101tra izr\u0101de, m\u0101kslas izst\u0101des, tik\u0161an\u0101s ar m\u0101ksliniekiem&hellip;\n","protected":false},"author":2,"featured_media":99425,"comment_status":"","ping_status":"","sticky":false,"template":"","format":"standard","meta":{"footnotes":""},"categories":[19],"tags":[89,90,35,39,38,36,37,34,40],"class_list":{"0":"post-99424","1":"post","2":"type-post","3":"status-publish","4":"format-standard","5":"has-post-thumbnail","7":"category-izklaide","8":"tag-entertainment","9":"tag-izklaide","10":"tag-latvia","11":"tag-latvian","12":"tag-latviesu","13":"tag-latviesu-valoda","14":"tag-latviesuvaloda","15":"tag-latvija","16":"tag-lv"},"share_on_mastodon":{"url":"https:\/\/pubeurope.com\/@lv\/115865569540194898","error":""},"_links":{"self":[{"href":"https:\/\/www.europesays.com\/lv\/wp-json\/wp\/v2\/posts\/99424","targetHints":{"allow":["GET"]}}],"collection":[{"href":"https:\/\/www.europesays.com\/lv\/wp-json\/wp\/v2\/posts"}],"about":[{"href":"https:\/\/www.europesays.com\/lv\/wp-json\/wp\/v2\/types\/post"}],"author":[{"embeddable":true,"href":"https:\/\/www.europesays.com\/lv\/wp-json\/wp\/v2\/users\/2"}],"replies":[{"embeddable":true,"href":"https:\/\/www.europesays.com\/lv\/wp-json\/wp\/v2\/comments?post=99424"}],"version-history":[{"count":0,"href":"https:\/\/www.europesays.com\/lv\/wp-json\/wp\/v2\/posts\/99424\/revisions"}],"wp:featuredmedia":[{"embeddable":true,"href":"https:\/\/www.europesays.com\/lv\/wp-json\/wp\/v2\/media\/99425"}],"wp:attachment":[{"href":"https:\/\/www.europesays.com\/lv\/wp-json\/wp\/v2\/media?parent=99424"}],"wp:term":[{"taxonomy":"category","embeddable":true,"href":"https:\/\/www.europesays.com\/lv\/wp-json\/wp\/v2\/categories?post=99424"},{"taxonomy":"post_tag","embeddable":true,"href":"https:\/\/www.europesays.com\/lv\/wp-json\/wp\/v2\/tags?post=99424"}],"curies":[{"name":"wp","href":"https:\/\/api.w.org\/{rel}","templated":true}]}}