{"id":99439,"date":"2026-01-09T14:28:07","date_gmt":"2026-01-09T14:28:07","guid":{"rendered":"https:\/\/www.europesays.com\/lv\/99439\/"},"modified":"2026-01-09T14:28:07","modified_gmt":"2026-01-09T14:28:07","slug":"gimenes-izjuksana-bija-visgrutaka-dzenifera-garnere-atklati-par-skirsanos-ar-afleku","status":"publish","type":"post","link":"https:\/\/www.europesays.com\/lv\/99439\/","title":{"rendered":"\u201c\u0122imenes izjuk\u0161ana bija visgr\u016bt\u0101k\u0101\u201d: D\u017eenifera G\u0101rnere atkl\u0101ti par \u0161\u0137ir\u0161anos ar Afleku"},"content":{"rendered":"<p>G\u0101rnera un Afleks p\u0113d\u0113jos gados \u0161\u0137iet draudz\u012bg\u0101ki, jo vi\u0146i kop\u012bgi audzina savus tr\u012bs b\u0113rnus \u2013 Violetu Annu, Seraf\u012bnu Rouzu un Semjuelu.<\/p>\n<p>Sarun\u0101 ar \u201cMarie Claire UK\u201d G\u0101rnere apsprieda savu person\u012bgo ce\u013cojumu, mekl\u0113jot l\u012bdzsvaru starp ikdienu un gatavojoties gaid\u0101majai \u201cApple TV+\u201d seri\u0101la \u201cThe Last Thing He Told Me\u201d sezonai. Sarunas laik\u0101 vi\u0146a dal\u012bj\u0101s pieredz\u0113, ka ir svar\u012bgi iem\u0101c\u012bties atpaz\u012bt, ar ko vi\u0146a var un ar ko nevar emocion\u0101li tikt gal\u0101.<\/p>\n<blockquote class=\"skaties-quote\">\n<p>\u201cJums ir j\u0101b\u016bt gudriem attiec\u012bb\u0101 uz to, ar ko j\u016bs varat un ar ko nevarat tikt gal\u0101, un es nevar\u0113ju tikt gal\u0101 ar to, kas bija tur \u0101r\u0101.\u201d<\/p>\n<\/blockquote>\n<p>Tom\u0113r vi\u0146a preciz\u0113ja, ka sabiedr\u012bbas uzman\u012bba vai \u0101r\u0113jais troksnis nebija viss\u0101p\u012bg\u0101k\u0101 da\u013ca. \u201cFakts ir tas, kas bija gr\u016bti,\u201d skaidroja G\u0101rnere.<\/p>\n<blockquote class=\"skaties-quote\">\n<p>\u201c\u0122imenes izjuk\u0161ana bija tas, kas bija gr\u016bti. Patiesas partner\u012bbas un draudz\u012bbas zaud\u0113\u0161ana bija tas, kas bija gr\u016bti.\u201d<\/p>\n<\/blockquote>\n<p class=\"ad-desc ad-desc-main\">Saturs turpin\u0101s p\u0113c rekl\u0101mas<\/p>\n<p class=\"ad-desc ad-desc-sec\">Rekl\u0101ma<\/p>\n<p>Vi\u0146as v\u0101rdi sniedza retu ieskatu priv\u0101taj\u0101s b\u0113d\u0101s, kas sl\u0113p\u0101s aiz \u013coti publiskas \u0161\u0137ir\u0161an\u0101s.<\/p>\n<p>\u201cEs pielieku lielas, apzin\u0101tas p\u016bles, lai tiktos ar saviem cilv\u0113kiem, cik vien var\u0113ju, jo tas ir svar\u012bgi\u2026 Tur sl\u0113pjas tava iztur\u012bba: t\u0101 ir tav\u0101s attiec\u012bb\u0101s un cilv\u0113kos, kas tevi nes cauri \u0161\u012bm gr\u016bt\u012bb\u0101m,\u201d vi\u0146a atz\u012bm\u0113ja.<\/p>\n<p>Aktrise skaidri nor\u0101d\u012bja, ka vienm\u0113r ir likusi b\u0113rnus pirmaj\u0101 viet\u0101, pat neskatoties uz lielo Holivudas karjeru.<\/p>\n<p>\u201cTas nekad nav \u0161\u0137itis k\u0101 upuris. Bija \u013coti gr\u016bti iet uz darbu, un tas noteikti liel\u0101 m\u0113r\u0101 ietekm\u0113ja manu izv\u0113l\u0113to darbu,\u201d vi\u0146a teica.<\/p>\n<p>\u201cVi\u0146i ir tik for\u0161i!\u201d vi\u0146a teica par 20 gadus veco Violetu Annu, 17 gadus veco Seraf\u012bnu Rouzu un 13 gadus veco Samuelu.<\/p>\n<blockquote class=\"skaties-quote\">\n<p>\u201cVec\u0101ku loma tagad ir main\u012bjusies. T\u0101 vair\u0101k ir par b\u0113rnu audzin\u0101\u0161anu ar pogu uz mutes\u2026 Jums ir j\u0101\u013cauj vi\u0146iem izaugt un izdar\u012bt savas izv\u0113les. J\u016bs to nevarat kontrol\u0113t.\u201d<\/p>\n<\/blockquote>\n<p>G\u0101rnere ar\u012b teica, ka kop\u012bga b\u0113rnu audzin\u0101\u0161ana ar Afleku, jo vi\u0146u publisk\u0101 dz\u012bve joproj\u0101m ir uzman\u012bbas centr\u0101, ir bijusi \u201cvisgr\u016bt\u0101k\u0101 lieta. Ne gr\u016bti, \u0146emot v\u0113r\u0101 to, kas ir gr\u016bti pasaul\u0113, bet gr\u016bti man un gr\u016bti manai \u0123imenei.\u201d<\/p>\n<p>D\u017eenifera G\u0101rnere un Bens Afleks apprec\u0113j\u0101s 2005. gad\u0101 un pazi\u0146oja par \u0161\u0137ir\u0161anos 2015. gad\u0101 p\u0113c gandr\u012bz desmit gadiem kop\u0101. Vi\u0146u \u0161\u0137ir\u0161an\u0101s tika pabeigta tr\u012bs gadus v\u0113l\u0101k 2018. gad\u0101.<\/p>\n","protected":false},"excerpt":{"rendered":"G\u0101rnera un Afleks p\u0113d\u0113jos gados \u0161\u0137iet draudz\u012bg\u0101ki, jo vi\u0146i kop\u012bgi audzina savus tr\u012bs b\u0113rnus \u2013 Violetu Annu, Seraf\u012bnu&hellip;\n","protected":false},"author":2,"featured_media":99440,"comment_status":"","ping_status":"","sticky":false,"template":"","format":"standard","meta":{"footnotes":""},"categories":[19],"tags":[24306,89,90,35,39,38,36,37,34,40],"class_list":{"0":"post-99439","1":"post","2":"type-post","3":"status-publish","4":"format-standard","5":"has-post-thumbnail","7":"category-izklaide","8":"tag-bens-afleksdzenifera-garnere","9":"tag-entertainment","10":"tag-izklaide","11":"tag-latvia","12":"tag-latvian","13":"tag-latviesu","14":"tag-latviesu-valoda","15":"tag-latviesuvaloda","16":"tag-latvija","17":"tag-lv"},"share_on_mastodon":{"url":"https:\/\/pubeurope.com\/@lv\/115865616636025629","error":""},"_links":{"self":[{"href":"https:\/\/www.europesays.com\/lv\/wp-json\/wp\/v2\/posts\/99439","targetHints":{"allow":["GET"]}}],"collection":[{"href":"https:\/\/www.europesays.com\/lv\/wp-json\/wp\/v2\/posts"}],"about":[{"href":"https:\/\/www.europesays.com\/lv\/wp-json\/wp\/v2\/types\/post"}],"author":[{"embeddable":true,"href":"https:\/\/www.europesays.com\/lv\/wp-json\/wp\/v2\/users\/2"}],"replies":[{"embeddable":true,"href":"https:\/\/www.europesays.com\/lv\/wp-json\/wp\/v2\/comments?post=99439"}],"version-history":[{"count":0,"href":"https:\/\/www.europesays.com\/lv\/wp-json\/wp\/v2\/posts\/99439\/revisions"}],"wp:featuredmedia":[{"embeddable":true,"href":"https:\/\/www.europesays.com\/lv\/wp-json\/wp\/v2\/media\/99440"}],"wp:attachment":[{"href":"https:\/\/www.europesays.com\/lv\/wp-json\/wp\/v2\/media?parent=99439"}],"wp:term":[{"taxonomy":"category","embeddable":true,"href":"https:\/\/www.europesays.com\/lv\/wp-json\/wp\/v2\/categories?post=99439"},{"taxonomy":"post_tag","embeddable":true,"href":"https:\/\/www.europesays.com\/lv\/wp-json\/wp\/v2\/tags?post=99439"}],"curies":[{"name":"wp","href":"https:\/\/api.w.org\/{rel}","templated":true}]}}