{"id":99443,"date":"2026-01-09T14:31:08","date_gmt":"2026-01-09T14:31:08","guid":{"rendered":"https:\/\/www.europesays.com\/lv\/99443\/"},"modified":"2026-01-09T14:31:08","modified_gmt":"2026-01-09T14:31:08","slug":"polijas-lauksaimnieki-varsava-proteste-pret-es-un-mercosur-noligumu","status":"publish","type":"post","link":"https:\/\/www.europesays.com\/lv\/99443\/","title":{"rendered":"Polijas lauksaimnieki Var\u0161av\u0101 protest\u0113 pret ES un &#8220;Mercosur&#8221; nol\u012bgumu"},"content":{"rendered":"<p>Var\u0161av\u0101 pulc\u0113ju\u0161ies vair\u0101k nek\u0101 t\u016bkstotis protest\u0113t\u0101ju un da\u017ei no tiem ieradu\u0161ies ar traktoriem, lai k\u0101rt\u0113jo reizi paustu pretest\u012bbu \u0161im nol\u012bgumam, kas rada ba\u017eas par negod\u012bgas konkurences rad\u012b\u0161anu ES.<\/p>\n<p>&#8220;Tas izn\u012bcin\u0101s m\u016bsu lauksaimniec\u012bbu Polij\u0101,&#8221; sac\u012bja k\u0101ds lauksaimnieks, kur\u0161 Var\u0161av\u0101 ieradies no aptuveni 340 kilometrus att\u0101l\u0101s Gda\u0146skas.<\/p>\n<p>&#8220;M\u0113s b\u016bsim atkar\u012bgi no citu valstu pieg\u0101des \u0137\u0113d\u0113m,&#8221; vi\u0146\u0161 sac\u012bja zi\u0146u a\u0123ent\u016brai AFP, nor\u0101dot, ka t\u0101d\u0113j\u0101di var tikt apdraud\u0113ta Polijas p\u0101rtikas dro\u0161\u012bba kara draudu gad\u012bjum\u0101.<\/p>\n<p>T\u0101pat lauksaimnieki protesta akcij\u0101 br\u012bdina par p\u0101rtikas kvalit\u0101ti un dro\u0161\u012bbas riskiem.<\/p>\n<p>&#8220;Mums tiks pieg\u0101d\u0101ta p\u0101rtika, kas ra\u017eota, izmantojot pestic\u012bdus, kuri ES ir aizliegti,&#8221; nor\u0101d\u012bja k\u0101ds cits lauksaimnieks. &#8220;Da\u017eas no \u0161\u012bm viel\u0101m ir aizliegtas jau gandr\u012bz 30 gadus.&#8221;<\/p>\n<p>K\u0101 zi\u0146ots, vair\u0101kums ES dal\u012bbvalstu piektdien balsojum\u0101 atbalst\u012bju\u0161as bloka un &#8220;Mercosur&#8221; br\u012bv\u0101s tirdzniec\u012bbas nol\u012bguma parakst\u012b\u0161anu.<\/p>\n<p>Ta\u010du pret to balsoja <a href=\"https:\/\/www.tvnet.lv\/term\/555430\/polija\" class=\"topicLink\" target=\"_blank\" rel=\"nofollow noopener\">Polija<\/a>, Francija, \u012arija, Austrija un Ung\u0101rija.<\/p>\n<p>Ar 25 gadus gatavoto nol\u012bgumu starp ES un Braz\u012bliju, Argent\u012bnu, Urugvaju un Paragvaju tiks izveidota viena no pasaul\u0113 liel\u0101kaj\u0101m br\u012bv\u0101s tirdzniec\u012bbas zon\u0101m, un tas \u013caus ES eksport\u0113t vair\u0101k automa\u0161\u012bnu, tehnikas un alkoholisko dz\u0113rienu uz Lat\u012b\u0146ameriku.<\/p>\n","protected":false},"excerpt":{"rendered":"Var\u0161av\u0101 pulc\u0113ju\u0161ies vair\u0101k nek\u0101 t\u016bkstotis protest\u0113t\u0101ju un da\u017ei no tiem ieradu\u0161ies ar traktoriem, lai k\u0101rt\u0113jo reizi paustu pretest\u012bbu&hellip;\n","protected":false},"author":2,"featured_media":99444,"comment_status":"","ping_status":"","sticky":false,"template":"","format":"standard","meta":{"footnotes":""},"categories":[14],"tags":[23,57,28,29,16818,514,32,33,22,30,31,35,39,38,36,37,34,7604,40,19950,20,72,26,27,733,24,25,54,55,56,21,58],"class_list":{"0":"post-99443","1":"post","2":"type-post","3":"status-publish","4":"format-standard","5":"has-post-thumbnail","7":"category-zinas-no-arvalstim","8":"tag-aktualitates","9":"tag-arvalstim","10":"tag-breaking-news","11":"tag-breakingnews","12":"tag-dienvidamerika","13":"tag-eiropas-savieniba","14":"tag-featured-news","15":"tag-featurednews","16":"tag-headlines","17":"tag-latest-news","18":"tag-latestnews","19":"tag-latvia","20":"tag-latvian","21":"tag-latviesu","22":"tag-latviesu-valoda","23":"tag-latviesuvaloda","24":"tag-latvija","25":"tag-lauksaimnieciba","26":"tag-lv","27":"tag-mercosur","28":"tag-news","29":"tag-polija","30":"tag-popularakas-zinas","31":"tag-popularakaszinas","32":"tag-tirdznieciba","33":"tag-top-stories","34":"tag-topstories","35":"tag-world","36":"tag-world-news","37":"tag-worldnews","38":"tag-zinas","39":"tag-zinas-no-arvalstim"},"share_on_mastodon":{"url":"https:\/\/pubeurope.com\/@lv\/115865628484794120","error":""},"_links":{"self":[{"href":"https:\/\/www.europesays.com\/lv\/wp-json\/wp\/v2\/posts\/99443","targetHints":{"allow":["GET"]}}],"collection":[{"href":"https:\/\/www.europesays.com\/lv\/wp-json\/wp\/v2\/posts"}],"about":[{"href":"https:\/\/www.europesays.com\/lv\/wp-json\/wp\/v2\/types\/post"}],"author":[{"embeddable":true,"href":"https:\/\/www.europesays.com\/lv\/wp-json\/wp\/v2\/users\/2"}],"replies":[{"embeddable":true,"href":"https:\/\/www.europesays.com\/lv\/wp-json\/wp\/v2\/comments?post=99443"}],"version-history":[{"count":0,"href":"https:\/\/www.europesays.com\/lv\/wp-json\/wp\/v2\/posts\/99443\/revisions"}],"wp:featuredmedia":[{"embeddable":true,"href":"https:\/\/www.europesays.com\/lv\/wp-json\/wp\/v2\/media\/99444"}],"wp:attachment":[{"href":"https:\/\/www.europesays.com\/lv\/wp-json\/wp\/v2\/media?parent=99443"}],"wp:term":[{"taxonomy":"category","embeddable":true,"href":"https:\/\/www.europesays.com\/lv\/wp-json\/wp\/v2\/categories?post=99443"},{"taxonomy":"post_tag","embeddable":true,"href":"https:\/\/www.europesays.com\/lv\/wp-json\/wp\/v2\/tags?post=99443"}],"curies":[{"name":"wp","href":"https:\/\/api.w.org\/{rel}","templated":true}]}}