{"id":99445,"date":"2026-01-09T14:32:07","date_gmt":"2026-01-09T14:32:07","guid":{"rendered":"https:\/\/www.europesays.com\/lv\/99445\/"},"modified":"2026-01-09T14:32:07","modified_gmt":"2026-01-09T14:32:07","slug":"nacionalas-kulturas-padomes-vestule-par-gors-strategisko-nozimi-un-parvaldibu","status":"publish","type":"post","link":"https:\/\/www.europesays.com\/lv\/99445\/","title":{"rendered":"Nacion\u0101l\u0101s kult\u016bras padomes v\u0113stule par \u201cGors\u201d strat\u0113\u0123isko noz\u012bmi un p\u0101rvald\u012bbu"},"content":{"rendered":"<p>Par Latgales v\u0113stniec\u012bbas GORS strat\u0113\u0123isko noz\u012bmi Latgales re\u0123ion\u0101 un p\u0101rvald\u012bbu valsts kult\u016brpolitikas kontekst\u0101<\/p>\n<p>God\u0101tie adres\u0101ti,<\/p>\n<p>Nacion\u0101l\u0101 kult\u016bras padome* (turpm\u0101k \u2013 Padome), izv\u0113rt\u0113jot aktu\u0101l\u0101s norises R\u0113zekn\u0113 saist\u012bb\u0101 ar SIA \u201cAustrumlatvijas koncertz\u0101le\u201d (turpm\u0101k \u2013 Latgales v\u0113stniec\u012bba GORS) un pla\u0161\u0101k\u0101 kontekst\u0101 valsts un re\u0123ionu kult\u016brpolitikai strat\u0113\u0123iski noz\u012bm\u012bgu kult\u016bras objektu p\u0101rvald\u012bbu un to ilgtsp\u0113j\u012bgu att\u012bst\u012bbu un aizsardz\u012bbu, v\u0113r\u0161 uzman\u012bbu uz sekojo\u0161iem jaut\u0101jumiem un l\u016bdz tos izv\u0113rt\u0113t savas kompetences ietvaros.<\/p>\n<ul>&#13;<\/p>\n<li>Latgales v\u0113stniec\u012bbas GORS strat\u0113\u0123isk\u0101 noz\u012bme Latgales re\u0123ion\u0101<\/li>\n<p>&#13;\n<\/ul>\n<p>Padome \u012bpa\u0161i uzsver Latgales v\u0113stniec\u012bbas GORS strat\u0113\u0123isko noz\u012bmi Latgales re\u0123ion\u0101 \u2013 \u0161\u012b koncertz\u0101le ir ne vien kult\u016bras pas\u0101kumu norises vieta, bet ar\u012b latvisk\u0101s un latgalisk\u0101s kult\u016bras, profesion\u0101l\u0101s m\u0101kslas pieejam\u012bbas, starptautisk\u0101s atpaz\u012bstam\u012bbas un sabiedr\u012bbas salied\u0113t\u012bbas balsts Latgales re\u0123ion\u0101. Latgales v\u0113stniec\u012bbas GORS loma Latgal\u0113 ir valstiski noz\u012bm\u012bga un nav reduc\u0113jama uz viet\u0113ja l\u012bme\u0146a saimnieciskiem jaut\u0101jumiem, t\u0101d\u0113\u013c Padome aicina R\u0113zeknes valstspils\u0113tas pa\u0161vald\u012bbu turpm\u0101kaj\u0101s diskusij\u0101s par SIA \u201cAustrumlatvijas koncertz\u0101le\u201d p\u0101rvald\u012bbu un turpm\u0101ko att\u012bst\u012bbu iesaist\u012bt Kult\u016bras ministrijas un Latvijas M\u016bzikas padomes ekspertus, lai nodro\u0161in\u0101tu ilgtsp\u0113j\u012bga, caursp\u012bd\u012bga un valsts kult\u016brpolitikas strat\u0113\u0123iskiem m\u0113r\u0137iem atbilsto\u0161a att\u012bst\u012bbas mode\u013ca izstr\u0101di.<\/p>\n<ul>&#13;<\/p>\n<li>Pa\u0161vald\u012bbas atbild\u012bba autonomo funkciju \u012bsteno\u0161an\u0101<\/li>\n<p>&#13;\n<\/ul>\n<p>Padome v\u0113r\u0161 uzman\u012bbu uz Pa\u0161vald\u012bbu likuma (turpm\u0101k \u2013 Likums) 4. panta pirm\u0101s da\u013cas 5. punktu, kas nosaka, ka pa\u0161vald\u012bbas uzdevums ir \u201csniegt iedz\u012bvot\u0101jiem daudzveid\u012bgu kult\u016bras pied\u0101v\u0101jumu un iesp\u0113ju piedal\u012bties kult\u016bras dz\u012bv\u0113, sekm\u0113t pa\u0161vald\u012bbas teritorij\u0101 eso\u0161\u0101 kult\u016bras mantojuma saglab\u0101\u0161anu un sniegt atbalstu kult\u016bras noris\u0113m\u201d, k\u0101 ar\u012b uz \u0161\u012b Likuma 8.panta otro da\u013cu un pirm\u0101s da\u013cas 3. punktu, kas nosaka, ka valstspils\u0113tu pa\u0161vald\u012bbas \u201cpiedal\u0101s valsts un starptautiskas noz\u012bmes v\u0113stures objektu, nacion\u0101l\u0101s noz\u012bmes kult\u016brv\u0113sturisko objektu, k\u0101 ar\u012b kult\u016bras infrastrukt\u016bras uztur\u0113\u0161an\u0101 un att\u012bst\u012b\u0161an\u0101\u201d.<\/p>\n<p>Padome aicina Vied\u0101s administr\u0101cijas un re\u0123ion\u0101l\u0101s att\u012bst\u012bbas ministriju (turpm\u0101k \u2013 VARAM) un citas kompetent\u0101s instit\u016bcijas izv\u0113rt\u0113t R\u0113zeknes valstspils\u0113tas pa\u0161vald\u012bbas r\u012bc\u012bbu saist\u012bb\u0101 ar Pa\u0161vald\u012bbu likuma izpildi, savuk\u0101rt R\u0113zeknes valstspils\u0113tas pa\u0161vald\u012bbu \u2013 nodro\u0161in\u0101t \u0161aj\u0101 un citos min\u0113tajos likumos noteikto saist\u012bbu pilnv\u0113rt\u012bgu izpildi, k\u0101 ar\u012b atbild\u012bgu, profesion\u0101lu un valsts kult\u016brpolitikas m\u0113r\u0137os balst\u012btu Latgales v\u0113stniec\u012bbas GORS un SIA \u201cAustrumlatvijas koncertz\u0101le\u201d darb\u012bbu un p\u0101rvald\u012bbu.<\/p>\n<ul>&#13;<\/p>\n<li>SIA \u201cAustrumlatvijas koncertz\u0101le\u201d p\u0101rmai\u0146u vad\u012bba un t\u0101s tiesiskums<\/li>\n<p>&#13;\n<\/ul>\n<p>Padome aicina VARAM izv\u0113rt\u0113t p\u0101rmai\u0146u vad\u012bbas procesa SIA \u201cAustrumlatvijas koncertz\u0101le\u201d tiesiskumu, tai skait\u0101 l\u0113mumu par t\u0101s direktores Di\u0101nas Zirni\u0146as atst\u0101din\u0101\u0161anu no amata, izvair\u012b\u0161anos no dokumentu un inform\u0101cijas snieg\u0161anas un to snieg\u0161anas novilcin\u0101\u0161anu, k\u0101 ar\u012b l\u0113mumu pie\u0146em\u0161anas atbilst\u012bbu normat\u012bvajam regul\u0113jumam, labas p\u0101rvald\u012bbas principiem, k\u0101 ar\u012b valsts ilgtermi\u0146a kult\u016brpolitikas un re\u0123ion\u0101l\u0101s politikas m\u0113r\u0137iem un uzdevumiem, tostarp pa\u0161vald\u012bbas kompetenc\u0113 eso\u0161ajiem.<\/p>\n<ul>&#13;<\/p>\n<li>Nepiecie\u0161am\u012bba pilnveidot normat\u012bvo b\u0101zi<\/li>\n<p>&#13;\n<\/ul>\n<p>Padome aicina likumdev\u0113ju un Ministru kabinetu sadarb\u012bb\u0101 ar atbild\u012bgaj\u0101m valsts instit\u016bcij\u0101m izv\u0113rt\u0113t iesp\u0113ju pilnveidot likumdo\u0161anu, lai nodro\u0161in\u0101tu skaidru, ilgtsp\u0113j\u012bgu un valstiski koordin\u0113tu strat\u0113\u0123iski noz\u012bm\u012bgu kult\u016bras objektu aizsardz\u012bbu, kas tos pasarg\u0101tu no \u012bstermi\u0146a politisku vai fisk\u0101lu l\u0113mumu ietekmes. Padomes ieskat\u0101 \u0161\u0101da r\u012bc\u012bba ir b\u016btiska valsts kult\u016bras dro\u0161\u012bbas un re\u0123ion\u0101l\u0101s att\u012bst\u012bbas kontekst\u0101.<\/p>\n<p>Padome p\u0113d\u0113j\u0101 laika notikumos kopum\u0101 saredz b\u016btiskus riskus Latvijas Republikas Satversm\u0113 defin\u0113t\u0101s nacion\u0101las valsts principiem un virkn\u0113 likumu noteiktajam pien\u0101kumam kopt Latvijas pamatv\u0113rt\u012bbas \u2013 Latvijas kult\u016bru, mantojumu un valodu. Pla\u0161\u0101ku politisku procesu kontekst\u0101 p\u0101rmai\u0146u vad\u012bba un pla\u0161sazi\u0146as medijos izskan\u0113jus\u012b R\u0113zeknes valstspils\u0113tas pa\u0161vald\u012bbas \u201cv\u0113lme p\u0113c vair\u0101k austrumu repertu\u0101ra\u201d Latgales v\u0113stniec\u012bb\u0101 GORS ir tikai viens no aspektiem, kas apl\u016bkojams ar\u012b kontekst\u0101 ar citiem latvisko identit\u0101ti m\u0113r\u0137tiec\u012bgi mazino\u0161iem pas\u0101kumiem Latgales re\u0123ion\u0101, piem\u0113ram, Latgales Centr\u0101l\u0101s bibliot\u0113kas Ceri\u0146u fili\u0101lbibliot\u0113kas, Daugavpils Novadp\u0113tniec\u012bbas un m\u0101kslas muzeja reorganiz\u0101ciju un citiem. Padomes ieskat\u0101 \u0161\u012b r\u012bc\u012bba rada pamatotas ba\u017eas par m\u0113r\u0137tiec\u012bgu hibr\u012bdapdraud\u0113jumu latviskaj\u0101m un latgaliskaj\u0101m v\u0113rt\u012bb\u0101m.<\/p>\n<p>Padome aicina visas iesaist\u012bt\u0101s instit\u016bcijas uz starpinstitucion\u0101lu dialogu un atbild\u012bgu r\u012bc\u012bbu, lai nodro\u0161in\u0101tu Latvijas kult\u016brtelpas ilgtsp\u0113ju un strat\u0113\u0123iski noz\u012bm\u012bgu kult\u016bras instit\u016bciju aizsardz\u012bbu ilgtermi\u0146\u0101, k\u0101 ar\u012b nov\u0113rstu apdraud\u0113jumus, k\u0101dus rada un n\u0101kotn\u0113 var rad\u012bt patva\u013c\u012bga, Latvijas Republikas Satversmi, likumus un politikas dokumentus ignor\u0113jo\u0161a r\u012bc\u012bba.<\/p>\n<p>Nacion\u0101l\u0101s kult\u016bras padomes priek\u0161s\u0113d\u0113t\u0101ja M. Pavlova<\/p>\n<p>* <a href=\"https:\/\/www.km.gov.lv\/lv\/nacionala-kulturas-padome\" target=\"_blank\" title=\"https:\/\/www.km.gov.lv\/lv\/nacionala-kulturas-padome\" data-auth=\"NotApplicable\" data-linkindex=\"0\" rel=\"nofollow noopener\">Nacion\u0101l\u0101 kult\u016bras padome<\/a>\u00a0(NKP) ir Kult\u016bras ministrijas sabiedriska konsultat\u012bva instit\u016bcija kult\u016bras nozaru un kult\u016brpolitikas jaut\u0101jumos. NKP darbojas k\u0101 sabiedriska sadarb\u012bbas platforma, kuras m\u0113r\u0137is ir veicin\u0101t l\u012bdzsvarotu kult\u016bras un kult\u016bras mantojuma nozaru att\u012bst\u012bbu Latvij\u0101 sabiedr\u012bbas interes\u0113s, veidojot dialogu starp da\u017e\u0101du nozaru strat\u0113\u0123iju un politikas veidot\u0101jiem, \u012bstenot\u0101jiem un sabiedr\u012bbu.<\/p>\n<p>Padomes locek\u013ci:<\/p>\n<p>Anda La\u0137e, M\u0101kslu un kult\u016bras universit\u0101\u0161u sadarb\u012bbas padomes locekle;<\/p>\n<p>Baiba Mo\u013c\u0146ika, Apvienoto N\u0101ciju Izgl\u012bt\u012bbas, zin\u0101tnes un kult\u016bras organiz\u0101cijas (UNESCO) Latvijas Nacion\u0101l\u0101s komisijas \u0123ener\u0101lsekret\u0101re;<\/p>\n<p>Dace Jurka, Latvijas Kult\u016bras darbinieku biedr\u012bbas valdes locekle;<\/p>\n<p>Dagnija Balti\u0146a, biedr\u012bbas \u201cLaiks kult\u016brai\u201d valdes priek\u0161s\u0113d\u0113t\u0101ja;<\/p>\n<p>Dzidra \u0160mita, Latvijas Bibliot\u0113ku padomes priek\u0161s\u0113d\u0113t\u0101ja;<\/p>\n<p>Edv\u012bns Krievi\u0146\u0161, Latvijas Kult\u016bras darbinieku arodbiedr\u012bbas priek\u0161s\u0113d\u0113t\u0101js;<\/p>\n<p>Eg\u012bls \u0160\u0113fers, Latvijas M\u016bzikas padomes priek\u0161s\u0113d\u0113t\u0101js;<\/p>\n<p>Gatis Didrihsons, Nacion\u0101l\u0101s arhitekt\u016bras padomes priek\u0161s\u0113d\u0113t\u0101js;<\/p>\n<p>Gints Gr\u016bbe, Latvijas Filmu padomes priek\u0161s\u0113d\u0113t\u0101js;<\/p>\n<p>\u0122irts Majors, Latvijas Pas\u0101kumu r\u012bkot\u0101ju un pas\u0101kumu producentu padomes priek\u0161s\u0113d\u0113t\u0101js;<\/p>\n<p>In\u0101ra Bula, Nacion\u0101l\u0101s kult\u016bras mantojuma p\u0101rvaldes vad\u012bt\u0101ja;<\/p>\n<p>In\u0101ra Dundure, biedr\u012bbas \u201cLatvijas Pa\u0161vald\u012bbu savien\u012bba\u201d padomniece izgl\u012bt\u012bbas un kult\u016bras jaut\u0101jumos;<\/p>\n<p>Inga Br\u016bvere, biedr\u012bbas \u201cLatvijas Rado\u0161o savien\u012bbu padome\u201d valdes priek\u0161s\u0113d\u0113t\u0101ja;<\/p>\n<p>Ing\u016bna Slaidi\u0146a, Arh\u012bvu padomes priek\u0161s\u0113d\u0113t\u0101ja;<\/p>\n<p>Ints Teterovskis, Dziesmu un deju sv\u0113tku padomes priek\u0161s\u0113d\u0113t\u0101ja vietnieks;<\/p>\n<p>Iveta Derkusova, Latvijas Muzeju padomes priek\u0161s\u0113d\u0113t\u0101ja;<\/p>\n<p>Karine Kalni\u0146a, Latvijas Dizaina padomes priek\u0161s\u0113d\u0113t\u0101ja;<\/p>\n<p>Kaspars Kondratjuks, biedr\u012bbas \u201cKa\u0146epes laikmet\u012bg\u0101s kult\u016bras centrs\u201d rado\u0161ais direktors;<\/p>\n<p>Kri\u0161j\u0101nis Sants, biedr\u012bbas \u201cLaikmet\u012bg\u0101s kult\u016bras nevalstisko organiz\u0101ciju asoci\u0101cija\u201d valdes loceklis;<\/p>\n<p>Lolita Tomsone, biedr\u012bbas \u201c\u017da\u0146a Lipkes memori\u0101ls\u201d direktore;<\/p>\n<p>Maija Pavlova, Latvijas Te\u0101tra padomes priek\u0161s\u0113d\u0113t\u0101ja;<\/p>\n<p>Miks Magone, sabiedr\u012bbas ar ierobe\u017eotu atbild\u012bbu \u201cHanzas Perons\u201d m\u0101kslinieciskais direktors;<\/p>\n<p>Reg\u012bna Kaupu\u017ea, Latvijas Dejas padomes priek\u0161s\u0113d\u0113t\u0101ja;<\/p>\n<p>Ren\u0101te Punka, Latvijas Literat\u016bras un gr\u0101matniec\u012bbas padomes priek\u0161s\u0113d\u0113t\u0101ja;<\/p>\n<p>Signe Puj\u0101te, Latvijas Nacion\u0101l\u0101 kult\u016bras centra direktore;<\/p>\n<p>Solvita Krese, Latvijas Vizu\u0101l\u0101s m\u0101kslas padomes priek\u0161s\u0113d\u0113t\u0101ja;<\/p>\n<p>Uldis Lipskis, Kult\u016brizgl\u012bt\u012bbas padomes priek\u0161s\u0113d\u0113t\u0101js;<\/p>\n<p>Valts Ern\u0161treits, Latvie\u0161u v\u0113sturisko zemju att\u012bst\u012bbas padomes loceklis, l\u012bbie\u0161u kopienas p\u0101rst\u0101vis.<\/p>\n","protected":false},"excerpt":{"rendered":"Par Latgales v\u0113stniec\u012bbas GORS strat\u0113\u0123isko noz\u012bmi Latgales re\u0123ion\u0101 un p\u0101rvald\u012bbu valsts kult\u016brpolitikas kontekst\u0101 God\u0101tie adres\u0101ti, Nacion\u0101l\u0101 kult\u016bras padome*&hellip;\n","protected":false},"author":2,"featured_media":99446,"comment_status":"","ping_status":"","sticky":false,"template":"","format":"standard","meta":{"footnotes":""},"categories":[12],"tags":[23,28,29,32,33,22,30,31,35,39,38,36,37,34,40,20,26,27,24,25,21],"class_list":{"0":"post-99445","1":"post","2":"type-post","3":"status-publish","4":"format-standard","5":"has-post-thumbnail","7":"category-latvija","8":"tag-aktualitates","9":"tag-breaking-news","10":"tag-breakingnews","11":"tag-featured-news","12":"tag-featurednews","13":"tag-headlines","14":"tag-latest-news","15":"tag-latestnews","16":"tag-latvia","17":"tag-latvian","18":"tag-latviesu","19":"tag-latviesu-valoda","20":"tag-latviesuvaloda","21":"tag-latvija","22":"tag-lv","23":"tag-news","24":"tag-popularakas-zinas","25":"tag-popularakaszinas","26":"tag-top-stories","27":"tag-topstories","28":"tag-zinas"},"share_on_mastodon":{"url":"https:\/\/pubeurope.com\/@lv\/115865632345695015","error":""},"_links":{"self":[{"href":"https:\/\/www.europesays.com\/lv\/wp-json\/wp\/v2\/posts\/99445","targetHints":{"allow":["GET"]}}],"collection":[{"href":"https:\/\/www.europesays.com\/lv\/wp-json\/wp\/v2\/posts"}],"about":[{"href":"https:\/\/www.europesays.com\/lv\/wp-json\/wp\/v2\/types\/post"}],"author":[{"embeddable":true,"href":"https:\/\/www.europesays.com\/lv\/wp-json\/wp\/v2\/users\/2"}],"replies":[{"embeddable":true,"href":"https:\/\/www.europesays.com\/lv\/wp-json\/wp\/v2\/comments?post=99445"}],"version-history":[{"count":0,"href":"https:\/\/www.europesays.com\/lv\/wp-json\/wp\/v2\/posts\/99445\/revisions"}],"wp:featuredmedia":[{"embeddable":true,"href":"https:\/\/www.europesays.com\/lv\/wp-json\/wp\/v2\/media\/99446"}],"wp:attachment":[{"href":"https:\/\/www.europesays.com\/lv\/wp-json\/wp\/v2\/media?parent=99445"}],"wp:term":[{"taxonomy":"category","embeddable":true,"href":"https:\/\/www.europesays.com\/lv\/wp-json\/wp\/v2\/categories?post=99445"},{"taxonomy":"post_tag","embeddable":true,"href":"https:\/\/www.europesays.com\/lv\/wp-json\/wp\/v2\/tags?post=99445"}],"curies":[{"name":"wp","href":"https:\/\/api.w.org\/{rel}","templated":true}]}}