{"id":99447,"date":"2026-01-09T14:33:09","date_gmt":"2026-01-09T14:33:09","guid":{"rendered":"https:\/\/www.europesays.com\/lv\/99447\/"},"modified":"2026-01-09T14:33:09","modified_gmt":"2026-01-09T14:33:09","slug":"latvijas-nacionala-opera-un-balets-sanemusi-nozimigu-ziedojumu","status":"publish","type":"post","link":"https:\/\/www.europesays.com\/lv\/99447\/","title":{"rendered":"Latvijas Nacion\u0101l\u0101 opera un balets sa\u0146\u0113musi noz\u012bm\u012bgu ziedojumu"},"content":{"rendered":"<p data-end=\"1964\" data-start=\"1552\">P\u0113teris Ro\u017elapa darbu Latvijas Nacion\u0101laj\u0101 oper\u0101 s\u0101ka\u00a01925. gad\u0101\u00a0k\u0101 scenogr\u0101fa Ludolfa Liberta asistents, bet\u00a01935. gad\u0101\u00a0k\u013cuva par operas galveno scenogr\u0101fu. Vi\u0146\u0161 rad\u012bjis skatuves iet\u0113rpus virknei noz\u012bm\u012bgu iestud\u0113jumu, tostarp Alfr\u0113da Kalni\u0146a operai\u00a0\u201cBa\u0146uta\u201d, D\u017euzepes Verdi\u00a0\u201cA\u012bdai\u201d\u00a0un\u00a0\u201cMasku ballei\u201d, Mocarta\u00a0\u201cBurvju flautai\u201d, \u010caikovska baletam\u00a0\u201cGulbju ezers\u201d, k\u0101 ar\u012b cit\u0101m oper\u0101m un baletiem.<\/p>\n","protected":false},"excerpt":{"rendered":"P\u0113teris Ro\u017elapa darbu Latvijas Nacion\u0101laj\u0101 oper\u0101 s\u0101ka\u00a01925. gad\u0101\u00a0k\u0101 scenogr\u0101fa Ludolfa Liberta asistents, bet\u00a01935. gad\u0101\u00a0k\u013cuva par operas galveno scenogr\u0101fu.&hellip;\n","protected":false},"author":2,"featured_media":99448,"comment_status":"","ping_status":"","sticky":false,"template":"","format":"standard","meta":{"footnotes":""},"categories":[5],"tags":[23,28,29,32,33,22,30,31,35,39,38,36,37,34,40,20,26,27,24,25,21],"class_list":{"0":"post-99447","1":"post","2":"type-post","3":"status-publish","4":"format-standard","5":"has-post-thumbnail","7":"category-aktualitates","8":"tag-aktualitates","9":"tag-breaking-news","10":"tag-breakingnews","11":"tag-featured-news","12":"tag-featurednews","13":"tag-headlines","14":"tag-latest-news","15":"tag-latestnews","16":"tag-latvia","17":"tag-latvian","18":"tag-latviesu","19":"tag-latviesu-valoda","20":"tag-latviesuvaloda","21":"tag-latvija","22":"tag-lv","23":"tag-news","24":"tag-popularakas-zinas","25":"tag-popularakaszinas","26":"tag-top-stories","27":"tag-topstories","28":"tag-zinas"},"share_on_mastodon":{"url":"https:\/\/pubeurope.com\/@lv\/115865636383807275","error":""},"_links":{"self":[{"href":"https:\/\/www.europesays.com\/lv\/wp-json\/wp\/v2\/posts\/99447","targetHints":{"allow":["GET"]}}],"collection":[{"href":"https:\/\/www.europesays.com\/lv\/wp-json\/wp\/v2\/posts"}],"about":[{"href":"https:\/\/www.europesays.com\/lv\/wp-json\/wp\/v2\/types\/post"}],"author":[{"embeddable":true,"href":"https:\/\/www.europesays.com\/lv\/wp-json\/wp\/v2\/users\/2"}],"replies":[{"embeddable":true,"href":"https:\/\/www.europesays.com\/lv\/wp-json\/wp\/v2\/comments?post=99447"}],"version-history":[{"count":0,"href":"https:\/\/www.europesays.com\/lv\/wp-json\/wp\/v2\/posts\/99447\/revisions"}],"wp:featuredmedia":[{"embeddable":true,"href":"https:\/\/www.europesays.com\/lv\/wp-json\/wp\/v2\/media\/99448"}],"wp:attachment":[{"href":"https:\/\/www.europesays.com\/lv\/wp-json\/wp\/v2\/media?parent=99447"}],"wp:term":[{"taxonomy":"category","embeddable":true,"href":"https:\/\/www.europesays.com\/lv\/wp-json\/wp\/v2\/categories?post=99447"},{"taxonomy":"post_tag","embeddable":true,"href":"https:\/\/www.europesays.com\/lv\/wp-json\/wp\/v2\/tags?post=99447"}],"curies":[{"name":"wp","href":"https:\/\/api.w.org\/{rel}","templated":true}]}}