{"id":99449,"date":"2026-01-09T14:34:06","date_gmt":"2026-01-09T14:34:06","guid":{"rendered":"https:\/\/www.europesays.com\/lv\/99449\/"},"modified":"2026-01-09T14:34:06","modified_gmt":"2026-01-09T14:34:06","slug":"eras-beigas-pienakusi-kulta-seriala-nemiletie-nosledzosa-sezona","status":"publish","type":"post","link":"https:\/\/www.europesays.com\/lv\/99449\/","title":{"rendered":"\u0112ras beigas: pien\u0101kusi kulta seri\u0101la \u201cNem\u012bl\u0113tie\u201d nosl\u0113dzo\u0161\u0101 sezona"},"content":{"rendered":"<p>\u201cNem\u012bl\u0113tie\u201d nosl\u0113dzo\u0161aj\u0101 sezon\u0101 sastapsim ar\u012b jaunus t\u0113lus, kuru patiesie nodomi nav skaidri nevienam. Aiz vi\u0146u klus\u0113\u0161anas sl\u0113pjas st\u0101sti, kas var izjaukt l\u012bdz\u0161in\u0113jo k\u0101rt\u012bbu. Ir skaidrs, ka notikumi, kas tuvojas, satricin\u0101s visu, kas l\u012bdz \u0161im v\u0113l \u0161\u0137itis stabils. Tas viss \u2013 \u201cNem\u012bl\u0113tie\u201d fin\u0101lsezon\u0101!<\/p>\n<p>P\u0113c ilga p\u0101rtraukuma Tims sastop savu m\u0101ti Eniju, kura ir krasi main\u012bjusi savu dz\u012bvi. Vi\u0146as atgrie\u0161an\u0101s k\u013c\u016bst par pagrieziena punktu ne tikai Tima likten\u012b, bet ar\u012b vi\u0146a t\u0113va \u2013 Vitauta Morica \u2013 dz\u012bv\u0113. Tikm\u0113r Morics un Di\u0101na turpina c\u012b\u0146u ar Di\u0101nas biju\u0161o v\u012bru K\u0101rli, kur\u0161 joproj\u0101m apdraud vi\u0146u mieru un dro\u0161\u012bbu.<\/p>\n<p>Koganu \u0123imen\u0113 s\u0101kas iek\u0161\u0113js sabrukums \u2013 nesp\u0113ja sadal\u012bt ietekmes sf\u0113ras sa\u0161\u0137e\u013c l\u012bdz\u0161in\u0113jo vienot\u012bbu. Viktorija non\u0101k smagas izv\u0113les priek\u0161\u0101, maldoties starp div\u0101m attiec\u012bb\u0101m \u2013 ar D\u0113monu un T\u0101li. Kalvja m\u012b\u013cot\u0101 D\u0101rta iem\u012blas Raj\u0101, ta\u010du Kalvja izlikt\u0101s lamatas, kuras vi\u0146\u0161 \u012bsteno ar D\u0101rtas pal\u012bdz\u012bbu, izraisa neparedzamas un posto\u0161as sekas.<\/p>\n<p>Ozols c\u012bn\u0101s ar nopietn\u0101m vesel\u012bbas probl\u0113m\u0101m. Pat br\u0101\u013ca Kalvja atst\u0101tais mantojums vi\u0146am vairs nesniedz motiv\u0101ciju turpin\u0101t c\u012b\u0146u. Savuk\u0101rt Raimonda uzs\u0101k vilt\u012bgu un riskantu sp\u0113li pret \u0136\u0113ni\u0146u, nenojau\u0161ot, ka \u0161\u012b sp\u0113le var maks\u0101t d\u0101rgi pa\u0161as dz\u012bv\u0113.<\/p>\n<p class=\"ad-desc ad-desc-main\">Saturs turpin\u0101s p\u0113c rekl\u0101mas<\/p>\n<p class=\"ad-desc ad-desc-sec\">Rekl\u0101ma<\/p>\n<p>\u201c\u0160\u012b sezona ir pies\u0101tin\u0101ta ar spraigu c\u012b\u0146u ne tikai par naudu un varu, bet ar\u012b par godu, uztic\u012bbu un principiem. Viltus attiec\u012bbas, liekul\u012bba un nodev\u012bba k\u013c\u016bst par ikdienu, kur\u0101 katrs solis tiek sperts savt\u012bgu m\u0113r\u0137u v\u0101rd\u0101,\u201d atkl\u0101j seri\u0101la veidot\u0101ji \u2013 producentu komp\u0101nijas SIA \u201cSeri\u0101lu m\u0101jas\u201d producenti Ieva Salcevi\u010da un Rimvids Martinaitis.<\/p>\n<p>\u0160\u012bs sezonas \u201cNem\u012bl\u0113tie\u201d re\u017eisora pien\u0101kumi uztic\u0113ti M\u0101rim Bezmeram un Didzim Egl\u012btim. Bet seri\u0101la galveno t\u0113lu lom\u0101s redz\u0113sim spo\u017eu aktieru plej\u0101di: Juri Kalni\u0146u, M\u0101rti\u0146u Vilsonu, Normundu Laiz\u0101nu, Janusu Johansonu, Gati G\u0101gu, M\u0101rti\u0146u Upenieku, Arti Jan\u010devski, Annu Kl\u0113veri, Sanitu Paulu un daudzus citus.<\/p>\n<p>Skaties seri\u0101la \u201cNem\u012bl\u0113tie\u201d nosl\u0113dzo\u0161o sezonu kan\u0101l\u0101 TV3 no 19. janv\u0101ra pirmdien\u0101s-ceturtdien\u0101s pulksten 21.10. Bet nepaciet\u012bg\u0101kajiem seri\u0101la faniem jau no 12. janv\u0101ra b\u016bs iesp\u0113ja redz\u0113t jaun\u0101k\u0101s epizodes Go3 telev\u012bzij\u0101, kur ik ned\u0113\u013cu tiks public\u0113tas uzreiz \u010detras s\u0113rijas.<\/p>\n<p class=\"tv3-fw-500\">Zi\u0146o par k\u013c\u016bdu rakst\u0101<\/p>\n<p class=\"d-md-block d-none\">Iez\u012bm\u0113 k\u013c\u016bdaino tekstu un spied Ctrl+Enter.<\/p>\n<p class=\"d-md-none d-block\">Iez\u012bm\u0113 k\u013c\u016bdaino tekstu un zi\u0146o par to!<\/p>\n","protected":false},"excerpt":{"rendered":"\u201cNem\u012bl\u0113tie\u201d nosl\u0113dzo\u0161aj\u0101 sezon\u0101 sastapsim ar\u012b jaunus t\u0113lus, kuru patiesie nodomi nav skaidri nevienam. Aiz vi\u0146u klus\u0113\u0161anas sl\u0113pjas st\u0101sti,&hellip;\n","protected":false},"author":2,"featured_media":99450,"comment_status":"","ping_status":"","sticky":false,"template":"","format":"standard","meta":{"footnotes":""},"categories":[19],"tags":[89,90,35,39,38,36,37,34,40,24307],"class_list":{"0":"post-99449","1":"post","2":"type-post","3":"status-publish","4":"format-standard","5":"has-post-thumbnail","7":"category-izklaide","8":"tag-entertainment","9":"tag-izklaide","10":"tag-latvia","11":"tag-latvian","12":"tag-latviesu","13":"tag-latviesu-valoda","14":"tag-latviesuvaloda","15":"tag-latvija","16":"tag-lv","17":"tag-serials-nemiletie"},"share_on_mastodon":{"url":"https:\/\/pubeurope.com\/@lv\/115865640244410466","error":""},"_links":{"self":[{"href":"https:\/\/www.europesays.com\/lv\/wp-json\/wp\/v2\/posts\/99449","targetHints":{"allow":["GET"]}}],"collection":[{"href":"https:\/\/www.europesays.com\/lv\/wp-json\/wp\/v2\/posts"}],"about":[{"href":"https:\/\/www.europesays.com\/lv\/wp-json\/wp\/v2\/types\/post"}],"author":[{"embeddable":true,"href":"https:\/\/www.europesays.com\/lv\/wp-json\/wp\/v2\/users\/2"}],"replies":[{"embeddable":true,"href":"https:\/\/www.europesays.com\/lv\/wp-json\/wp\/v2\/comments?post=99449"}],"version-history":[{"count":0,"href":"https:\/\/www.europesays.com\/lv\/wp-json\/wp\/v2\/posts\/99449\/revisions"}],"wp:featuredmedia":[{"embeddable":true,"href":"https:\/\/www.europesays.com\/lv\/wp-json\/wp\/v2\/media\/99450"}],"wp:attachment":[{"href":"https:\/\/www.europesays.com\/lv\/wp-json\/wp\/v2\/media?parent=99449"}],"wp:term":[{"taxonomy":"category","embeddable":true,"href":"https:\/\/www.europesays.com\/lv\/wp-json\/wp\/v2\/categories?post=99449"},{"taxonomy":"post_tag","embeddable":true,"href":"https:\/\/www.europesays.com\/lv\/wp-json\/wp\/v2\/tags?post=99449"}],"curies":[{"name":"wp","href":"https:\/\/api.w.org\/{rel}","templated":true}]}}