{"id":99451,"date":"2026-01-09T14:35:07","date_gmt":"2026-01-09T14:35:07","guid":{"rendered":"https:\/\/www.europesays.com\/lv\/99451\/"},"modified":"2026-01-09T14:35:07","modified_gmt":"2026-01-09T14:35:07","slug":"lieliskais-sezonas-sakums-pasaules-kausa-nedaudz-parsteidza-ari-mani-ziemas-sports-sportacentrs-com","status":"publish","type":"post","link":"https:\/\/www.europesays.com\/lv\/99451\/","title":{"rendered":"&#8220;Lieliskais sezonas s\u0101kums Pasaules kaus\u0101 nedaudz p\u0101rsteidza ar\u012b mani&#8221; \u2013 Ziemas sports \u2013 Sportacentrs.com"},"content":{"rendered":"<p>&#8220;Ir izdevies sekm\u012bgi atg\u016bties no slim\u012bbas, kas uzn\u0101ca uzreiz p\u0113c PK pirm\u0101 posma Zviedrij\u0101. Kaut k\u0101ds v\u012bruss tika sa\u0137erts, bet tagad viss k\u0101rt\u012bb\u0101. Ar lielu interesi un optimismu gaidu n\u0101kamo ned\u0113\u013cu, kad start\u0113\u0161u m\u0101jas sacens\u012bb\u0101s Latvij\u0101 &#8211; IBU Junioru kausa posm\u0101 Madon\u0101. Sav\u0101 m\u0101jas tras\u0113 un sav\u0101 vecuma grup\u0101 &#8211; ir t\u0101ds pat\u012bkams satraukums un labas cer\u012bbas,&#8221; sac\u012bja Estere Volfa.<\/p>\n<p>&#8220;M\u0113r\u0137is Madon\u0101 man noteikti b\u016bs meda\u013cas. Protams, b\u016b\u0161u priec\u012bga par jebk\u0101du rezult\u0101tu, ja vien pati b\u016b\u0161u paveikusi savu maksimumu. Bet meda\u013cas ir tas, p\u0113c k\u0101 tiek\u0161os,&#8221; ap\u0146\u0113m\u012bgi teica Volfa.<\/p>\n<p>Vi\u0146a nor\u0101d\u012bja, ka no sportistu poz\u012bcij\u0101m Smeceres sila trase l\u012bme\u0146a zi\u0146\u0101 neatpaliek no Pasaules kausa posmu tras\u0113m: &#8220;Ja Madon\u0101 ir daudz sniega, tad tras\u0113 \u012bsti at\u0161\u0137ir\u012bbu nevar pateikt. Tur ir ar\u012b jauna \u0161autuve, lab\u0101k\u0101 Latvij\u0101. Protams, kopum\u0101 visa infrastrukt\u016bra nav tik augst\u0101 l\u012bmen\u012b, lai r\u012bkotu PK posmus, bet tie\u0161i pati trase ir \u013coti lab\u0101 st\u0101vokl\u012b.&#8221;<\/p>\n<p>Volfa gan izteic\u0101s, ka atmosf\u0113ras zi\u0146\u0101 Pasaules kausa posmi tom\u0113r ir kaut kas \u012bpa\u0161s: &#8220;Iepriek\u0161\u0113j\u0101 sezon\u0101, kad piedal\u012bjos visos l\u012bme\u0146os (PK, IBU kaus\u0101 un junioru kaus\u0101), var\u0113ju spilgti nov\u0113rot at\u0161\u0137ir\u012bbas. Pasaules kaus\u0101 \u0161\u012b at\u0161\u0137ir\u012bba bija milz\u012bga. \u013boti daudz ko maina l\u012bdzjut\u0113ji trases mal\u0101, daudz liel\u0101ks troksnis visapk\u0101rt, it \u012bpa\u0161i, ja v\u0113l latvie\u0161i atbrauku\u0161i. Tad tev ir daudz liel\u0101ka atbild\u012bba, zini, ka sacens\u012bbas tiek film\u0113tas un ka tas viss ir Latvijas Telev\u012bzij\u0101.&#8221;<\/p>\n<p>Volfa \u0161oned\u0113\u013c izpeln\u012bj\u0101s Tr\u012bs zvaig\u017e\u0146u balvu k\u0101 Latvijas gada uzleco\u0161\u0101 zvaigzne, un papildus vi\u0146as augstajiem rezult\u0101tiem P\u010c U22 tur tika atz\u012bm\u0113ti ar\u012b vi\u0146as pan\u0101kumi Pasaules kausa sezonas ievad\u0101. Decembr\u012b Zviedrij\u0101 Volfa izc\u012bn\u012bja 23. vietu iedz\u012b\u0161an\u0101 un 28. vietu klasik\u0101, kas vi\u0146ai \u0161obr\u012bd sniedz 55. vietu Pasaules kausa kopv\u0113rt\u0113jum\u0101.<\/p>\n<p>&#8220;Man pa\u0161ai ar\u012b bija p\u0101rsteigums par PK sezonas s\u0101kumu,&#8221; nesl\u0113pa Volfa. &#8220;Jau no iepriek\u0161\u0113j\u0101 gada bija p\u0101rliec\u012bba, ka man var san\u0101kt labas lietas, bet to, ka tas izdosies jau pa\u0161\u0101 s\u0101kuma, gan atz\u012bstu k\u0101 nedaudz p\u0101rsteidzo\u0161u faktu.&#8221;<\/p>\n<p>&#8220;Turkl\u0101t man ar\u012b ir t\u0101, ka vienm\u0113r gribas augst\u0101k. Ja izskrienu savu lab\u0101ko vietu, tad n\u0101kamaj\u0101 reiz\u0113 jau ir v\u0113lme p\u0113c kaut k\u0101 v\u0113l lab\u0101ka,&#8221; turpin\u0101ja Latvijas jaun\u0101 biatloniste. &#8220;Tagad ir cer\u012bba iek\u013c\u016bt &#8220;Top 20&#8243; k\u0101d\u0101 PK posm\u0101. Bet nu galvenie m\u0113r\u0137i paliek nemain\u012bgi &#8211; maksim\u0101li bie\u017ei tikt pie PK punktiem un start\u0113t stabili, lai kr\u0101tu punktus N\u0101ciju kausa ieskait\u0113. Tas m\u016bsu izlasei ir \u013coti svar\u012bgi, \u0161osezon j\u0101iek\u013c\u016bst starp lab\u0101kaj\u0101m 17 valst\u012bm, lai n\u0101kamsezon Pasaules kaus\u0101 var\u0113tu start\u0113t ar \u010detr\u0101m sportist\u0113m, nevis trim k\u0101 tagad. Tas neb\u016bs viegli, jo to pa\u0161u jau v\u0113las daudzas komandas. Visi att\u012bst\u0101s, un biatlons att\u012bst\u0101s kopum\u0101. Tagad \u013coti labi var nov\u0113rot, ka visi tik \u013coti labi \u0161auj. Statistiski skaidri redzams, ka PK konkurenc\u0113 v\u0113l nekad nav kop\u0113jais l\u012bmenis \u0161au\u0161anas precizit\u0101tes un \u0101truma zi\u0146\u0101 nav bijis tik augsts k\u0101 tagad.&#8221;<\/p>\n<p>L\u012bdz ar PK pan\u0101kumiem sezonas s\u0101kum\u0101 Volfai izdev\u0101s kvalific\u0113ties olimpiskaj\u0101m sp\u0113l\u0113m Mil\u0101n\u0101. Vi\u0146ai \u0161\u012bs b\u016bs otr\u0101s OS &#8211; 2022. gad\u0101 Pekin\u0101 vi\u0146a start\u0113ja distan\u010du sl\u0113po\u0161an\u0101.<\/p>\n<p>&#8220;Tagad atskatoties uz kvalific\u0113\u0161an\u0101s procesu, j\u0101saka, ka man svar\u012bg\u0101kais bija pirmssezonas sacens\u012bb\u0101s tikt pie vietas Pasaules kaus\u0101 Latvijas izlas\u0113,&#8221; teica Volfa. &#8220;Tur ir maz\u0101k vietu nek\u0101 OS sast\u0101v\u0101. Kad tas izdev\u0101s, sapratu, ka ar\u012b OS ce\u013caz\u012bme ir tuvum\u0101. Bija iek\u0161\u0113ja saj\u016bta, ka viss izdosies. Paveic\u0101s, ka krit\u0113rijus izpild\u012bju tie\u0161i pirms saslim\u0161anas. P\u0113c slim\u012bbas&#8230; j\u0101, tad nu b\u016btu, k\u0101 b\u016btu, nezinu, vai b\u016btu izdevies.&#8221;<\/p>\n<p>&#8220;Sagaidu, ka \u0161eit b\u016bs pavisam jauna pieredze,&#8221; vi\u0146a st\u0101st\u012bja. &#8220;Pekin\u0101 tom\u0113r v\u0113l bija Covid-19 ierobe\u017eojumi, t\u0101 olimpisk\u0101 pieredze nebija pilnv\u0113rt\u012bga. \u013boti gaidu, ka mana \u0123imene tagad b\u016bs kl\u0101tien\u0113 olimpiskaj\u0101s sp\u0113l\u0113s uz maniem startiem. Var\u0113sim kop\u012bgi izbaud\u012bt \u0161os mirk\u013cus, cer\u0113sim uz lab\u0101m viet\u0101m. Bet kopum\u0101 man nav t\u0101da spiediena, ka tagad kaut kas \u012bpa\u0161s tur j\u0101nodemonstr\u0113. Varb\u016bt tas spiediens uzn\u0101ks, kad b\u016b\u0161u jau kl\u0101tien\u0113 sacens\u012bb\u0101s. Bet princip\u0101 man nevajag sev uzlikt nek\u0101du papildus atbild\u012bbas nastu &#8211; man vajag izbaud\u012bt, ka esmu jauna un olimpiskaj\u0101s sp\u0113l\u0113s.&#8221;<\/p>\n","protected":false},"excerpt":{"rendered":"&#8220;Ir izdevies sekm\u012bgi atg\u016bties no slim\u012bbas, kas uzn\u0101ca uzreiz p\u0113c PK pirm\u0101 posma Zviedrij\u0101. Kaut k\u0101ds v\u012bruss tika&hellip;\n","protected":false},"author":2,"featured_media":80724,"comment_status":"","ping_status":"","sticky":false,"template":"","format":"standard","meta":{"footnotes":""},"categories":[17],"tags":[35,39,38,36,37,34,40,67,620],"class_list":{"0":"post-99451","1":"post","2":"type-post","3":"status-publish","4":"format-standard","5":"has-post-thumbnail","7":"category-sports","8":"tag-latvia","9":"tag-latvian","10":"tag-latviesu","11":"tag-latviesu-valoda","12":"tag-latviesuvaloda","13":"tag-latvija","14":"tag-lv","15":"tag-sports","16":"tag-ziemas-sports"},"share_on_mastodon":{"url":"https:\/\/pubeurope.com\/@lv\/115865644051811227","error":""},"_links":{"self":[{"href":"https:\/\/www.europesays.com\/lv\/wp-json\/wp\/v2\/posts\/99451","targetHints":{"allow":["GET"]}}],"collection":[{"href":"https:\/\/www.europesays.com\/lv\/wp-json\/wp\/v2\/posts"}],"about":[{"href":"https:\/\/www.europesays.com\/lv\/wp-json\/wp\/v2\/types\/post"}],"author":[{"embeddable":true,"href":"https:\/\/www.europesays.com\/lv\/wp-json\/wp\/v2\/users\/2"}],"replies":[{"embeddable":true,"href":"https:\/\/www.europesays.com\/lv\/wp-json\/wp\/v2\/comments?post=99451"}],"version-history":[{"count":0,"href":"https:\/\/www.europesays.com\/lv\/wp-json\/wp\/v2\/posts\/99451\/revisions"}],"wp:featuredmedia":[{"embeddable":true,"href":"https:\/\/www.europesays.com\/lv\/wp-json\/wp\/v2\/media\/80724"}],"wp:attachment":[{"href":"https:\/\/www.europesays.com\/lv\/wp-json\/wp\/v2\/media?parent=99451"}],"wp:term":[{"taxonomy":"category","embeddable":true,"href":"https:\/\/www.europesays.com\/lv\/wp-json\/wp\/v2\/categories?post=99451"},{"taxonomy":"post_tag","embeddable":true,"href":"https:\/\/www.europesays.com\/lv\/wp-json\/wp\/v2\/tags?post=99451"}],"curies":[{"name":"wp","href":"https:\/\/api.w.org\/{rel}","templated":true}]}}