{"id":99452,"date":"2026-01-09T14:37:11","date_gmt":"2026-01-09T14:37:11","guid":{"rendered":"https:\/\/www.europesays.com\/lv\/99452\/"},"modified":"2026-01-09T14:37:11","modified_gmt":"2026-01-09T14:37:11","slug":"krievija-vairs-neuzbruks-tramps-devis-majienu-ka-asv-ir-gatava-aizstavet-ukrainu-nakotne-2","status":"publish","type":"post","link":"https:\/\/www.europesays.com\/lv\/99452\/","title":{"rendered":"&#8220;Krievija vairs neuzbruks.&#8221; Tramps devis m\u0101jienu, ka ASV ir gatava aizst\u0101v\u0113t Ukrainu n\u0101kotn\u0113"},"content":{"rendered":"<p>&#8220;Es dom\u0101ju, ka vi\u0146\u0161 v\u0113las nosl\u0113gt dar\u012bjumu. Bet es par to dom\u0101ju &#8211; es par to dom\u0101ju jau ilgu laiku,&#8221; sac\u012bja Amerikas prezidents.<\/p>\n<p>Koment\u0113jot iesp\u0113jamo miera l\u012bgumu, kas sniegtu milit\u0101ru atbalstu Ukrainai jauna Krievijas uzbrukuma gad\u012bjum\u0101, Tramps uzsv\u0113ra, ka Amerikas Savienot\u0101s Valstis taj\u0101 neuz\u0146emsies vado\u0161o lomu.<\/p>\n<p>&#8220;Teiksim t\u0101: t\u0101s sabiedrotie, visa Eiropa, citas valstis, kas taj\u0101 iesaist\u0101s, &#8211; un Amerikas Savienot\u0101s Valstis,&#8221; vi\u0146\u0161 atz\u012bm\u0113ja.<\/p>\n<p>K\u0101 zi\u0146oja UNIAN, Ukrainas prezidents Volodimirs Zelenskis uzsv\u0113ris, ka divpus\u0113jais dokuments par Amerikas dro\u0161\u012bbas garantij\u0101m Ukrainai b\u016bt\u012bb\u0101 ir gatavs apstiprin\u0101\u0161anai augst\u0101kaj\u0101 l\u012bmen\u012b.<\/p>\n<p>Turkl\u0101t, k\u0101 piebilda valsts vad\u012bt\u0101js, &#8220;tika apspriesti ar\u012b sare\u017e\u0123\u012bti jaut\u0101jumi no kara izbeig\u0161anas pamatprincipiem, un Ukrainas puse iepaz\u012bstin\u0101ja ar iesp\u0113jam\u0101m iesp\u0113j\u0101m \u0161\u012b dokumenta pabeig\u0161anai&#8221;.<\/p>\n","protected":false},"excerpt":{"rendered":"&#8220;Es dom\u0101ju, ka vi\u0146\u0161 v\u0113las nosl\u0113gt dar\u012bjumu. Bet es par to dom\u0101ju &#8211; es par to dom\u0101ju jau&hellip;\n","protected":false},"author":2,"featured_media":98024,"comment_status":"","ping_status":"","sticky":false,"template":"","format":"standard","meta":{"footnotes":""},"categories":[14],"tags":[23,57,28,29,542,32,33,22,234,74,30,31,35,39,38,36,37,34,40,20,26,27,24,25,178,54,55,56,21,58],"class_list":{"0":"post-99452","1":"post","2":"type-post","3":"status-publish","4":"format-standard","5":"has-post-thumbnail","7":"category-zinas-no-arvalstim","8":"tag-aktualitates","9":"tag-arvalstim","10":"tag-breaking-news","11":"tag-breakingnews","12":"tag-donalds-tramps","13":"tag-featured-news","14":"tag-featurednews","15":"tag-headlines","16":"tag-krievija","17":"tag-krievijas-iebrukums-ukraina","18":"tag-latest-news","19":"tag-latestnews","20":"tag-latvia","21":"tag-latvian","22":"tag-latviesu","23":"tag-latviesu-valoda","24":"tag-latviesuvaloda","25":"tag-latvija","26":"tag-lv","27":"tag-news","28":"tag-popularakas-zinas","29":"tag-popularakaszinas","30":"tag-top-stories","31":"tag-topstories","32":"tag-volodimirs-zelenskis","33":"tag-world","34":"tag-world-news","35":"tag-worldnews","36":"tag-zinas","37":"tag-zinas-no-arvalstim"},"share_on_mastodon":{"url":"https:\/\/pubeurope.com\/@lv\/115865652025577629","error":""},"_links":{"self":[{"href":"https:\/\/www.europesays.com\/lv\/wp-json\/wp\/v2\/posts\/99452","targetHints":{"allow":["GET"]}}],"collection":[{"href":"https:\/\/www.europesays.com\/lv\/wp-json\/wp\/v2\/posts"}],"about":[{"href":"https:\/\/www.europesays.com\/lv\/wp-json\/wp\/v2\/types\/post"}],"author":[{"embeddable":true,"href":"https:\/\/www.europesays.com\/lv\/wp-json\/wp\/v2\/users\/2"}],"replies":[{"embeddable":true,"href":"https:\/\/www.europesays.com\/lv\/wp-json\/wp\/v2\/comments?post=99452"}],"version-history":[{"count":0,"href":"https:\/\/www.europesays.com\/lv\/wp-json\/wp\/v2\/posts\/99452\/revisions"}],"wp:featuredmedia":[{"embeddable":true,"href":"https:\/\/www.europesays.com\/lv\/wp-json\/wp\/v2\/media\/98024"}],"wp:attachment":[{"href":"https:\/\/www.europesays.com\/lv\/wp-json\/wp\/v2\/media?parent=99452"}],"wp:term":[{"taxonomy":"category","embeddable":true,"href":"https:\/\/www.europesays.com\/lv\/wp-json\/wp\/v2\/categories?post=99452"},{"taxonomy":"post_tag","embeddable":true,"href":"https:\/\/www.europesays.com\/lv\/wp-json\/wp\/v2\/tags?post=99452"}],"curies":[{"name":"wp","href":"https:\/\/api.w.org\/{rel}","templated":true}]}}