{"id":99493,"date":"2026-01-09T15:27:13","date_gmt":"2026-01-09T15:27:13","guid":{"rendered":"https:\/\/www.europesays.com\/lv\/99493\/"},"modified":"2026-01-09T15:27:13","modified_gmt":"2026-01-09T15:27:13","slug":"lacenei-ilzitei-11-janvari-aprites-25-gadi-velga-vitola-jubileju-ieskandina-jau-sodien","status":"publish","type":"post","link":"https:\/\/www.europesays.com\/lv\/99493\/","title":{"rendered":"l\u0101cenei Ilz\u012btei 11. janv\u0101r\u012b aprit\u0113s 25 gadi, Velga V\u012btola jubileju ieskandina jau \u0161odien"},"content":{"rendered":"<p>L\u012bgatnes dabas taku un Latvij\u0101 slaven\u0101kajai l\u0101cenei Ilz\u012btei 11. janv\u0101r\u012b b\u016bs 25. dzim\u0161anas diena. Vi\u0146as otr\u0101 mamma, dz\u012bvnieku kop\u0113ja Velga V\u012btola, jau \u0161odien soci\u0101lajos medijos dal\u012bjusies ar aizkustino\u0161u bil\u017eu st\u0101stu, kas atg\u0101dina par \u0161o neparasto ce\u013cu \u2013 par m\u012blest\u012bbu, paciet\u012bbu un uztic\u0113\u0161anos starp cilv\u0113ku un savva\u013cas dz\u012bvnieku.<\/p>\n<p>Pag\u0101ju\u0161i 25 gadi kop\u0161 dz\u012bvnieku kop\u0113ja Velga V\u012btola sav\u0101s rok\u0101s pa\u0146\u0113ma tikko dzimu\u0161u, nevar\u012bgu un biolo\u0123isk\u0101s m\u0101tes pamestu l\u0101cen\u012bti. Toreiz vi\u0146a v\u0113l nezin\u0101ja, ka \u0161is mazais dz\u012bvnieks k\u013c\u016bs par \u012bpa\u0161u dz\u012bves da\u013cu un st\u0101stu, kas aizkustin\u0101s t\u016bksto\u0161iem cilv\u0113ku. Velga atceras, ka Ilz\u012bte sv\u0113rusi vien ap puskilogramu un burtiski ietilpusi plaukst\u0101. &#8220;Es vi\u0146u atnesu uz plaukstas. Pirmo gadu staig\u0101j\u0101m pa me\u017eu no r\u012btiem agri. Es m\u0101c\u012bjos, k\u0101 l\u0101c\u0113ns dz\u012bvo dab\u0101, ko \u0113d,&#8221; &#8220;ReTV&#8221; film\u0113\u0161anas grupai pirms trim gadiem st\u0101st\u012bja Velga, atceroties laiku, kad abas soli pa solim iepazina pasauli kop\u0101. Tie\u0161i Ilz\u012bte, v\u0113l pavisam mazi\u0146a, iem\u0101c\u012bja, ka l\u0101\u010diem \u013coti gar\u0161o z\u012bles \u2013 t\u0101s vi\u0146a grauzusi k\u0101 konfektes.<\/p>\n<p>Ilz\u012btes st\u0101sts nav bijis parasts. Vi\u0146as mamma bija viena no retaj\u0101m l\u0101cen\u0113m, kas negul\u0113ja ziemas miegu. Ja l\u0101\u010da mamma negu\u013c ziemas miegu, vi\u0146a pat fiziski nesp\u0113j par\u016bp\u0113ties par savu mazuli. \u0160\u0101dos apst\u0101k\u013cos izdz\u012bvo\u0161ana ir gandr\u012bz neiesp\u0113jama. Velga bija tas cilv\u0113ks, kur\u0161 uz\u0146\u0113m\u0101s atbild\u012bbu un risku, pa\u0146emot l\u0101cen\u012bti uz m\u0101j\u0101m, ar cer\u012bbu, ka izdosies vi\u0146u pabarot, izaudzin\u0101t un pal\u012bdz\u0113t izaugt par lielu, stipru l\u0101ci.<\/p>\n<p class=\"m-0\">Seko &#8220;Delfi&#8221; ar\u012b  <a target=\"_blank\" href=\"https:\/\/www.instagram.com\/delfi.lv\/\" rel=\"nofollow noopener\">Instagram<\/a>  un <a target=\"_blank\" href=\"https:\/\/www.youtube.com\/channel\/UCw5foWtcJvAbUm64rv7jwUQ\" rel=\"nofollow noopener\">YouTube<\/a>  profil\u0101 \u2013 pievienojies, lai uzzin\u0101tu svar\u012bg\u0101ko un interesant\u0101ko pirmais!<\/p>\n<p>Publik\u0101cijas saturs vai t\u0101s jebk\u0101da apjoma da\u013ca ir aizsarg\u0101ts autorties\u012bbu objekts Autorties\u012bbu likuma izpratn\u0113, un t\u0101 izmanto\u0161ana bez izdev\u0113ja at\u013caujas ir aizliegta. Vair\u0101k lasi  <a target=\"_blank\" href=\"https:\/\/www.delfi.lv\/noteikumi#autortiesibas\" rel=\"nofollow noopener\">\u0161eit<\/a><script async src=\"\/\/www.instagram.com\/embed.js\"><\/script><\/p>\n","protected":false},"excerpt":{"rendered":"L\u012bgatnes dabas taku un Latvij\u0101 slaven\u0101kajai l\u0101cenei Ilz\u012btei 11. janv\u0101r\u012b b\u016bs 25. dzim\u0161anas diena. Vi\u0146as otr\u0101 mamma, dz\u012bvnieku&hellip;\n","protected":false},"author":2,"featured_media":99494,"comment_status":"","ping_status":"","sticky":false,"template":"","format":"standard","meta":{"footnotes":""},"categories":[5],"tags":[23,28,29,32,33,22,1227,30,31,35,39,38,36,37,34,24313,40,20,26,27,24,25,21],"class_list":{"0":"post-99493","1":"post","2":"type-post","3":"status-publish","4":"format-standard","5":"has-post-thumbnail","7":"category-aktualitates","8":"tag-aktualitates","9":"tag-breaking-news","10":"tag-breakingnews","11":"tag-featured-news","12":"tag-featurednews","13":"tag-headlines","14":"tag-lacis","15":"tag-latest-news","16":"tag-latestnews","17":"tag-latvia","18":"tag-latvian","19":"tag-latviesu","20":"tag-latviesu-valoda","21":"tag-latviesuvaloda","22":"tag-latvija","23":"tag-ligatnes-dabas-takas","24":"tag-lv","25":"tag-news","26":"tag-popularakas-zinas","27":"tag-popularakaszinas","28":"tag-top-stories","29":"tag-topstories","30":"tag-zinas"},"share_on_mastodon":{"url":"https:\/\/pubeurope.com\/@lv\/115865848530018303","error":""},"_links":{"self":[{"href":"https:\/\/www.europesays.com\/lv\/wp-json\/wp\/v2\/posts\/99493","targetHints":{"allow":["GET"]}}],"collection":[{"href":"https:\/\/www.europesays.com\/lv\/wp-json\/wp\/v2\/posts"}],"about":[{"href":"https:\/\/www.europesays.com\/lv\/wp-json\/wp\/v2\/types\/post"}],"author":[{"embeddable":true,"href":"https:\/\/www.europesays.com\/lv\/wp-json\/wp\/v2\/users\/2"}],"replies":[{"embeddable":true,"href":"https:\/\/www.europesays.com\/lv\/wp-json\/wp\/v2\/comments?post=99493"}],"version-history":[{"count":0,"href":"https:\/\/www.europesays.com\/lv\/wp-json\/wp\/v2\/posts\/99493\/revisions"}],"wp:featuredmedia":[{"embeddable":true,"href":"https:\/\/www.europesays.com\/lv\/wp-json\/wp\/v2\/media\/99494"}],"wp:attachment":[{"href":"https:\/\/www.europesays.com\/lv\/wp-json\/wp\/v2\/media?parent=99493"}],"wp:term":[{"taxonomy":"category","embeddable":true,"href":"https:\/\/www.europesays.com\/lv\/wp-json\/wp\/v2\/categories?post=99493"},{"taxonomy":"post_tag","embeddable":true,"href":"https:\/\/www.europesays.com\/lv\/wp-json\/wp\/v2\/tags?post=99493"}],"curies":[{"name":"wp","href":"https:\/\/api.w.org\/{rel}","templated":true}]}}