{"id":9950,"date":"2025-10-01T18:33:09","date_gmt":"2025-10-01T18:33:09","guid":{"rendered":"https:\/\/www.europesays.com\/lv\/9950\/"},"modified":"2025-10-01T18:33:09","modified_gmt":"2025-10-01T18:33:09","slug":"kapec-metju-makonahijs-gadiem-neuzticejas-savai-mammai-atklata-stasta-par-gimenes-atsvesinasanos-un-izligumu-lente-lv","status":"publish","type":"post","link":"https:\/\/www.europesays.com\/lv\/9950\/","title":{"rendered":"K\u0101p\u0113c Metj\u016b Makonahijs gadiem neuztic\u0113j\u0101s savai mammai? Atkl\u0101ta st\u0101sta par \u0123imenes atsve\u0161in\u0101\u0161anos un izl\u012bgumu\u00a0\u2014\u00a0Lente.lv"},"content":{"rendered":"<p>Aktiera Metj\u016b Makonahija un vi\u0146a m\u0101tes saspringt\u0101s attiec\u012bbas<\/p>\n<p>Slavenais aktieris Metj\u016b Makonahijs reiz piedz\u012bvoja gandr\u012bz desmit gadus ilgu atsve\u0161in\u0101\u0161anos no savas m\u0101tes, Kejas Makonehijas. \u0160is saspringtais periods s\u0101k\u0101s aktiera karjeras uzplaukuma d\u0113\u013c, kad vi\u0146a m\u0101te, b\u016bdama lepna par d\u0113la pan\u0101kumiem, m\u0113dza publiski dal\u012bties ar person\u012bg\u0101m deta\u013c\u0101m un st\u0101stiem, ko vi\u0146\u0161 uztic\u0113jis tikai vi\u0146ai.<\/p>\n<p>Uztic\u012bbas plaisa un t\u0101s sekas<\/p>\n<p>\u0160\u012b tendence dal\u012bties ar priv\u0101tu inform\u0101ciju presei rad\u012bja nopietnu uztic\u012bbas plaisu starp m\u0101ti un d\u0113lu. Metj\u016b st\u0101st\u012bja, ka vi\u0146a sarunas ar m\u0101ti k\u013cuva \u012bsas un piesardz\u012bgas, jo vi\u0146\u0161 bie\u017ei vien jau da\u017eas dienas p\u0113c sarunas las\u012bja av\u012bz\u0113s par sav\u0101m priv\u0101taj\u0101m liet\u0101m. \u0160is gandr\u012bz asto\u0146us gadus ilgais periods, ko m\u0101te d\u0113v\u0113 par &#8220;hi\u0101tu&#8221;, piespieda aktieri ierobe\u017eot savu komunik\u0101ciju ar vi\u0146u, lai pasarg\u0101tu savu priv\u0101tumu.<\/p>\n<p>Izl\u012bguma ce\u013c\u0161 un stipr\u0101kas saites<\/p>\n<p>Laika gait\u0101, kad Metj\u016b jut\u0101s stabil\u0101ks sav\u0101 karjer\u0101 un sabiedriskaj\u0101 dz\u012bv\u0113, vi\u0146a perspekt\u012bva main\u012bj\u0101s. Vi\u0146\u0161 saprata, ka vi\u0146a m\u0101tes b\u016bt\u012bba ir dal\u012bties ar st\u0101stiem, un pie\u0146\u0113ma to, \u013caujot vi\u0146ai b\u016bt pa\u0161ai savai. \u0160is pie\u0146\u0113mums un piedo\u0161ana pal\u012bdz\u0113ja p\u0101rb\u016bv\u0113t uztic\u012bbu, un tagad vi\u0146u attiec\u012bbas ir stipr\u0101kas nek\u0101 jebkad agr\u0101k. Aktieris pat ir sadarbojies ar savu m\u0101ti jaunaj\u0101 film\u0101 &#8220;The Lost Bus&#8221;, kur\u0101 piedal\u0101s ar\u012b vi\u0146a d\u0113ls Levi. \u0160is st\u0101sts par piedo\u0161anu un \u0123imenes sai\u0161u atjauno\u0161anu ir iedvesmojo\u0161s piem\u0113rs tam, k\u0101 laiks un izpratne var dzied\u0113t pat dzi\u013c\u0101k\u0101s br\u016bces.<\/p>\n","protected":false},"excerpt":{"rendered":"Aktiera Metj\u016b Makonahija un vi\u0146a m\u0101tes saspringt\u0101s attiec\u012bbas Slavenais aktieris Metj\u016b Makonahijs reiz piedz\u012bvoja gandr\u012bz desmit gadus ilgu&hellip;\n","protected":false},"author":2,"featured_media":9951,"comment_status":"","ping_status":"","sticky":false,"template":"","format":"standard","meta":{"footnotes":""},"categories":[19],"tags":[3825,89,3824,90,3826,3823,35,39,38,36,37,34,40,3822],"class_list":{"0":"post-9950","1":"post","2":"type-post","3":"status-publish","4":"format-standard","5":"has-post-thumbnail","7":"category-izklaide","8":"tag-atsvesinasanas","9":"tag-entertainment","10":"tag-gimenes-attiecibas","11":"tag-izklaide","12":"tag-izligums","13":"tag-keja-makonehija","14":"tag-latvia","15":"tag-latvian","16":"tag-latviesu","17":"tag-latviesu-valoda","18":"tag-latviesuvaloda","19":"tag-latvija","20":"tag-lv","21":"tag-metju-makonahijs"},"share_on_mastodon":{"url":"","error":""},"_links":{"self":[{"href":"https:\/\/www.europesays.com\/lv\/wp-json\/wp\/v2\/posts\/9950","targetHints":{"allow":["GET"]}}],"collection":[{"href":"https:\/\/www.europesays.com\/lv\/wp-json\/wp\/v2\/posts"}],"about":[{"href":"https:\/\/www.europesays.com\/lv\/wp-json\/wp\/v2\/types\/post"}],"author":[{"embeddable":true,"href":"https:\/\/www.europesays.com\/lv\/wp-json\/wp\/v2\/users\/2"}],"replies":[{"embeddable":true,"href":"https:\/\/www.europesays.com\/lv\/wp-json\/wp\/v2\/comments?post=9950"}],"version-history":[{"count":0,"href":"https:\/\/www.europesays.com\/lv\/wp-json\/wp\/v2\/posts\/9950\/revisions"}],"wp:featuredmedia":[{"embeddable":true,"href":"https:\/\/www.europesays.com\/lv\/wp-json\/wp\/v2\/media\/9951"}],"wp:attachment":[{"href":"https:\/\/www.europesays.com\/lv\/wp-json\/wp\/v2\/media?parent=9950"}],"wp:term":[{"taxonomy":"category","embeddable":true,"href":"https:\/\/www.europesays.com\/lv\/wp-json\/wp\/v2\/categories?post=9950"},{"taxonomy":"post_tag","embeddable":true,"href":"https:\/\/www.europesays.com\/lv\/wp-json\/wp\/v2\/tags?post=9950"}],"curies":[{"name":"wp","href":"https:\/\/api.w.org\/{rel}","templated":true}]}}